{"id":118717,"date":"2020-10-19T18:59:54","date_gmt":"2020-10-19T21:59:54","guid":{"rendered":"http:\/\/www.hoymercedes.com.ar\/principal\/?p=118717"},"modified":"2020-10-19T11:24:47","modified_gmt":"2020-10-19T14:24:47","slug":"victoria-para-lescano-empate-para-malano-y-biglia-derrota-para-silvestre-en-europa","status":"publish","type":"post","link":"https:\/\/www.hoymercedes.com.ar\/principal\/2020\/10\/19\/victoria-para-lescano-empate-para-malano-y-biglia-derrota-para-silvestre-en-europa\/","title":{"rendered":"Victoria para Lescano, empate para Malano y Biglia, derrota para Silvestre en Europa"},"content":{"rendered":"\n<p>Todos los encuentros con mercedinos en cancha se jugaron en la ma\u00f1ana de este domingo en Europa y los resultados fueron dispares para los futbolistas. En Italia, por la quinta fecha del Grupo B de la Serie C, Sambenedettese, con goles de Maxi L\u00f3pez y Ruben Botta, venci\u00f3 2 a 0 a Montovia. Facundo Lescano ingres\u00f3 en los \u00faltimos minutos.<\/p>\n\n\n\n<figure class=\"wp-block-image size-large\"><img loading=\"lazy\" decoding=\"async\" width=\"1024\" height=\"576\" data-attachment-id=\"118743\" data-permalink=\"https:\/\/www.hoymercedes.com.ar\/principal\/2020\/10\/19\/victoria-para-lescano-empate-para-malano-y-biglia-derrota-para-silvestre-en-europa\/matias-silvestre-mouscron-2\/#main\" data-orig-file=\"https:\/\/www.hoymercedes.com.ar\/principal\/wp-content\/uploads\/2020\/10\/Matias-Silvestre-Mouscron.jpg\" data-orig-size=\"1190,669\" data-comments-opened=\"0\" data-image-meta=\"{&quot;aperture&quot;:&quot;0&quot;,&quot;credit&quot;:&quot;&quot;,&quot;camera&quot;:&quot;&quot;,&quot;caption&quot;:&quot;&quot;,&quot;created_timestamp&quot;:&quot;0&quot;,&quot;copyright&quot;:&quot;&quot;,&quot;focal_length&quot;:&quot;0&quot;,&quot;iso&quot;:&quot;0&quot;,&quot;shutter_speed&quot;:&quot;0&quot;,&quot;title&quot;:&quot;&quot;,&quot;orientation&quot;:&quot;0&quot;}\" data-image-title=\"Matias-Silvestre-Mouscron\" data-image-description=\"\" data-image-caption=\"\" data-large-file=\"https:\/\/www.hoymercedes.com.ar\/principal\/wp-content\/uploads\/2020\/10\/Matias-Silvestre-Mouscron-1024x576.jpg\" src=\"https:\/\/www.hoymercedes.com.ar\/principal\/wp-content\/uploads\/2020\/10\/Matias-Silvestre-Mouscron-1024x576.jpg\" alt=\"\" class=\"wp-image-118743\" srcset=\"https:\/\/www.hoymercedes.com.ar\/principal\/wp-content\/uploads\/2020\/10\/Matias-Silvestre-Mouscron-1024x576.jpg 1024w, https:\/\/www.hoymercedes.com.ar\/principal\/wp-content\/uploads\/2020\/10\/Matias-Silvestre-Mouscron-630x354.jpg 630w, https:\/\/www.hoymercedes.com.ar\/principal\/wp-content\/uploads\/2020\/10\/Matias-Silvestre-Mouscron-150x84.jpg 150w, https:\/\/www.hoymercedes.com.ar\/principal\/wp-content\/uploads\/2020\/10\/Matias-Silvestre-Mouscron.jpg 1190w\" sizes=\"auto, (max-width: 1024px) 100vw, 1024px\" \/><\/figure>\n\n\n\n<p>Valletta FC empat\u00f3 1 a 1 con Hibernians y Santiago Malano fue titular para un equipo que dej\u00f3 puntos por primera vez en cuatro fechas. Su equipo comenz\u00f3 ganando, pero no pudo sostener la ventaja. Lo mismo le ocurri\u00f3 a Karagumruk, donde juega Lucas Biglia, quien venc\u00eda 1 a 0 y termin\u00f3 el partido empatado. El volante ex Selecci\u00f3n Argentina sigue siendo el capit\u00e1n del equipo.<\/p>\n\n\n\n<p>El que sigue de capa ca\u00edda es Mat\u00edas Silvestre, quien tambi\u00e9n fue titular en Excel Mouscr\u00f3n, que sigue sin ganar. Esta vez perdi\u00f3 2 a 0 ante Eupen y sigue \u00faltimo en B\u00e9lgica.<\/p>\n","protected":false},"excerpt":{"rendered":"<p>Todos los encuentros con mercedinos en cancha se jugaron en la ma\u00f1ana de este domingo en Europa y los resultados &#8230; <a title=\"Victoria para Lescano, empate para Malano y Biglia, derrota para Silvestre en Europa\" class=\"read-more\" href=\"https:\/\/www.hoymercedes.com.ar\/principal\/2020\/10\/19\/victoria-para-lescano-empate-para-malano-y-biglia-derrota-para-silvestre-en-europa\/\" aria-label=\"Leer m\u00e1s sobre Victoria para Lescano, empate para Malano y Biglia, derrota para Silvestre en Europa\">Leer m\u00e1s<\/a><\/p>\n","protected":false},"author":1,"featured_media":118743,"comment_status":"closed","ping_status":"open","sticky":false,"template":"","format":"standard","meta":{"_monsterinsights_skip_tracking":false,"_monsterinsights_sitenote_active":false,"_monsterinsights_sitenote_note":"","_monsterinsights_sitenote_category":0,"jetpack_post_was_ever_published":false,"_jetpack_newsletter_access":"","_jetpack_dont_email_post_to_subs":false,"_jetpack_newsletter_tier_id":0,"_jetpack_memberships_contains_paywalled_content":false,"_jetpack_memberships_contains_paid_content":false,"footnotes":"","jetpack_publicize_message":"","jetpack_publicize_feature_enabled":true,"jetpack_social_post_already_shared":true,"jetpack_social_options":{"image_generator_settings":{"template":"highway","default_image_id":0,"font":"","enabled":false},"version":2},"_wpas_customize_per_network":false},"categories":[21],"tags":[10839],"class_list":["post-118717","post","type-post","status-publish","format-standard","has-post-thumbnail","hentry","category-deportes","tag-lucar-biglia","generate-columns","tablet-grid-50","mobile-grid-100","grid-parent","grid-50"],"jetpack_publicize_connections":[],"jetpack_featured_media_url":"https:\/\/www.hoymercedes.com.ar\/principal\/wp-content\/uploads\/2020\/10\/Matias-Silvestre-Mouscron.jpg","wps_subtitle":"La Legi\u00f3n","jetpack_sharing_enabled":true,"_links":{"self":[{"href":"https:\/\/www.hoymercedes.com.ar\/principal\/wp-json\/wp\/v2\/posts\/118717","targetHints":{"allow":["GET"]}}],"collection":[{"href":"https:\/\/www.hoymercedes.com.ar\/principal\/wp-json\/wp\/v2\/posts"}],"about":[{"href":"https:\/\/www.hoymercedes.com.ar\/principal\/wp-json\/wp\/v2\/types\/post"}],"author":[{"embeddable":true,"href":"https:\/\/www.hoymercedes.com.ar\/principal\/wp-json\/wp\/v2\/users\/1"}],"replies":[{"embeddable":true,"href":"https:\/\/www.hoymercedes.com.ar\/principal\/wp-json\/wp\/v2\/comments?post=118717"}],"version-history":[{"count":0,"href":"https:\/\/www.hoymercedes.com.ar\/principal\/wp-json\/wp\/v2\/posts\/118717\/revisions"}],"wp:featuredmedia":[{"embeddable":true,"href":"https:\/\/www.hoymercedes.com.ar\/principal\/wp-json\/wp\/v2\/media\/118743"}],"wp:attachment":[{"href":"https:\/\/www.hoymercedes.com.ar\/principal\/wp-json\/wp\/v2\/media?parent=118717"}],"wp:term":[{"taxonomy":"category","embeddable":true,"href":"https:\/\/www.hoymercedes.com.ar\/principal\/wp-json\/wp\/v2\/categories?post=118717"},{"taxonomy":"post_tag","embeddable":true,"href":"https:\/\/www.hoymercedes.com.ar\/principal\/wp-json\/wp\/v2\/tags?post=118717"}],"curies":[{"name":"wp","href":"https:\/\/api.w.org\/{rel}","templated":true}]}}