{"id":11873,"date":"2012-03-29T16:48:02","date_gmt":"2012-03-29T16:48:02","guid":{"rendered":"http:\/\/www.hoymercedes.com.ar\/principal\/?p=11873"},"modified":"2012-03-29T16:48:02","modified_gmt":"2012-03-29T16:48:02","slug":"fmv-invita-acto-homenaje-ex-combatiente-malvinas","status":"publish","type":"post","link":"https:\/\/www.hoymercedes.com.ar\/principal\/2012\/03\/29\/fmv-invita-acto-homenaje-ex-combatiente-malvinas\/","title":{"rendered":"FMV invita acto homenaje ex combatiente Malvinas"},"content":{"rendered":"<p><a href=\"https:\/\/www.hoymercedes.com.ar\/principal\/wp-content\/uploads\/2012\/03\/Malvinas-FMPV.jpg\"><img loading=\"lazy\" decoding=\"async\" data-attachment-id=\"11875\" data-permalink=\"https:\/\/www.hoymercedes.com.ar\/principal\/2012\/03\/29\/fmv-invita-acto-homenaje-ex-combatiente-malvinas\/malvinas-fmpv\/#main\" data-orig-file=\"https:\/\/www.hoymercedes.com.ar\/principal\/wp-content\/uploads\/2012\/03\/Malvinas-FMPV.jpg\" data-orig-size=\"612,755\" data-comments-opened=\"1\" data-image-meta=\"{&quot;aperture&quot;:&quot;0&quot;,&quot;credit&quot;:&quot;&quot;,&quot;camera&quot;:&quot;&quot;,&quot;caption&quot;:&quot;&quot;,&quot;created_timestamp&quot;:&quot;0&quot;,&quot;copyright&quot;:&quot;&quot;,&quot;focal_length&quot;:&quot;0&quot;,&quot;iso&quot;:&quot;0&quot;,&quot;shutter_speed&quot;:&quot;0&quot;,&quot;title&quot;:&quot;&quot;}\" data-image-title=\"Malvinas-FMPV\" data-image-description=\"\" data-image-caption=\"\" data-large-file=\"https:\/\/www.hoymercedes.com.ar\/principal\/wp-content\/uploads\/2012\/03\/Malvinas-FMPV.jpg\" class=\"aligncenter size-full wp-image-11875\" title=\"Malvinas-FMPV\" src=\"https:\/\/www.hoymercedes.com.ar\/principal\/wp-content\/uploads\/2012\/03\/Malvinas-FMPV.jpg\" alt=\"\" width=\"612\" height=\"755\" srcset=\"https:\/\/www.hoymercedes.com.ar\/principal\/wp-content\/uploads\/2012\/03\/Malvinas-FMPV.jpg 612w, https:\/\/www.hoymercedes.com.ar\/principal\/wp-content\/uploads\/2012\/03\/Malvinas-FMPV-502x620.jpg 502w\" sizes=\"auto, (max-width: 612px) 100vw, 612px\" \/><\/a><\/p>\n<p>El pr\u00f3ximo s\u00e1bado a partir de las 17 horas, el Frente Mercedino para la Victoria y la C\u00e1mpora Mercedes invitan a participar del homenaje que se le har\u00e1 a los ex combatientes mercedinos en el marco del trig\u00e9simo aniversario de la guerra de Malvinas, en la Sociedad de Fomento del Barrio San Jos\u00e9, calle 50 entre 19 y 21. Habr\u00e1 peri\u00f3dicos de la \u00e9poca, se proyectar\u00e1n cortometrajes y habr\u00e1 una charla-debate con ex combatientes de nuestra ciudad.<\/p>\n<p>En el homenaje a los ex combatientes bajo el lema \u201cTenemos h\u00e9roes, tenemos patria. Queremos paz y soberan\u00eda\u201d, se reflexionar\u00e1 sobre la causa Malvinas en el contexto de la historia de nuestro pa\u00eds, a cargo del profesor Sergio Carini.<\/p>\n<p>Tambi\u00e9n se expondr\u00e1n algunas tapas de los principales diarios desde el comienzo hasta el final de la guerra, en donde se ver\u00e1 evidenciada la contradicci\u00f3n de lo que se comunicaba a los argentinos y lo que realmente suced\u00eda en las islas y con nuestros soldados, mostrando la desinformaci\u00f3n de los medios de comunicaci\u00f3n c\u00f3mplices de la \u00faltima dictadura militar.<\/p>\n<p>Se proyectar\u00e1n el cap\u00edtulo \u00abLos ni\u00f1os que escriben en el cielo\u00bb de la serie Lo que el tiempo nos dej\u00f3 de Telefe y el cortometraje \u00abGuarisover\u00bb de Bruno Stagnaro.<\/p>\n<p>Luego se dar\u00e1 lugar a una charla-debate con algunos ex combatientes, a quienes el p\u00fablico podr\u00e1 hacerle preguntas y con quienes se debatir\u00e1 sobre este oscuro cap\u00edtulo de la historia argentina. La coordinaci\u00f3n del debate estar\u00e1 a cargo del ex combatiente Marcelo De Cunto.<\/p>\n","protected":false},"excerpt":{"rendered":"<p>El pr\u00f3ximo s\u00e1bado a partir de las 17 horas, el Frente Mercedino para la Victoria y la C\u00e1mpora Mercedes invitan &#8230; <a title=\"FMV invita acto homenaje ex combatiente Malvinas\" class=\"read-more\" href=\"https:\/\/www.hoymercedes.com.ar\/principal\/2012\/03\/29\/fmv-invita-acto-homenaje-ex-combatiente-malvinas\/\" aria-label=\"Leer m\u00e1s sobre FMV invita acto homenaje ex combatiente Malvinas\">Leer m\u00e1s<\/a><\/p>\n","protected":false},"author":1,"featured_media":0,"comment_status":"open","ping_status":"open","sticky":false,"template":"","format":"standard","meta":{"_monsterinsights_skip_tracking":false,"_monsterinsights_sitenote_active":false,"_monsterinsights_sitenote_note":"","_monsterinsights_sitenote_category":0,"jetpack_post_was_ever_published":false,"_jetpack_newsletter_access":"","_jetpack_dont_email_post_to_subs":false,"_jetpack_newsletter_tier_id":0,"_jetpack_memberships_contains_paywalled_content":false,"_jetpack_memberships_contains_paid_content":false,"footnotes":"","jetpack_publicize_message":"","jetpack_publicize_feature_enabled":true,"jetpack_social_post_already_shared":false,"jetpack_social_options":{"image_generator_settings":{"template":"highway","default_image_id":0,"font":"","enabled":false},"version":2},"_wpas_customize_per_network":false},"categories":[5],"tags":[2004,379],"class_list":["post-11873","post","type-post","status-publish","format-standard","hentry","category-politica","tag-acto-malvinas","tag-frente-mercedino-para-la-victoria","generate-columns","tablet-grid-50","mobile-grid-100","grid-parent","grid-50"],"jetpack_publicize_connections":[],"jetpack_featured_media_url":"","wps_subtitle":"","jetpack_sharing_enabled":true,"_links":{"self":[{"href":"https:\/\/www.hoymercedes.com.ar\/principal\/wp-json\/wp\/v2\/posts\/11873","targetHints":{"allow":["GET"]}}],"collection":[{"href":"https:\/\/www.hoymercedes.com.ar\/principal\/wp-json\/wp\/v2\/posts"}],"about":[{"href":"https:\/\/www.hoymercedes.com.ar\/principal\/wp-json\/wp\/v2\/types\/post"}],"author":[{"embeddable":true,"href":"https:\/\/www.hoymercedes.com.ar\/principal\/wp-json\/wp\/v2\/users\/1"}],"replies":[{"embeddable":true,"href":"https:\/\/www.hoymercedes.com.ar\/principal\/wp-json\/wp\/v2\/comments?post=11873"}],"version-history":[{"count":0,"href":"https:\/\/www.hoymercedes.com.ar\/principal\/wp-json\/wp\/v2\/posts\/11873\/revisions"}],"wp:attachment":[{"href":"https:\/\/www.hoymercedes.com.ar\/principal\/wp-json\/wp\/v2\/media?parent=11873"}],"wp:term":[{"taxonomy":"category","embeddable":true,"href":"https:\/\/www.hoymercedes.com.ar\/principal\/wp-json\/wp\/v2\/categories?post=11873"},{"taxonomy":"post_tag","embeddable":true,"href":"https:\/\/www.hoymercedes.com.ar\/principal\/wp-json\/wp\/v2\/tags?post=11873"}],"curies":[{"name":"wp","href":"https:\/\/api.w.org\/{rel}","templated":true}]}}