{"id":118770,"date":"2020-10-19T16:31:26","date_gmt":"2020-10-19T19:31:26","guid":{"rendered":"http:\/\/www.hoymercedes.com.ar\/principal\/?p=118770"},"modified":"2020-10-19T16:31:43","modified_gmt":"2020-10-19T19:31:43","slug":"encuentro-virtual-con-la-asociacion-incluir","status":"publish","type":"post","link":"https:\/\/www.hoymercedes.com.ar\/principal\/2020\/10\/19\/encuentro-virtual-con-la-asociacion-incluir\/","title":{"rendered":"Encuentro Virtual con la Asociaci\u00f3n INCLUIR"},"content":{"rendered":"\n<p>El viernes 16 por la tarde fue un territorio de encuentros y emociones. Fuimos convocados por el Programa \u00abAprendizaje de y en Autogesti\u00f3n\u00bb, encuadrados en la Univ. Nac. de San Mart\u00edn. <\/p>\n\n\n\n<p>Junto a Lucrecia Mancelli (EFAs-Chaco) y Cicero da Silva (EFAs Brasil) recorrimos trayectorias de vida que se enlazaron permanentemente a la pedagog\u00eda de la alternancia.<\/p>\n\n\n\n<p>Lucrecia nos trajo el recuerdo de una familia ligada a lo rural en su querido Chaco profundo y a sus padres amantes del campo, las radios comunitarias y las escuelas rurales primarias. Ella naci\u00f3 con la creaci\u00f3n de las EFAS santafesinas, en un lejano 1969. Construy\u00f3 una vida de esfuerzo y dedicaci\u00f3n, -que compartimos con los CEPT en los a\u00f1os \u00b490- y estudios, que le permiti\u00f3 volver a su terru\u00f1o para trabajar junto a las familias Banquineras (campesinos trabajadores de las banquinas), que luchan siempre por acceder a un pedazo de tierra para labrarlas. Siempre claro, en el marco de las Escuelas de la Familia Agraria.<\/p>\n\n\n\n<p>Cicero da Silva, oriundo de Martin\u00f3polis, en el norte brasilero, en el seno de una familia de 9 hermanos, de padres campesinos sin tierra, trabajadores humildes pero convencidos de la importancia de formarse para poder ser libres y colaborar con la formaci\u00f3n de nuevas generaciones.<\/p>\n\n\n\n<p>As\u00ed, Cicero, logra recibirse en la Universidad de Tocantins e ingresar como monitor de varias EFAs de su regi\u00f3n para llegar hoy a ser profesor universitario, investigador y formador de futuros monitores. Un logro individual que impulsa logros colectivos.Y finalmente yo, Oscar Dinova, que en compa\u00f1\u00eda de mis compa\u00f1eros y amigos, Norberto, Fernando, Laura, Stella y Gisela, Alicia y Maril\u00edn, describ\u00ed un largo periplo que comenz\u00f3 en 1988 con la creaci\u00f3n del Cept N\u00b02 de S.A de Giles y culmin\u00f3 en el Cept N\u00b0 17 de Ireneo Portela, en 2011. En el \u00ednterin, un riqu\u00edsimo per\u00edodo de 6 a\u00f1os, entre 1995 y 2000 de promoci\u00f3n de escuelas de alternancia en Jujuy, Corrientes y Chaco. <\/p>\n\n\n\n<p>Comunidades movilizadas, funcionarios comprometidos y monitores de varias provincias colaborando en la apertura de escuelas asentadas en una de las pedagog\u00edas m\u00e1s creativas, liberadoras y solidarias que hemos tenido la suerte de haber conocido y forma parte; la alternancia.<\/p>\n\n\n\n<p>Una nutrida y c\u00e1lida concurrencia tuvo esta Charla. Entusiastas participantes que dialogaron y se emocionaron junto a nosotros, creando un \u00e1mbito de escucha inmejorable. <\/p>\n\n\n\n<p>Muchas gracias Amalia Miano y Joaqu\u00edn Rotman, sus compa\u00f1eros e instituciones involucradas en la organizaci\u00f3n de estos encuentros. Ellos fortalecen lazos ya existentes, redescubren y originan redes que nos estimulan a continuar en este esfuerzo social y educativo, m\u00e1s all\u00e1 de toda frontera y venciendo los obst\u00e1culos y limitaciones a que las realidades nos enfrentan.<\/p>\n\n\n\n<p>Nos vemos en la pr\u00f3xima, seguramente.<\/p>\n\n\n\n<p>Por Oscar Dinova<\/p>\n","protected":false},"excerpt":{"rendered":"<p>El viernes 16 por la tarde fue un territorio de encuentros y emociones. Fuimos convocados por el Programa \u00abAprendizaje de &#8230; <a title=\"Encuentro Virtual con la Asociaci\u00f3n INCLUIR\" class=\"read-more\" href=\"https:\/\/www.hoymercedes.com.ar\/principal\/2020\/10\/19\/encuentro-virtual-con-la-asociacion-incluir\/\" aria-label=\"Leer m\u00e1s sobre Encuentro Virtual con la Asociaci\u00f3n INCLUIR\">Leer m\u00e1s<\/a><\/p>\n","protected":false},"author":1,"featured_media":118771,"comment_status":"closed","ping_status":"open","sticky":false,"template":"","format":"standard","meta":{"_monsterinsights_skip_tracking":false,"_monsterinsights_sitenote_active":false,"_monsterinsights_sitenote_note":"","_monsterinsights_sitenote_category":0,"jetpack_post_was_ever_published":false,"_jetpack_newsletter_access":"","_jetpack_dont_email_post_to_subs":false,"_jetpack_newsletter_tier_id":0,"_jetpack_memberships_contains_paywalled_content":false,"_jetpack_memberships_contains_paid_content":false,"footnotes":"","jetpack_publicize_message":"","jetpack_publicize_feature_enabled":true,"jetpack_social_post_already_shared":true,"jetpack_social_options":{"image_generator_settings":{"template":"highway","default_image_id":0,"font":"","enabled":false},"version":2},"_wpas_customize_per_network":false},"categories":[8],"tags":[],"class_list":["post-118770","post","type-post","status-publish","format-standard","has-post-thumbnail","hentry","category-sociedad","generate-columns","tablet-grid-50","mobile-grid-100","grid-parent","grid-50"],"jetpack_publicize_connections":[],"jetpack_featured_media_url":"https:\/\/www.hoymercedes.com.ar\/principal\/wp-content\/uploads\/2020\/10\/19-dinova.jpg","wps_subtitle":"Charlas de Vida en Alternancia ","jetpack_sharing_enabled":true,"_links":{"self":[{"href":"https:\/\/www.hoymercedes.com.ar\/principal\/wp-json\/wp\/v2\/posts\/118770","targetHints":{"allow":["GET"]}}],"collection":[{"href":"https:\/\/www.hoymercedes.com.ar\/principal\/wp-json\/wp\/v2\/posts"}],"about":[{"href":"https:\/\/www.hoymercedes.com.ar\/principal\/wp-json\/wp\/v2\/types\/post"}],"author":[{"embeddable":true,"href":"https:\/\/www.hoymercedes.com.ar\/principal\/wp-json\/wp\/v2\/users\/1"}],"replies":[{"embeddable":true,"href":"https:\/\/www.hoymercedes.com.ar\/principal\/wp-json\/wp\/v2\/comments?post=118770"}],"version-history":[{"count":0,"href":"https:\/\/www.hoymercedes.com.ar\/principal\/wp-json\/wp\/v2\/posts\/118770\/revisions"}],"wp:featuredmedia":[{"embeddable":true,"href":"https:\/\/www.hoymercedes.com.ar\/principal\/wp-json\/wp\/v2\/media\/118771"}],"wp:attachment":[{"href":"https:\/\/www.hoymercedes.com.ar\/principal\/wp-json\/wp\/v2\/media?parent=118770"}],"wp:term":[{"taxonomy":"category","embeddable":true,"href":"https:\/\/www.hoymercedes.com.ar\/principal\/wp-json\/wp\/v2\/categories?post=118770"},{"taxonomy":"post_tag","embeddable":true,"href":"https:\/\/www.hoymercedes.com.ar\/principal\/wp-json\/wp\/v2\/tags?post=118770"}],"curies":[{"name":"wp","href":"https:\/\/api.w.org\/{rel}","templated":true}]}}