{"id":11878,"date":"2012-03-30T11:49:00","date_gmt":"2012-03-30T11:49:00","guid":{"rendered":"http:\/\/www.hoymercedes.com.ar\/principal\/?p=11878"},"modified":"2012-03-30T11:49:00","modified_gmt":"2012-03-30T11:49:00","slug":"solicitan-eximir-del-pago-de-ioma-a-ex-combatientes-de-malvinas","status":"publish","type":"post","link":"https:\/\/www.hoymercedes.com.ar\/principal\/2012\/03\/30\/solicitan-eximir-del-pago-de-ioma-a-ex-combatientes-de-malvinas\/","title":{"rendered":"Solicitan eximir del pago de IOMA a ex combatientes de Malvinas"},"content":{"rendered":"<p>El Senador Santiago Nino, a trav\u00e9s de un Proyecto de Ley, solicit\u00f3 al Ejecutivo Provincial brindarle a los ex combatientes de Malvinas beneficios en cuanto al pago de IOMA.<\/p>\n<p>La iniciativa del Legislador Radical, se pondr\u00e1 en marcha en el \u00e1mbito de la Provincia de Buenos Aires a trav\u00e9s de un tr\u00e1mite de inscripci\u00f3n previa en un padr\u00f3n que de constancia a su prestaci\u00f3n de servicio entre el 2 de abril y el 14 de junio de 1982.<\/p>\n<p>En los fundamentos del Proyecto, el Legislador radical consider\u00f3 que \u201cla intenci\u00f3n es que los ex combatientes que residen en nuestra Provincia tengan un reconocimiento por el sacrificio y valor que demostraron. Estamos hablando de verdaderos patriotas, ellos defendieron la bandera nacional ante la adversidad, fueron a combate sin los recursos suficientes. Hoy es nuestra obligaci\u00f3n cubrir el amplio espectro de secuelas posteriores a un conflicto armado tanto para ex combatientes y tambi\u00e9n incorporar a sus familiares en esta norma\u201d.<\/p>\n<p>A modo de cierre, Santiago Nino expres\u00f3 \u201cesta iniciativa pretende condonar la deuda que se genere a futuro en concepto de pago de cobertura medica asistencial para los ex combatientes. Esperamos que el Gobernador Scioli tenga un reconocimiento en este sentido, estamos hablando de hermanos y compatriotas que tuvieron la enorme responsabilidad de ir a una guerra para defender a nuestro pa\u00eds\u201d<\/p>\n","protected":false},"excerpt":{"rendered":"<p>El Senador Santiago Nino, a trav\u00e9s de un Proyecto de Ley, solicit\u00f3 al Ejecutivo Provincial brindarle a los ex combatientes &#8230; <a title=\"Solicitan eximir del pago de IOMA a ex combatientes de Malvinas\" class=\"read-more\" href=\"https:\/\/www.hoymercedes.com.ar\/principal\/2012\/03\/30\/solicitan-eximir-del-pago-de-ioma-a-ex-combatientes-de-malvinas\/\" aria-label=\"Leer m\u00e1s sobre Solicitan eximir del pago de IOMA a ex combatientes de Malvinas\">Leer m\u00e1s<\/a><\/p>\n","protected":false},"author":1,"featured_media":0,"comment_status":"open","ping_status":"open","sticky":false,"template":"","format":"standard","meta":{"_monsterinsights_skip_tracking":false,"_monsterinsights_sitenote_active":false,"_monsterinsights_sitenote_note":"","_monsterinsights_sitenote_category":0,"jetpack_post_was_ever_published":false,"_jetpack_newsletter_access":"","_jetpack_dont_email_post_to_subs":false,"_jetpack_newsletter_tier_id":0,"_jetpack_memberships_contains_paywalled_content":false,"_jetpack_memberships_contains_paid_content":false,"footnotes":"","jetpack_publicize_message":"","jetpack_publicize_feature_enabled":true,"jetpack_social_post_already_shared":false,"jetpack_social_options":{"image_generator_settings":{"template":"highway","default_image_id":0,"font":"","enabled":false},"version":2},"_wpas_customize_per_network":false},"categories":[5],"tags":[326,1909],"class_list":["post-11878","post","type-post","status-publish","format-standard","hentry","category-politica","tag-malvinas","tag-santiago-nino","generate-columns","tablet-grid-50","mobile-grid-100","grid-parent","grid-50"],"jetpack_publicize_connections":[],"jetpack_featured_media_url":"","wps_subtitle":"","jetpack_sharing_enabled":true,"_links":{"self":[{"href":"https:\/\/www.hoymercedes.com.ar\/principal\/wp-json\/wp\/v2\/posts\/11878","targetHints":{"allow":["GET"]}}],"collection":[{"href":"https:\/\/www.hoymercedes.com.ar\/principal\/wp-json\/wp\/v2\/posts"}],"about":[{"href":"https:\/\/www.hoymercedes.com.ar\/principal\/wp-json\/wp\/v2\/types\/post"}],"author":[{"embeddable":true,"href":"https:\/\/www.hoymercedes.com.ar\/principal\/wp-json\/wp\/v2\/users\/1"}],"replies":[{"embeddable":true,"href":"https:\/\/www.hoymercedes.com.ar\/principal\/wp-json\/wp\/v2\/comments?post=11878"}],"version-history":[{"count":0,"href":"https:\/\/www.hoymercedes.com.ar\/principal\/wp-json\/wp\/v2\/posts\/11878\/revisions"}],"wp:attachment":[{"href":"https:\/\/www.hoymercedes.com.ar\/principal\/wp-json\/wp\/v2\/media?parent=11878"}],"wp:term":[{"taxonomy":"category","embeddable":true,"href":"https:\/\/www.hoymercedes.com.ar\/principal\/wp-json\/wp\/v2\/categories?post=11878"},{"taxonomy":"post_tag","embeddable":true,"href":"https:\/\/www.hoymercedes.com.ar\/principal\/wp-json\/wp\/v2\/tags?post=11878"}],"curies":[{"name":"wp","href":"https:\/\/api.w.org\/{rel}","templated":true}]}}