{"id":118782,"date":"2020-10-19T22:06:17","date_gmt":"2020-10-20T01:06:17","guid":{"rendered":"http:\/\/www.hoymercedes.com.ar\/principal\/?p=118782"},"modified":"2020-10-21T17:33:13","modified_gmt":"2020-10-21T20:33:13","slug":"coronavirus-se-suman-15-pacientes-como-casos-positivos","status":"publish","type":"post","link":"https:\/\/www.hoymercedes.com.ar\/principal\/2020\/10\/19\/coronavirus-se-suman-15-pacientes-como-casos-positivos\/","title":{"rendered":"Coronavirus:  Se suman 15 pacientes como casos positivos"},"content":{"rendered":"\n<p>El informe oficial en Mercedes confirman nuevos 15 casos positivos de covid-19. La ciudad confirm\u00f3 desde el inicio de la pandemia en el pa\u00eds casi 1500 positivos. <\/p>\n\n\n\n<div class=\"wp-block-image\"><figure class=\"aligncenter size-large\"><img loading=\"lazy\" decoding=\"async\" width=\"800\" height=\"800\" data-attachment-id=\"118783\" data-permalink=\"https:\/\/www.hoymercedes.com.ar\/principal\/2020\/10\/19\/coronavirus-se-suman-15-pacientes-como-casos-positivos\/whatsapp-image-2020-10-19-at-21-53-15\/#main\" data-orig-file=\"https:\/\/www.hoymercedes.com.ar\/principal\/wp-content\/uploads\/2020\/10\/WhatsApp-Image-2020-10-19-at-21.53.15.jpeg\" data-orig-size=\"800,800\" data-comments-opened=\"0\" data-image-meta=\"{&quot;aperture&quot;:&quot;0&quot;,&quot;credit&quot;:&quot;&quot;,&quot;camera&quot;:&quot;&quot;,&quot;caption&quot;:&quot;&quot;,&quot;created_timestamp&quot;:&quot;0&quot;,&quot;copyright&quot;:&quot;&quot;,&quot;focal_length&quot;:&quot;0&quot;,&quot;iso&quot;:&quot;0&quot;,&quot;shutter_speed&quot;:&quot;0&quot;,&quot;title&quot;:&quot;&quot;,&quot;orientation&quot;:&quot;0&quot;}\" data-image-title=\"WhatsApp Image 2020-10-19 at 21.53.15\" data-image-description=\"\" data-image-caption=\"\" data-large-file=\"https:\/\/www.hoymercedes.com.ar\/principal\/wp-content\/uploads\/2020\/10\/WhatsApp-Image-2020-10-19-at-21.53.15.jpeg\" src=\"https:\/\/www.hoymercedes.com.ar\/principal\/wp-content\/uploads\/2020\/10\/WhatsApp-Image-2020-10-19-at-21.53.15.jpeg\" alt=\"\" class=\"wp-image-118783\" srcset=\"https:\/\/www.hoymercedes.com.ar\/principal\/wp-content\/uploads\/2020\/10\/WhatsApp-Image-2020-10-19-at-21.53.15.jpeg 800w, https:\/\/www.hoymercedes.com.ar\/principal\/wp-content\/uploads\/2020\/10\/WhatsApp-Image-2020-10-19-at-21.53.15-620x620.jpeg 620w, https:\/\/www.hoymercedes.com.ar\/principal\/wp-content\/uploads\/2020\/10\/WhatsApp-Image-2020-10-19-at-21.53.15-150x150.jpeg 150w\" sizes=\"auto, (max-width: 800px) 100vw, 800px\" \/><\/figure><\/div>\n\n\n\n<p>El informe expresa: <\/p>\n\n\n\n<p>\u00abEn el d\u00eda de la fecha el Laboratorio de Virolog\u00eda Molecular Municipal por medio de los procesos cient\u00edficos que lleva adelante cotidianamente confirm\u00f3 15 nuevos casos para covid. <br>Al d\u00eda de la fecha tenemos 226 casos activos con 19 altas m\u00e9dicas. <br>Por su parte 1498 casos se registraron desde iniciada la pandemia con 1247 pacientes recuperados del virus. <br>En cuanto al Centro de Aislamiento Sanitario II con todas las normas socio sanitarias y un fuerte trabajo de Salud, Protecci\u00f3n Civil, SAME, Seguridad, Desarrollo Social y Servicios P\u00fablicos no tiene pacientes alojados, aislados y monitoreados.\u00bb<\/p>\n\n\n\n<p><\/p>\n\n\n\n<p><strong>Informe nacional<\/strong><\/p>\n\n\n\n<p>Hoy fueron confirmados 12.982 nuevos casos de COVID-19. Con estos registros, suman 1.002.662 positivos en el pa\u00eds, de los cuales 803.965 son pacientes recuperados y 159.695 son casos confirmados activos. En las \u00faltimas 24 hs fueron realizados 28.395 testeos y desde el inicio del brote se realizaron 2.626.406* pruebas diagn\u00f3sticas para esta enfermedad, lo que equivale a 57.880 muestras por mill\u00f3n de habitantes.<\/p>\n\n\n\n<p>En el d\u00eda de la fecha, se incorporan a la base de datos de testeos, todos aquellos test realizados y notificados al sistema nacional de vigilancia reportados por otros actores del sistema (distintos a los laboratorios bioqu\u00edmicos) que hayan arrojado resultados negativos. Se incluyen entonces todos los test de PCR y de ant\u00edgenos, que se hayan realizado tanto en casos sospechosos, como en otras situaciones tales como contactos estrechos asintom\u00e1ticos, exigidos como requisitos para ingreso a distintas jurisdicciones, prequir\u00fargicos, etc. hasta el momento no incluidos. Todos aqu\u00e9llos que hayan arrojado resultados \u201cpositivos\u201d en cualquier situaci\u00f3n, han sido debidamente contabilizados como casos confirmados en el momento del diagn\u00f3stico, y se encuentran notificados como tales.<\/p>\n\n\n\n<p>Detalle por provincia (N\u00ba de confirmados | N\u00ba de acumulados): Buenos Aires 4.206 | 502.457 Ciudad de Buenos Aires 557 | 140.527 Catamarca 12 | 492 Chaco 185 | 11.848 Chubut 220 | 9.262 C\u00f3rdoba 1.668 | 64.579 Corrientes 122 | 2100 Entre R\u00edos 258 | 11.692 Formosa 6 | 144 Jujuy 51 | 17.285 La Pampa 92 | 1.710 La Rioja 65 | 6.624 Mendoza 744 | 37.846 Misiones -6 | 197 Neuqu\u00e9n 271 | 15.354 R\u00edo Negro 207 | 19.418 Salta 80 | 16.464 San Juan 10 | 1.302 San Luis 277 | 3.614 Santa Cruz 138 | 7.405 Santa Fe 2.050 | 80.873 Santiago del Estero 145 | 6.960 Tierra del Fuego* 238 | 8.386 y Tucum\u00e1n 1386 | 36.123<\/p>\n\n\n\n<p>En las \u00faltimas 24 horas, se notificaron 451 nuevas muertes, son 251 hombres y 198 mujeres. Al momento la cantidad de personas fallecidas es 26.716. Dos personas residentes en la provincia de Buenos Aires y la Ciudad Aut\u00f3noma de Buenos Aires, notificadas como fallecidas, no registran dato de sexo. Un hombre residente en la provincia de Chaco fue reclasificado.<\/p>\n","protected":false},"excerpt":{"rendered":"<p>El informe oficial en Mercedes confirman nuevos 15 casos positivos de covid-19. La ciudad confirm\u00f3 desde el inicio de la &#8230; <a title=\"Coronavirus:  Se suman 15 pacientes como casos positivos\" class=\"read-more\" href=\"https:\/\/www.hoymercedes.com.ar\/principal\/2020\/10\/19\/coronavirus-se-suman-15-pacientes-como-casos-positivos\/\" aria-label=\"Leer m\u00e1s sobre Coronavirus:  Se suman 15 pacientes como casos positivos\">Leer m\u00e1s<\/a><\/p>\n","protected":false},"author":5,"featured_media":118783,"comment_status":"closed","ping_status":"open","sticky":false,"template":"","format":"standard","meta":{"_monsterinsights_skip_tracking":false,"_monsterinsights_sitenote_active":false,"_monsterinsights_sitenote_note":"","_monsterinsights_sitenote_category":0,"jetpack_post_was_ever_published":false,"_jetpack_newsletter_access":"","_jetpack_dont_email_post_to_subs":false,"_jetpack_newsletter_tier_id":0,"_jetpack_memberships_contains_paywalled_content":false,"_jetpack_memberships_contains_paid_content":false,"footnotes":"","jetpack_publicize_message":"","jetpack_publicize_feature_enabled":true,"jetpack_social_post_already_shared":true,"jetpack_social_options":{"image_generator_settings":{"template":"highway","default_image_id":0,"font":"","enabled":false},"version":2},"_wpas_customize_per_network":false},"categories":[9791],"tags":[16561,16175,16313,134],"class_list":["post-118782","post","type-post","status-publish","format-standard","has-post-thumbnail","hentry","category-salud","tag-cierre-del-dia","tag-coronavirus","tag-covid-19","tag-salud","generate-columns","tablet-grid-50","mobile-grid-100","grid-parent","grid-50"],"jetpack_publicize_connections":[],"jetpack_featured_media_url":"https:\/\/www.hoymercedes.com.ar\/principal\/wp-content\/uploads\/2020\/10\/WhatsApp-Image-2020-10-19-at-21.53.15.jpeg","wps_subtitle":"Cierre del d\u00eda","jetpack_sharing_enabled":true,"_links":{"self":[{"href":"https:\/\/www.hoymercedes.com.ar\/principal\/wp-json\/wp\/v2\/posts\/118782","targetHints":{"allow":["GET"]}}],"collection":[{"href":"https:\/\/www.hoymercedes.com.ar\/principal\/wp-json\/wp\/v2\/posts"}],"about":[{"href":"https:\/\/www.hoymercedes.com.ar\/principal\/wp-json\/wp\/v2\/types\/post"}],"author":[{"embeddable":true,"href":"https:\/\/www.hoymercedes.com.ar\/principal\/wp-json\/wp\/v2\/users\/5"}],"replies":[{"embeddable":true,"href":"https:\/\/www.hoymercedes.com.ar\/principal\/wp-json\/wp\/v2\/comments?post=118782"}],"version-history":[{"count":0,"href":"https:\/\/www.hoymercedes.com.ar\/principal\/wp-json\/wp\/v2\/posts\/118782\/revisions"}],"wp:featuredmedia":[{"embeddable":true,"href":"https:\/\/www.hoymercedes.com.ar\/principal\/wp-json\/wp\/v2\/media\/118783"}],"wp:attachment":[{"href":"https:\/\/www.hoymercedes.com.ar\/principal\/wp-json\/wp\/v2\/media?parent=118782"}],"wp:term":[{"taxonomy":"category","embeddable":true,"href":"https:\/\/www.hoymercedes.com.ar\/principal\/wp-json\/wp\/v2\/categories?post=118782"},{"taxonomy":"post_tag","embeddable":true,"href":"https:\/\/www.hoymercedes.com.ar\/principal\/wp-json\/wp\/v2\/tags?post=118782"}],"curies":[{"name":"wp","href":"https:\/\/api.w.org\/{rel}","templated":true}]}}