{"id":118801,"date":"2020-10-20T07:15:19","date_gmt":"2020-10-20T10:15:19","guid":{"rendered":"http:\/\/www.hoymercedes.com.ar\/principal\/?p=118801"},"modified":"2020-10-21T17:32:05","modified_gmt":"2020-10-21T20:32:05","slug":"realizan-campana-de-prevencion-por-monoxido-de-carbono","status":"publish","type":"post","link":"https:\/\/www.hoymercedes.com.ar\/principal\/2020\/10\/20\/realizan-campana-de-prevencion-por-monoxido-de-carbono\/","title":{"rendered":"Realizan campa\u00f1a de prevenci\u00f3n por mon\u00f3xido de carbono"},"content":{"rendered":"\n<p>Luego de la firma del convenio entre el Municipio de Mercedes y la Fundaci\u00f3n FOVISEE para la creaci\u00f3n de viviendas m\u00e1s sustentables en la ciudad, mediante referentes barriales se llev\u00f3 adelante una capacitaci\u00f3n en prevenci\u00f3n del mon\u00f3xido de carbono en el C.I.C. La acci\u00f3n es encabezada por el \u00e1rea de Desarrollo Social a cargo de Jorgelina Silva.\u00a0\u00a0Adem\u00e1s, se instal\u00f3 el primer equipo de testeo de mon\u00f3xido de carbono en la casa de una beneficiaria del programa primeros Mil D\u00edas donde adem\u00e1s de la concientizaci\u00f3n se efect\u00faan estudios de campo.\u00a0\u00a0\u00a0\u00a0<\/p>\n\n\n\n<div class=\"wp-block-image\"><figure class=\"aligncenter size-large\"><img loading=\"lazy\" decoding=\"async\" width=\"800\" height=\"533\" data-attachment-id=\"118802\" data-permalink=\"https:\/\/www.hoymercedes.com.ar\/principal\/2020\/10\/20\/realizan-campana-de-prevencion-por-monoxido-de-carbono\/20-muni-desarrollo\/#main\" data-orig-file=\"https:\/\/www.hoymercedes.com.ar\/principal\/wp-content\/uploads\/2020\/10\/20-muni-desarrollo.jpg\" data-orig-size=\"800,533\" data-comments-opened=\"0\" data-image-meta=\"{&quot;aperture&quot;:&quot;0&quot;,&quot;credit&quot;:&quot;&quot;,&quot;camera&quot;:&quot;&quot;,&quot;caption&quot;:&quot;&quot;,&quot;created_timestamp&quot;:&quot;0&quot;,&quot;copyright&quot;:&quot;&quot;,&quot;focal_length&quot;:&quot;0&quot;,&quot;iso&quot;:&quot;0&quot;,&quot;shutter_speed&quot;:&quot;0&quot;,&quot;title&quot;:&quot;&quot;,&quot;orientation&quot;:&quot;0&quot;}\" data-image-title=\"20 muni desarrollo\" data-image-description=\"\" data-image-caption=\"\" data-large-file=\"https:\/\/www.hoymercedes.com.ar\/principal\/wp-content\/uploads\/2020\/10\/20-muni-desarrollo.jpg\" src=\"https:\/\/www.hoymercedes.com.ar\/principal\/wp-content\/uploads\/2020\/10\/20-muni-desarrollo.jpg\" alt=\"\" class=\"wp-image-118802\" srcset=\"https:\/\/www.hoymercedes.com.ar\/principal\/wp-content\/uploads\/2020\/10\/20-muni-desarrollo.jpg 800w, https:\/\/www.hoymercedes.com.ar\/principal\/wp-content\/uploads\/2020\/10\/20-muni-desarrollo-630x420.jpg 630w, https:\/\/www.hoymercedes.com.ar\/principal\/wp-content\/uploads\/2020\/10\/20-muni-desarrollo-150x100.jpg 150w, https:\/\/www.hoymercedes.com.ar\/principal\/wp-content\/uploads\/2020\/10\/20-muni-desarrollo-700x465.jpg 700w\" sizes=\"auto, (max-width: 800px) 100vw, 800px\" \/><\/figure><\/div>\n\n\n\n<p>Nicol\u00e1s Maggio, presidente de la fundaci\u00f3n FOVISEE, manifest\u00f3 \u201cdesde la fundaci\u00f3n trabajamos con un programa de Vivienda Justa articulando con los programas de viviendas de la Municipalidad de Mercedes, y ahora vamos a comenzar con un piloto de mejoramiento sustentable de 30 casas y con un programa piloto de&nbsp;&nbsp;prevenci\u00f3n de intoxicaciones por mon\u00f3xidos de carbono\u201d y apunt\u00f3 \u201clo que hicimos fue un diagn\u00f3stico que mide el nivel de adecuaci\u00f3n de las casas, midiendo c\u00f3mo est\u00e1 impactando la misma en la salud, seguridad, calidad de vida y el presupuesto de la familia a trav\u00e9s de la performance energ\u00e9tica\u201d.&nbsp;&nbsp;&nbsp;&nbsp;&nbsp;&nbsp;&nbsp;<\/p>\n\n\n\n<p>\u201cEse diagn\u00f3stico es lo que permite identificar el potencial de mejora de cada hogar para que despu\u00e9s la inversi\u00f3n en mejoramiento sea la m\u00e1s efectiva posible\u201d destac\u00f3 Nicol\u00e1s Maggio y agreg\u00f3 \u201cnosotros desarrollamos este piloto como modelo de pol\u00edtica p\u00fablica con la municipalidad de Mercedes y gracias al apoyo de la Fundaci\u00f3n City podemos impulsar una acci\u00f3n nueva de mejoramiento habitacional sustentable que buscaremos se replique a mayor escala para lograr, lo que nosotros llamamos, la vivienda justa\u201d. &nbsp;<\/p>\n\n\n\n<p>En este sentido, el presidente de la fundaci\u00f3n FOVISEE se\u00f1al\u00f3 \u201cpor eso fue que medimos ac\u00e1 -por ejemplo- c\u00f3mo era la calidad del aire interior, los niveles de mon\u00f3xido de carbono y otros contaminantes, por lo que hicimos un an\u00e1lisis termogr\u00e1fico, una prueba de infiltrometr\u00eda y una entrevista con la familia para entender qu\u00e9 nivel de calidad de vida les est\u00e1 brindando la casa. A partir de ese diagn\u00f3stico se define el tratamiento y el proyecto de mejoramiento para este hogar\u201d.&nbsp;&nbsp;&nbsp;&nbsp;<\/p>\n\n\n\n<p>\u201cLa idea es hacer una prueba piloto en 3 barrios con el objetivo de planificar una campa\u00f1a para toda la ciudad a partir de marzo del a\u00f1o que viene\u201d asegur\u00f3.&nbsp;&nbsp;&nbsp;&nbsp;<\/p>\n","protected":false},"excerpt":{"rendered":"<p>Luego de la firma del convenio entre el Municipio de Mercedes y la Fundaci\u00f3n FOVISEE para la creaci\u00f3n de viviendas &#8230; <a title=\"Realizan campa\u00f1a de prevenci\u00f3n por mon\u00f3xido de carbono\" class=\"read-more\" href=\"https:\/\/www.hoymercedes.com.ar\/principal\/2020\/10\/20\/realizan-campana-de-prevencion-por-monoxido-de-carbono\/\" aria-label=\"Leer m\u00e1s sobre Realizan campa\u00f1a de prevenci\u00f3n por mon\u00f3xido de carbono\">Leer m\u00e1s<\/a><\/p>\n","protected":false},"author":1,"featured_media":118802,"comment_status":"closed","ping_status":"open","sticky":false,"template":"","format":"standard","meta":{"_monsterinsights_skip_tracking":false,"_monsterinsights_sitenote_active":false,"_monsterinsights_sitenote_note":"","_monsterinsights_sitenote_category":0,"jetpack_post_was_ever_published":false,"_jetpack_newsletter_access":"","_jetpack_dont_email_post_to_subs":false,"_jetpack_newsletter_tier_id":0,"_jetpack_memberships_contains_paywalled_content":false,"_jetpack_memberships_contains_paid_content":false,"footnotes":"","jetpack_publicize_message":"","jetpack_publicize_feature_enabled":true,"jetpack_social_post_already_shared":true,"jetpack_social_options":{"image_generator_settings":{"template":"highway","default_image_id":0,"font":"","enabled":false},"version":2},"_wpas_customize_per_network":false},"categories":[30],"tags":[244,8756],"class_list":["post-118801","post","type-post","status-publish","format-standard","has-post-thumbnail","hentry","category-municipio","tag-municipio-2","tag-prevencion","generate-columns","tablet-grid-50","mobile-grid-100","grid-parent","grid-50"],"jetpack_publicize_connections":[],"jetpack_featured_media_url":"https:\/\/www.hoymercedes.com.ar\/principal\/wp-content\/uploads\/2020\/10\/20-muni-desarrollo.jpg","wps_subtitle":"Salud ","jetpack_sharing_enabled":true,"_links":{"self":[{"href":"https:\/\/www.hoymercedes.com.ar\/principal\/wp-json\/wp\/v2\/posts\/118801","targetHints":{"allow":["GET"]}}],"collection":[{"href":"https:\/\/www.hoymercedes.com.ar\/principal\/wp-json\/wp\/v2\/posts"}],"about":[{"href":"https:\/\/www.hoymercedes.com.ar\/principal\/wp-json\/wp\/v2\/types\/post"}],"author":[{"embeddable":true,"href":"https:\/\/www.hoymercedes.com.ar\/principal\/wp-json\/wp\/v2\/users\/1"}],"replies":[{"embeddable":true,"href":"https:\/\/www.hoymercedes.com.ar\/principal\/wp-json\/wp\/v2\/comments?post=118801"}],"version-history":[{"count":0,"href":"https:\/\/www.hoymercedes.com.ar\/principal\/wp-json\/wp\/v2\/posts\/118801\/revisions"}],"wp:featuredmedia":[{"embeddable":true,"href":"https:\/\/www.hoymercedes.com.ar\/principal\/wp-json\/wp\/v2\/media\/118802"}],"wp:attachment":[{"href":"https:\/\/www.hoymercedes.com.ar\/principal\/wp-json\/wp\/v2\/media?parent=118801"}],"wp:term":[{"taxonomy":"category","embeddable":true,"href":"https:\/\/www.hoymercedes.com.ar\/principal\/wp-json\/wp\/v2\/categories?post=118801"},{"taxonomy":"post_tag","embeddable":true,"href":"https:\/\/www.hoymercedes.com.ar\/principal\/wp-json\/wp\/v2\/tags?post=118801"}],"curies":[{"name":"wp","href":"https:\/\/api.w.org\/{rel}","templated":true}]}}