{"id":118806,"date":"2020-10-20T14:55:04","date_gmt":"2020-10-20T17:55:04","guid":{"rendered":"http:\/\/www.hoymercedes.com.ar\/principal\/?p=118806"},"modified":"2020-10-21T17:29:13","modified_gmt":"2020-10-21T20:29:13","slug":"el-gobierno-oficializo-el-aumento-del-salario-minimo-vital-y-movil-en-tres-tramos","status":"publish","type":"post","link":"https:\/\/www.hoymercedes.com.ar\/principal\/2020\/10\/20\/el-gobierno-oficializo-el-aumento-del-salario-minimo-vital-y-movil-en-tres-tramos\/","title":{"rendered":"El Gobierno oficializ\u00f3 el aumento del salario m\u00ednimo, vital y m\u00f3vil en tres tramos"},"content":{"rendered":"\n<p>El Ministerio de Trabajo, Empleo y Seguridad Social, mediante la Resoluci\u00f3n 4\/2020, oficializ\u00f3 el aumento en tres tramos del salario m\u00ednimo, vital y m\u00f3vil, que en marzo pr\u00f3ximo quedar\u00e1 fijado en 21.600 pesos, alcanzando a todos los empleados que\u00a0se encuentren comprendidos en el R\u00e9gimen de Contrato de Trabajo aprobado por la Ley N\u00b0 20.744 (t.o. 1976) y sus modificatorias, en el R\u00e9gimen de Trabajo Agrario, de la Administraci\u00f3n P\u00fablica Nacional y de todas las entidades y organismos del Estado Nacional que act\u00fae como empleador, el que se establece de la siguiente forma:<\/p>\n\n\n\n<p>A partir del 1\u00b0 octubre de 2020, en $18.900,00; a partir del 1\u00b0 de diciembre de 2020, en $20.587,50, y&nbsp;a partir del 1\u00b0 marzo de 2021, en $21.600,00 para todos los trabajadores mensualizados que cumplen la jornada legal completa de trabajo, conforme el art\u00edculo 116 del R\u00e9gimen de Contrato de Trabajo aprobado por la Ley N\u00b0 20.744 (t.o. 1976) y sus modificatorias, con excepci\u00f3n de las situaciones previstas en los art\u00edculos 92 ter y 198, del mismo cuerpo legal, que lo percibir\u00e1n en su debida proporci\u00f3n.<\/p>\n\n\n\n<p>Asimismo, se establecen los siguientes montos por hora para los trabajadores jornalizados: a partir del 1\u00b0 octubre de 2020, en $94,50; a partir del 1\u00b0 de diciembre de 2020, en $102,94, y a partir del 1\u00b0 marzo de 2021, en $108,00.<\/p>\n\n\n\n<p>Por otra parte, tambi\u00e9n se&nbsp;actualizan los montos m\u00ednimo y m\u00e1ximo de las prestaciones por desempleo, los cuales pasan a ser de $ 6.000 y $10.000, respectivamente.<\/p>\n\n\n\n<p>Para acceder a la Resoluci\u00f3n 4\/2020,&nbsp;<a rel=\"noreferrer noopener\" target=\"_blank\" href=\"https:\/\/www.boletinoficial.gob.ar\/detalleAviso\/primera\/236294\/20201020\">clic aqu\u00ed<\/a>.<\/p>\n\n\n\n<p><\/p>\n","protected":false},"excerpt":{"rendered":"<p>El Ministerio de Trabajo, Empleo y Seguridad Social, mediante la Resoluci\u00f3n 4\/2020, oficializ\u00f3 el aumento en tres tramos del salario &#8230; <a title=\"El Gobierno oficializ\u00f3 el aumento del salario m\u00ednimo, vital y m\u00f3vil en tres tramos\" class=\"read-more\" href=\"https:\/\/www.hoymercedes.com.ar\/principal\/2020\/10\/20\/el-gobierno-oficializo-el-aumento-del-salario-minimo-vital-y-movil-en-tres-tramos\/\" aria-label=\"Leer m\u00e1s sobre El Gobierno oficializ\u00f3 el aumento del salario m\u00ednimo, vital y m\u00f3vil en tres tramos\">Leer m\u00e1s<\/a><\/p>\n","protected":false},"author":1,"featured_media":118808,"comment_status":"closed","ping_status":"open","sticky":false,"template":"","format":"standard","meta":{"_monsterinsights_skip_tracking":false,"_monsterinsights_sitenote_active":false,"_monsterinsights_sitenote_note":"","_monsterinsights_sitenote_category":0,"jetpack_post_was_ever_published":false,"_jetpack_newsletter_access":"","_jetpack_dont_email_post_to_subs":false,"_jetpack_newsletter_tier_id":0,"_jetpack_memberships_contains_paywalled_content":false,"_jetpack_memberships_contains_paid_content":false,"footnotes":"","jetpack_publicize_message":"","jetpack_publicize_feature_enabled":true,"jetpack_social_post_already_shared":true,"jetpack_social_options":{"image_generator_settings":{"template":"highway","default_image_id":0,"font":"","enabled":false},"version":2},"_wpas_customize_per_network":false},"categories":[8],"tags":[17212],"class_list":["post-118806","post","type-post","status-publish","format-standard","has-post-thumbnail","hentry","category-sociedad","tag-salario-minimo-vital-y-movil","generate-columns","tablet-grid-50","mobile-grid-100","grid-parent","grid-50"],"jetpack_publicize_connections":[],"jetpack_featured_media_url":"https:\/\/www.hoymercedes.com.ar\/principal\/wp-content\/uploads\/2020\/10\/22-pesos-argentinos.jpg","wps_subtitle":"Informaci\u00f3n nacional","jetpack_sharing_enabled":true,"_links":{"self":[{"href":"https:\/\/www.hoymercedes.com.ar\/principal\/wp-json\/wp\/v2\/posts\/118806","targetHints":{"allow":["GET"]}}],"collection":[{"href":"https:\/\/www.hoymercedes.com.ar\/principal\/wp-json\/wp\/v2\/posts"}],"about":[{"href":"https:\/\/www.hoymercedes.com.ar\/principal\/wp-json\/wp\/v2\/types\/post"}],"author":[{"embeddable":true,"href":"https:\/\/www.hoymercedes.com.ar\/principal\/wp-json\/wp\/v2\/users\/1"}],"replies":[{"embeddable":true,"href":"https:\/\/www.hoymercedes.com.ar\/principal\/wp-json\/wp\/v2\/comments?post=118806"}],"version-history":[{"count":0,"href":"https:\/\/www.hoymercedes.com.ar\/principal\/wp-json\/wp\/v2\/posts\/118806\/revisions"}],"wp:featuredmedia":[{"embeddable":true,"href":"https:\/\/www.hoymercedes.com.ar\/principal\/wp-json\/wp\/v2\/media\/118808"}],"wp:attachment":[{"href":"https:\/\/www.hoymercedes.com.ar\/principal\/wp-json\/wp\/v2\/media?parent=118806"}],"wp:term":[{"taxonomy":"category","embeddable":true,"href":"https:\/\/www.hoymercedes.com.ar\/principal\/wp-json\/wp\/v2\/categories?post=118806"},{"taxonomy":"post_tag","embeddable":true,"href":"https:\/\/www.hoymercedes.com.ar\/principal\/wp-json\/wp\/v2\/tags?post=118806"}],"curies":[{"name":"wp","href":"https:\/\/api.w.org\/{rel}","templated":true}]}}