{"id":118817,"date":"2020-10-20T20:12:39","date_gmt":"2020-10-20T23:12:39","guid":{"rendered":"http:\/\/www.hoymercedes.com.ar\/principal\/?p=118817"},"modified":"2020-10-21T17:26:44","modified_gmt":"2020-10-21T20:26:44","slug":"concientizacion-vial-sobre-el-uso-del-casco","status":"publish","type":"post","link":"https:\/\/www.hoymercedes.com.ar\/principal\/2020\/10\/20\/concientizacion-vial-sobre-el-uso-del-casco\/","title":{"rendered":"Concientizaci\u00f3n vial sobre el uso del casco"},"content":{"rendered":"\n<p>Mediante un trabajo articulado entre la Secretar\u00eda de Seguridad y la Agencia Nacional de Seguridad Vial, se inici\u00f3 una nueva campa\u00f1a de concientizaci\u00f3n del uso del casco y normativas viales. \u00a0<\/p>\n\n\n\n<div class=\"wp-block-image\"><figure class=\"aligncenter size-large\"><img loading=\"lazy\" decoding=\"async\" width=\"800\" height=\"533\" data-attachment-id=\"118818\" data-permalink=\"https:\/\/www.hoymercedes.com.ar\/principal\/2020\/10\/20\/concientizacion-vial-sobre-el-uso-del-casco\/20-camapana-vial\/#main\" data-orig-file=\"https:\/\/www.hoymercedes.com.ar\/principal\/wp-content\/uploads\/2020\/10\/20-camapana-vial.jpg\" data-orig-size=\"800,533\" data-comments-opened=\"0\" data-image-meta=\"{&quot;aperture&quot;:&quot;0&quot;,&quot;credit&quot;:&quot;&quot;,&quot;camera&quot;:&quot;&quot;,&quot;caption&quot;:&quot;&quot;,&quot;created_timestamp&quot;:&quot;0&quot;,&quot;copyright&quot;:&quot;&quot;,&quot;focal_length&quot;:&quot;0&quot;,&quot;iso&quot;:&quot;0&quot;,&quot;shutter_speed&quot;:&quot;0&quot;,&quot;title&quot;:&quot;&quot;,&quot;orientation&quot;:&quot;0&quot;}\" data-image-title=\"20 camapa\u00f1a vial\" data-image-description=\"\" data-image-caption=\"\" data-large-file=\"https:\/\/www.hoymercedes.com.ar\/principal\/wp-content\/uploads\/2020\/10\/20-camapana-vial.jpg\" src=\"https:\/\/www.hoymercedes.com.ar\/principal\/wp-content\/uploads\/2020\/10\/20-camapana-vial.jpg\" alt=\"\" class=\"wp-image-118818\" srcset=\"https:\/\/www.hoymercedes.com.ar\/principal\/wp-content\/uploads\/2020\/10\/20-camapana-vial.jpg 800w, https:\/\/www.hoymercedes.com.ar\/principal\/wp-content\/uploads\/2020\/10\/20-camapana-vial-630x420.jpg 630w, https:\/\/www.hoymercedes.com.ar\/principal\/wp-content\/uploads\/2020\/10\/20-camapana-vial-150x100.jpg 150w, https:\/\/www.hoymercedes.com.ar\/principal\/wp-content\/uploads\/2020\/10\/20-camapana-vial-700x465.jpg 700w\" sizes=\"auto, (max-width: 800px) 100vw, 800px\" \/><\/figure><\/div>\n\n\n\n<p>El subsecretario de seguridad, Gonzalo Anselmo manifest\u00f3 \u201cestamos desarrollando una nueva acci\u00f3n dentro de este gran programa que venimos llevando adelante desde el Municipio de Mercedes junto a la Agencia Nacional de Seguridad Vial, esta vez enfocados en una campa\u00f1a de prevenci\u00f3n y concientizaci\u00f3n del uso del casco\u201d y record\u00f3 que \u201cfue un programa que tiempo atr\u00e1s presentamos con el intendente Ustarroz y el ministro De Pedro, a qui\u00e9n le volvemos a agradecer nuevamente todo el apoyo que nos da para impulsar estas pol\u00edticas de cuidado de la vida y seguridad vial\u201d &nbsp;<\/p>\n\n\n\n<p>En este sentido, Anselmo apunt\u00f3 \u201cnuestro observatorio de seguridad nos indica que la mayor cantidad de siniestros viales son protagonizados por motoveh\u00edculos, por ese motivo, hacemos reparo en este tipo de movilidad\u201d y a\u00f1adi\u00f3 \u201clo hicimos articulando con la C\u00e1mara Econ\u00f3mica y los diferentes comercios a quienes les pudimos extender folleter\u00eda alusiva\u201d. &nbsp;<\/p>\n\n\n\n<p>\u201cLa finalidad es que los vecinos de la ciudad est\u00e9n plenamente conscientes de lo importante que es el uso del casco\u201d destac\u00f3 Anselmo.&nbsp;&nbsp;&nbsp;&nbsp;<\/p>\n\n\n\n<p>Algunos datos indican que los motociclistas que usan casco tienen un 73% menos de mortalidad y hasta un 85% menos de lesiones graves que los que no lo usan. &nbsp;<\/p>\n\n\n\n<p>Por su parte, el inspector de tr\u00e1nsito, Jorge Marengo expres\u00f3 \u201cestamos repartiendo folleter\u00eda por la ciudad concerniente al uso del casco y normativas viales\u201d y agreg\u00f3 \u201cel objetivo es concientizar a los vecinos de que lo use y los riesgos que corre por no utilizarlos\u201d. &nbsp;<\/p>\n\n\n\n<p>En este sentido, se\u00f1al\u00f3 \u201cestamos en la parte c\u00e9ntrica, dejando local por local, informaci\u00f3n (folletos y volantes)\u201d y a\u00f1adi\u00f3 \u201cencontramos muy buena predisposici\u00f3n de parte de los vecinos para con nosotros\u201d. &nbsp;<\/p>\n\n\n\n<p>Es as\u00ed, como el Municipio de Mercedes viene teniendo una clara y firme pol\u00edtica de informaci\u00f3n, capacitaci\u00f3n y concientizaci\u00f3n de las normativas de tr\u00e1nsito, a fin de salvaguardar la seguridad ciudadana y la integridad f\u00edsica de los vecinos.\u00a0<\/p>\n\n\n\n<p>Fuente: Prensa Municipal<\/p>\n","protected":false},"excerpt":{"rendered":"<p>Mediante un trabajo articulado entre la Secretar\u00eda de Seguridad y la Agencia Nacional de Seguridad Vial, se inici\u00f3 una nueva &#8230; <a title=\"Concientizaci\u00f3n vial sobre el uso del casco\" class=\"read-more\" href=\"https:\/\/www.hoymercedes.com.ar\/principal\/2020\/10\/20\/concientizacion-vial-sobre-el-uso-del-casco\/\" aria-label=\"Leer m\u00e1s sobre Concientizaci\u00f3n vial sobre el uso del casco\">Leer m\u00e1s<\/a><\/p>\n","protected":false},"author":1,"featured_media":118818,"comment_status":"closed","ping_status":"open","sticky":false,"template":"","format":"standard","meta":{"_monsterinsights_skip_tracking":false,"_monsterinsights_sitenote_active":false,"_monsterinsights_sitenote_note":"","_monsterinsights_sitenote_category":0,"jetpack_post_was_ever_published":false,"_jetpack_newsletter_access":"","_jetpack_dont_email_post_to_subs":false,"_jetpack_newsletter_tier_id":0,"_jetpack_memberships_contains_paywalled_content":false,"_jetpack_memberships_contains_paid_content":false,"footnotes":"","jetpack_publicize_message":"","jetpack_publicize_feature_enabled":true,"jetpack_social_post_already_shared":true,"jetpack_social_options":{"image_generator_settings":{"template":"highway","default_image_id":0,"font":"","enabled":false},"version":2},"_wpas_customize_per_network":false},"categories":[30],"tags":[244,13416],"class_list":["post-118817","post","type-post","status-publish","format-standard","has-post-thumbnail","hentry","category-municipio","tag-municipio-2","tag-uso-del-casco","generate-columns","tablet-grid-50","mobile-grid-100","grid-parent","grid-50"],"jetpack_publicize_connections":[],"jetpack_featured_media_url":"https:\/\/www.hoymercedes.com.ar\/principal\/wp-content\/uploads\/2020\/10\/20-camapana-vial.jpg","wps_subtitle":"","jetpack_sharing_enabled":true,"_links":{"self":[{"href":"https:\/\/www.hoymercedes.com.ar\/principal\/wp-json\/wp\/v2\/posts\/118817","targetHints":{"allow":["GET"]}}],"collection":[{"href":"https:\/\/www.hoymercedes.com.ar\/principal\/wp-json\/wp\/v2\/posts"}],"about":[{"href":"https:\/\/www.hoymercedes.com.ar\/principal\/wp-json\/wp\/v2\/types\/post"}],"author":[{"embeddable":true,"href":"https:\/\/www.hoymercedes.com.ar\/principal\/wp-json\/wp\/v2\/users\/1"}],"replies":[{"embeddable":true,"href":"https:\/\/www.hoymercedes.com.ar\/principal\/wp-json\/wp\/v2\/comments?post=118817"}],"version-history":[{"count":0,"href":"https:\/\/www.hoymercedes.com.ar\/principal\/wp-json\/wp\/v2\/posts\/118817\/revisions"}],"wp:featuredmedia":[{"embeddable":true,"href":"https:\/\/www.hoymercedes.com.ar\/principal\/wp-json\/wp\/v2\/media\/118818"}],"wp:attachment":[{"href":"https:\/\/www.hoymercedes.com.ar\/principal\/wp-json\/wp\/v2\/media?parent=118817"}],"wp:term":[{"taxonomy":"category","embeddable":true,"href":"https:\/\/www.hoymercedes.com.ar\/principal\/wp-json\/wp\/v2\/categories?post=118817"},{"taxonomy":"post_tag","embeddable":true,"href":"https:\/\/www.hoymercedes.com.ar\/principal\/wp-json\/wp\/v2\/tags?post=118817"}],"curies":[{"name":"wp","href":"https:\/\/api.w.org\/{rel}","templated":true}]}}