{"id":118829,"date":"2020-10-20T22:56:47","date_gmt":"2020-10-21T01:56:47","guid":{"rendered":"http:\/\/www.hoymercedes.com.ar\/principal\/?p=118829"},"modified":"2020-10-21T17:24:07","modified_gmt":"2020-10-21T20:24:07","slug":"coronavirus-15-pacientes-mas-dieron-positivo-de-covid","status":"publish","type":"post","link":"https:\/\/www.hoymercedes.com.ar\/principal\/2020\/10\/20\/coronavirus-15-pacientes-mas-dieron-positivo-de-covid\/","title":{"rendered":"Coronavirus: 15 pacientes m\u00e1s dieron positivo de covid"},"content":{"rendered":"\n<p>En las \u00faltimas horas del martes, las autoridades sanitarias de Mercedes confirmaron 15 nuevos casos positivos entre los 70 test realizados en la fecha. Los 225 casos activos hace que 890 personas est\u00e9n en seguimiento por contacto estrecho. <\/p>\n\n\n\n<div class=\"wp-block-image\"><figure class=\"aligncenter size-large\"><img loading=\"lazy\" decoding=\"async\" width=\"800\" height=\"800\" data-attachment-id=\"118830\" data-permalink=\"https:\/\/www.hoymercedes.com.ar\/principal\/2020\/10\/20\/coronavirus-15-pacientes-mas-dieron-positivo-de-covid\/20-covid-dia\/#main\" data-orig-file=\"https:\/\/www.hoymercedes.com.ar\/principal\/wp-content\/uploads\/2020\/10\/20-covid-dia.jpeg\" data-orig-size=\"800,800\" data-comments-opened=\"0\" data-image-meta=\"{&quot;aperture&quot;:&quot;0&quot;,&quot;credit&quot;:&quot;&quot;,&quot;camera&quot;:&quot;&quot;,&quot;caption&quot;:&quot;&quot;,&quot;created_timestamp&quot;:&quot;0&quot;,&quot;copyright&quot;:&quot;&quot;,&quot;focal_length&quot;:&quot;0&quot;,&quot;iso&quot;:&quot;0&quot;,&quot;shutter_speed&quot;:&quot;0&quot;,&quot;title&quot;:&quot;&quot;,&quot;orientation&quot;:&quot;0&quot;}\" data-image-title=\"20-covid-dia\" data-image-description=\"\" data-image-caption=\"\" data-large-file=\"https:\/\/www.hoymercedes.com.ar\/principal\/wp-content\/uploads\/2020\/10\/20-covid-dia.jpeg\" src=\"https:\/\/www.hoymercedes.com.ar\/principal\/wp-content\/uploads\/2020\/10\/20-covid-dia.jpeg\" alt=\"\" class=\"wp-image-118830\" srcset=\"https:\/\/www.hoymercedes.com.ar\/principal\/wp-content\/uploads\/2020\/10\/20-covid-dia.jpeg 800w, https:\/\/www.hoymercedes.com.ar\/principal\/wp-content\/uploads\/2020\/10\/20-covid-dia-620x620.jpeg 620w, https:\/\/www.hoymercedes.com.ar\/principal\/wp-content\/uploads\/2020\/10\/20-covid-dia-150x150.jpeg 150w\" sizes=\"auto, (max-width: 800px) 100vw, 800px\" \/><\/figure><\/div>\n\n\n\n<p>El informe oficial expresa:<br>\u00abEn el d\u00eda de la fecha el Laboratorio de Virolog\u00eda Molecular Municipal por medio de los procesos cient\u00edficos que lleva adelante cotidianamente confirm\u00f3 15 nuevos casos para covid.<br>Al d\u00eda de la fecha tenemos 225 casos activos con 16 altas m\u00e9dicas. Por su parte 1513 casos se registraron desde iniciada la pandemia con 1263 pacientes recuperados del virus<br>.En cuanto al Centro de Aislamiento Sanitario II con todas las normas socio sanitarias y un fuerte trabajo de Salud, Protecci\u00f3n Civil, SAME, Seguridad, Desarrollo Social y Servicios P\u00fablicos no tiene pacientes alojados, aislados y monitoreados\u00bb.<\/p>\n\n\n\n<p><strong>Informe nacional<\/strong><\/p>\n\n\n\n<p>Hoy fueron confirmados 16.337 nuevos casos de COVID-19. Con estos registros, suman 1.018.999 positivos en el pa\u00eds, de los cuales 829.647 son pacientes recuperados y 162.252 son casos confirmados activos. En las \u00faltimas 24 hs fueron realizados 37.474 testeos y desde el inicio del brote se realizaron 2.663.880 pruebas diagn\u00f3sticas para esta enfermedad, lo que equivale a 58.705,8 muestras por mill\u00f3n de habitantes.<\/p>\n\n\n\n<p>Detalle por provincia (N\u00ba de confirmados | N\u00ba de acumulados): Buenos Aires 4.981 | 507.438 Ciudad de Buenos Aires 663 | 141.190 Catamarca 8 | 500 Chaco 193 | 12.041 Chubut 465 | 9.727 C\u00f3rdoba 1.708 | 66.287 Corrientes 34 | 2.134 Entre R\u00edos 402 | 12.094 Formosa -4 | 140 Jujuy 59 | 17.344 La Pampa 98 | 1.808 La Rioja 41 | 6.665 Mendoza 968 | 38.814 Misiones -2 | 195 Neuqu\u00e9n 1.305 | 16.659 R\u00edo Negro 393 | 19.811 Salta 201 | 16.665 San Juan 5 | 1.307 San Luis 266 | 3.880 Santa Cruz 158 | 7.563 Santa Fe 2.575 | 83.448 Santiago del Estero 104 | 7.064 Tierra del Fuego* 295 | 8.681 y Tucum\u00e1n 1.421 | 37.544<\/p>\n\n\n\n<p>En las \u00faltimas 24 horas, se notificaron 384 nuevas muertes, son 213 hombres y 170 mujeres. Al momento la cantidad de personas fallecidas es 27.100. Una persona residente en la Ciudad Aut\u00f3noma de Buenos Aires, notificada como fallecida, no registra dato de sexo.<\/p>\n","protected":false},"excerpt":{"rendered":"<p>En las \u00faltimas horas del martes, las autoridades sanitarias de Mercedes confirmaron 15 nuevos casos positivos entre los 70 test &#8230; <a title=\"Coronavirus: 15 pacientes m\u00e1s dieron positivo de covid\" class=\"read-more\" href=\"https:\/\/www.hoymercedes.com.ar\/principal\/2020\/10\/20\/coronavirus-15-pacientes-mas-dieron-positivo-de-covid\/\" aria-label=\"Leer m\u00e1s sobre Coronavirus: 15 pacientes m\u00e1s dieron positivo de covid\">Leer m\u00e1s<\/a><\/p>\n","protected":false},"author":1,"featured_media":118830,"comment_status":"closed","ping_status":"open","sticky":false,"template":"","format":"standard","meta":{"_monsterinsights_skip_tracking":false,"_monsterinsights_sitenote_active":false,"_monsterinsights_sitenote_note":"","_monsterinsights_sitenote_category":0,"jetpack_post_was_ever_published":false,"_jetpack_newsletter_access":"","_jetpack_dont_email_post_to_subs":false,"_jetpack_newsletter_tier_id":0,"_jetpack_memberships_contains_paywalled_content":false,"_jetpack_memberships_contains_paid_content":false,"footnotes":"","jetpack_publicize_message":"","jetpack_publicize_feature_enabled":true,"jetpack_social_post_already_shared":true,"jetpack_social_options":{"image_generator_settings":{"template":"highway","default_image_id":0,"font":"","enabled":false},"version":2},"_wpas_customize_per_network":false},"categories":[9791],"tags":[16561,16175,16313],"class_list":["post-118829","post","type-post","status-publish","format-standard","has-post-thumbnail","hentry","category-salud","tag-cierre-del-dia","tag-coronavirus","tag-covid-19","generate-columns","tablet-grid-50","mobile-grid-100","grid-parent","grid-50"],"jetpack_publicize_connections":[],"jetpack_featured_media_url":"https:\/\/www.hoymercedes.com.ar\/principal\/wp-content\/uploads\/2020\/10\/20-covid-dia.jpeg","wps_subtitle":"Cierre del d\u00eda","jetpack_sharing_enabled":true,"_links":{"self":[{"href":"https:\/\/www.hoymercedes.com.ar\/principal\/wp-json\/wp\/v2\/posts\/118829","targetHints":{"allow":["GET"]}}],"collection":[{"href":"https:\/\/www.hoymercedes.com.ar\/principal\/wp-json\/wp\/v2\/posts"}],"about":[{"href":"https:\/\/www.hoymercedes.com.ar\/principal\/wp-json\/wp\/v2\/types\/post"}],"author":[{"embeddable":true,"href":"https:\/\/www.hoymercedes.com.ar\/principal\/wp-json\/wp\/v2\/users\/1"}],"replies":[{"embeddable":true,"href":"https:\/\/www.hoymercedes.com.ar\/principal\/wp-json\/wp\/v2\/comments?post=118829"}],"version-history":[{"count":0,"href":"https:\/\/www.hoymercedes.com.ar\/principal\/wp-json\/wp\/v2\/posts\/118829\/revisions"}],"wp:featuredmedia":[{"embeddable":true,"href":"https:\/\/www.hoymercedes.com.ar\/principal\/wp-json\/wp\/v2\/media\/118830"}],"wp:attachment":[{"href":"https:\/\/www.hoymercedes.com.ar\/principal\/wp-json\/wp\/v2\/media?parent=118829"}],"wp:term":[{"taxonomy":"category","embeddable":true,"href":"https:\/\/www.hoymercedes.com.ar\/principal\/wp-json\/wp\/v2\/categories?post=118829"},{"taxonomy":"post_tag","embeddable":true,"href":"https:\/\/www.hoymercedes.com.ar\/principal\/wp-json\/wp\/v2\/tags?post=118829"}],"curies":[{"name":"wp","href":"https:\/\/api.w.org\/{rel}","templated":true}]}}