{"id":118833,"date":"2020-10-20T23:58:25","date_gmt":"2020-10-21T02:58:25","guid":{"rendered":"http:\/\/www.hoymercedes.com.ar\/principal\/?p=118833"},"modified":"2020-10-21T09:12:29","modified_gmt":"2020-10-21T12:12:29","slug":"proteccion-civil-en-alerta-y-con-recomendaciones-para-los-mercedinos","status":"publish","type":"post","link":"https:\/\/www.hoymercedes.com.ar\/principal\/2020\/10\/20\/proteccion-civil-en-alerta-y-con-recomendaciones-para-los-mercedinos\/","title":{"rendered":"Protecci\u00f3n Civil en alerta y con recomendaciones para los mercedinos"},"content":{"rendered":"\n<p>En una semana en que se esperan jornadas lluviosas el \u00e1rea de Protecci\u00f3n Civil contin\u00faa de guardia las 24hs asistiendo a los mercedinos. Durante la jornada del pasado lunes 19 y ma\u00f1ana de este martes 20 se registraron algo m\u00e1s de 30 mm de agua ca\u00eddos y se generaron alrededor de 20 requerimientos de asistencia por parte de los vecinos y vecinas.<\/p>\n\n\n\n<div class=\"wp-block-image\"><figure class=\"aligncenter size-large\"><img loading=\"lazy\" decoding=\"async\" width=\"800\" height=\"531\" data-attachment-id=\"118835\" data-permalink=\"https:\/\/www.hoymercedes.com.ar\/principal\/2020\/10\/20\/proteccion-civil-en-alerta-y-con-recomendaciones-para-los-mercedinos\/20-tormenta1\/#main\" data-orig-file=\"https:\/\/www.hoymercedes.com.ar\/principal\/wp-content\/uploads\/2020\/10\/20-tormenta1.jpeg\" data-orig-size=\"800,531\" data-comments-opened=\"0\" data-image-meta=\"{&quot;aperture&quot;:&quot;0&quot;,&quot;credit&quot;:&quot;&quot;,&quot;camera&quot;:&quot;&quot;,&quot;caption&quot;:&quot;&quot;,&quot;created_timestamp&quot;:&quot;0&quot;,&quot;copyright&quot;:&quot;&quot;,&quot;focal_length&quot;:&quot;0&quot;,&quot;iso&quot;:&quot;0&quot;,&quot;shutter_speed&quot;:&quot;0&quot;,&quot;title&quot;:&quot;&quot;,&quot;orientation&quot;:&quot;0&quot;}\" data-image-title=\"20 tormenta1\" data-image-description=\"\" data-image-caption=\"\" data-large-file=\"https:\/\/www.hoymercedes.com.ar\/principal\/wp-content\/uploads\/2020\/10\/20-tormenta1.jpeg\" src=\"https:\/\/www.hoymercedes.com.ar\/principal\/wp-content\/uploads\/2020\/10\/20-tormenta1.jpeg\" alt=\"\" class=\"wp-image-118835\" srcset=\"https:\/\/www.hoymercedes.com.ar\/principal\/wp-content\/uploads\/2020\/10\/20-tormenta1.jpeg 800w, https:\/\/www.hoymercedes.com.ar\/principal\/wp-content\/uploads\/2020\/10\/20-tormenta1-630x418.jpeg 630w, https:\/\/www.hoymercedes.com.ar\/principal\/wp-content\/uploads\/2020\/10\/20-tormenta1-150x100.jpeg 150w, https:\/\/www.hoymercedes.com.ar\/principal\/wp-content\/uploads\/2020\/10\/20-tormenta1-700x465.jpeg 700w\" sizes=\"auto, (max-width: 800px) 100vw, 800px\" \/><\/figure><\/div>\n\n\n\n<p>Las cuadrillas de atenci\u00f3n estuvieron alertas y los llamados al 147 estuvieron siendo asistidos por la mencionada Direcci\u00f3n de Protecci\u00f3n Civil.<\/p>\n\n\n\n<p>El \u00e1rea que viene adem\u00e1s trabajando fuertemente en asistencia covid en distintos puntos de la ciudad tambi\u00e9n recuerda tener las precauciones correspondientes ante tormentas y vientos fuertes, como no dejar objetos en la v\u00eda p\u00fablica que puedan volarse, tener terrazas, azoteas y balcones limpios, no exponerse a cielo abierto, no dejar residuos en la calle que obstruyan el circular del agua, y ante cualquier duda contactar al 147.<\/p>\n\n\n\n<p>En cuanto al inicio de semana efectuaron acciones como remoci\u00f3n de ramas y cables ca\u00eddos, pasacalle cortado y postes inclinados. \u201cTrabajamos para llegar a todos los vecinos y vecinas de la ciudad, sobretodo en situaciones de tormenta, llevando tranquilidad y profesionalismo a los vecinos afectados\u201d destacaron desde el \u00e1rea.<\/p>\n\n\n\n<div class=\"wp-block-image\"><figure class=\"aligncenter size-large\"><img loading=\"lazy\" decoding=\"async\" width=\"800\" height=\"534\" data-attachment-id=\"118834\" data-permalink=\"https:\/\/www.hoymercedes.com.ar\/principal\/2020\/10\/20\/proteccion-civil-en-alerta-y-con-recomendaciones-para-los-mercedinos\/20-tormenta\/#main\" data-orig-file=\"https:\/\/www.hoymercedes.com.ar\/principal\/wp-content\/uploads\/2020\/10\/20-tormenta.jpeg\" data-orig-size=\"800,534\" data-comments-opened=\"0\" data-image-meta=\"{&quot;aperture&quot;:&quot;0&quot;,&quot;credit&quot;:&quot;&quot;,&quot;camera&quot;:&quot;&quot;,&quot;caption&quot;:&quot;&quot;,&quot;created_timestamp&quot;:&quot;0&quot;,&quot;copyright&quot;:&quot;&quot;,&quot;focal_length&quot;:&quot;0&quot;,&quot;iso&quot;:&quot;0&quot;,&quot;shutter_speed&quot;:&quot;0&quot;,&quot;title&quot;:&quot;&quot;,&quot;orientation&quot;:&quot;0&quot;}\" data-image-title=\"20 tormenta\" data-image-description=\"\" data-image-caption=\"\" data-large-file=\"https:\/\/www.hoymercedes.com.ar\/principal\/wp-content\/uploads\/2020\/10\/20-tormenta.jpeg\" src=\"https:\/\/www.hoymercedes.com.ar\/principal\/wp-content\/uploads\/2020\/10\/20-tormenta.jpeg\" alt=\"\" class=\"wp-image-118834\" srcset=\"https:\/\/www.hoymercedes.com.ar\/principal\/wp-content\/uploads\/2020\/10\/20-tormenta.jpeg 800w, https:\/\/www.hoymercedes.com.ar\/principal\/wp-content\/uploads\/2020\/10\/20-tormenta-630x421.jpeg 630w, https:\/\/www.hoymercedes.com.ar\/principal\/wp-content\/uploads\/2020\/10\/20-tormenta-150x100.jpeg 150w\" sizes=\"auto, (max-width: 800px) 100vw, 800px\" \/><\/figure><\/div>\n\n\n\n<p>Si hay tormenta fuerte o el\u00e9ctrica recuerde:<\/p>\n\n\n\n<p>1- Verifique que no haya \u00e1rboles en mal estado, ya que pueden caer m\u00e1s f\u00e1cilmente, avise a las autoridades competentes.<br>2- Reubique o evite tener elementos met\u00e1licos de gran proporci\u00f3n en terrazas, patios o solares.<br>3- Mant\u00e9ngase dentro de la vivienda y desconecte los aparatos el\u00e9ctricos.<br>4- Evite la cercan\u00eda a estructuras met\u00e1licas.<br>5- Al\u00e9jese de r\u00edos y piscinas.<br>6- Al\u00e9jese de los \u00e1rboles grandes y aislados en el campo.<br>7- Si no hay ning\u00fan lugar de refugio, p\u00f3ngase en cuclillas, t\u00e1pese los o\u00eddos, evite el menor contacto con el suelo, esto le ayudar\u00e1 a ser menos vulnerable.<br>8- Si est\u00e1 en campo abierto busque refugio inmediatamente.<br>9- Informe a las empresas de servicios sobre ca\u00eddas de cables y postes.<br>10- Evite estar cerca de estructuras altas como torres, \u00e1rboles altos, cercos, l\u00edneas telef\u00f3nicas o tendidos el\u00e9ctricos.<br>11- Si existen personas afectadas, busque ayuda de emergencia de inmediato.<\/p>\n","protected":false},"excerpt":{"rendered":"<p>En una semana en que se esperan jornadas lluviosas el \u00e1rea de Protecci\u00f3n Civil contin\u00faa de guardia las 24hs asistiendo &#8230; <a title=\"Protecci\u00f3n Civil en alerta y con recomendaciones para los mercedinos\" class=\"read-more\" href=\"https:\/\/www.hoymercedes.com.ar\/principal\/2020\/10\/20\/proteccion-civil-en-alerta-y-con-recomendaciones-para-los-mercedinos\/\" aria-label=\"Leer m\u00e1s sobre Protecci\u00f3n Civil en alerta y con recomendaciones para los mercedinos\">Leer m\u00e1s<\/a><\/p>\n","protected":false},"author":1,"featured_media":118834,"comment_status":"closed","ping_status":"open","sticky":false,"template":"","format":"standard","meta":{"_monsterinsights_skip_tracking":false,"_monsterinsights_sitenote_active":false,"_monsterinsights_sitenote_note":"","_monsterinsights_sitenote_category":0,"jetpack_post_was_ever_published":false,"_jetpack_newsletter_access":"","_jetpack_dont_email_post_to_subs":false,"_jetpack_newsletter_tier_id":0,"_jetpack_memberships_contains_paywalled_content":false,"_jetpack_memberships_contains_paid_content":false,"footnotes":"","jetpack_publicize_message":"","jetpack_publicize_feature_enabled":true,"jetpack_social_post_already_shared":true,"jetpack_social_options":{"image_generator_settings":{"template":"highway","default_image_id":0,"font":"","enabled":false},"version":2},"_wpas_customize_per_network":false},"categories":[30],"tags":[244,9122],"class_list":["post-118833","post","type-post","status-publish","format-standard","has-post-thumbnail","hentry","category-municipio","tag-municipio-2","tag-proteccion-civil","generate-columns","tablet-grid-50","mobile-grid-100","grid-parent","grid-50"],"jetpack_publicize_connections":[],"jetpack_featured_media_url":"https:\/\/www.hoymercedes.com.ar\/principal\/wp-content\/uploads\/2020\/10\/20-tormenta.jpeg","wps_subtitle":"Precauci\u00f3n","jetpack_sharing_enabled":true,"_links":{"self":[{"href":"https:\/\/www.hoymercedes.com.ar\/principal\/wp-json\/wp\/v2\/posts\/118833","targetHints":{"allow":["GET"]}}],"collection":[{"href":"https:\/\/www.hoymercedes.com.ar\/principal\/wp-json\/wp\/v2\/posts"}],"about":[{"href":"https:\/\/www.hoymercedes.com.ar\/principal\/wp-json\/wp\/v2\/types\/post"}],"author":[{"embeddable":true,"href":"https:\/\/www.hoymercedes.com.ar\/principal\/wp-json\/wp\/v2\/users\/1"}],"replies":[{"embeddable":true,"href":"https:\/\/www.hoymercedes.com.ar\/principal\/wp-json\/wp\/v2\/comments?post=118833"}],"version-history":[{"count":0,"href":"https:\/\/www.hoymercedes.com.ar\/principal\/wp-json\/wp\/v2\/posts\/118833\/revisions"}],"wp:featuredmedia":[{"embeddable":true,"href":"https:\/\/www.hoymercedes.com.ar\/principal\/wp-json\/wp\/v2\/media\/118834"}],"wp:attachment":[{"href":"https:\/\/www.hoymercedes.com.ar\/principal\/wp-json\/wp\/v2\/media?parent=118833"}],"wp:term":[{"taxonomy":"category","embeddable":true,"href":"https:\/\/www.hoymercedes.com.ar\/principal\/wp-json\/wp\/v2\/categories?post=118833"},{"taxonomy":"post_tag","embeddable":true,"href":"https:\/\/www.hoymercedes.com.ar\/principal\/wp-json\/wp\/v2\/tags?post=118833"}],"curies":[{"name":"wp","href":"https:\/\/api.w.org\/{rel}","templated":true}]}}