{"id":118842,"date":"2020-10-21T11:52:21","date_gmt":"2020-10-21T14:52:21","guid":{"rendered":"http:\/\/www.hoymercedes.com.ar\/principal\/?p=118842"},"modified":"2020-10-21T11:59:54","modified_gmt":"2020-10-21T14:59:54","slug":"festival-teatral-internacional-desde-la-virtualidad","status":"publish","type":"post","link":"https:\/\/www.hoymercedes.com.ar\/principal\/2020\/10\/21\/festival-teatral-internacional-desde-la-virtualidad\/","title":{"rendered":"Festival teatral internacional desde la virtualidad"},"content":{"rendered":"\n<p>La Organizaci\u00f3n El Negro Olmedo de Mercedes llevar\u00e1 adelante desde el 27 de octubre y hasta el 1\u00b0 de noviembre, el III Festival Internacional de Teatro \u201cOlmedo Vive\u201d Mercedes 2020, este a\u00f1o de manera  virtual. <\/p>\n\n\n\n<p>Las obras de teatro ser\u00e1n de M\u00e9xico, Espa\u00f1a, CUBA, Brasil, Chile, Per\u00fa, Uruguay, Colombia y desde Argentina. Adem\u00e1s, habr\u00e1 charlas Magistrales con artistas internacionales, seminarios de direcci\u00f3n, cursos de actuaci\u00f3n, conversatorios, entrevistas, homenajes, grandes figuras del teatro independiente y de la escena nacional, tutoriales y presentaciones de libros. <\/p>\n\n\n\n<p>Para la suscripci\u00f3n y para ver las propuestas, puede hacerse por el canal de youtube de \u00abOrganizaci\u00f3n TV\u00bb. Pueden hacerlo a trav\u00e9s de este enlace: <a href=\"https:\/\/www.youtube.com\/channel\/UCj8DPPjvQFZU5xERU-NZWaA?view_as=subscriber\" target=\"_blank\" rel=\"noopener\">https:\/\/www.youtube.com\/channel\/UCj8DPPjvQFZU5xERU-NZWaA?view_as=subscriber<\/a><\/p>\n\n\n\n<div class=\"wp-block-image\"><figure class=\"aligncenter size-large\"><img loading=\"lazy\" decoding=\"async\" width=\"800\" height=\"487\" data-attachment-id=\"118852\" data-permalink=\"https:\/\/www.hoymercedes.com.ar\/principal\/2020\/10\/21\/festival-teatral-internacional-desde-la-virtualidad\/21-olmedo\/#main\" data-orig-file=\"https:\/\/www.hoymercedes.com.ar\/principal\/wp-content\/uploads\/2020\/10\/21-olmedo.jpg\" data-orig-size=\"800,487\" data-comments-opened=\"0\" data-image-meta=\"{&quot;aperture&quot;:&quot;0&quot;,&quot;credit&quot;:&quot;&quot;,&quot;camera&quot;:&quot;&quot;,&quot;caption&quot;:&quot;&quot;,&quot;created_timestamp&quot;:&quot;0&quot;,&quot;copyright&quot;:&quot;&quot;,&quot;focal_length&quot;:&quot;0&quot;,&quot;iso&quot;:&quot;0&quot;,&quot;shutter_speed&quot;:&quot;0&quot;,&quot;title&quot;:&quot;&quot;,&quot;orientation&quot;:&quot;1&quot;}\" data-image-title=\"21 olmedo\" data-image-description=\"\" data-image-caption=\"\" data-large-file=\"https:\/\/www.hoymercedes.com.ar\/principal\/wp-content\/uploads\/2020\/10\/21-olmedo.jpg\" src=\"https:\/\/www.hoymercedes.com.ar\/principal\/wp-content\/uploads\/2020\/10\/21-olmedo.jpg\" alt=\"\" class=\"wp-image-118852\" srcset=\"https:\/\/www.hoymercedes.com.ar\/principal\/wp-content\/uploads\/2020\/10\/21-olmedo.jpg 800w, https:\/\/www.hoymercedes.com.ar\/principal\/wp-content\/uploads\/2020\/10\/21-olmedo-630x384.jpg 630w, https:\/\/www.hoymercedes.com.ar\/principal\/wp-content\/uploads\/2020\/10\/21-olmedo-150x91.jpg 150w\" sizes=\"auto, (max-width: 800px) 100vw, 800px\" \/><\/figure><\/div>\n\n\n\n<p><strong>Cronograma del evento<\/strong><\/p>\n\n\n\n<p><img loading=\"lazy\" decoding=\"async\" width=\"52\" height=\"32\" src=\"\"><strong>Martes 27<\/strong><\/p>\n\n\n\n<p><em><u>09.00 hs<\/u><\/em><strong> Radioteatro: Argentina &#8211; Entre R\u00edos \u00ab<\/strong>El Moncho y la Cholanda&#8230; Un Amor Sin Barbijo\u00bb &#8211; Capitulo 1<\/p>\n\n\n\n<p><em><u>10.00 hs<\/u><\/em>. <strong>Charlas Magistrales:<\/strong> Organizaci\u00f3n TV Charlas Magistrales VIII <strong>Etnoteatro <\/strong>&#8211; Guadalupe Fuentes M\u00e9xico &#8211; Wilson Coelho Brasil &#8211; Osvaldo Chazarreta Argentina &#8211; Modera Fabi\u00e1n Morales &#8211; Duraci\u00f3n: 1.04.21 hs.ATP<\/p>\n\n\n\n<p><strong>11.00 hs APERTURA<\/strong><strong><\/strong><\/p>\n\n\n\n<p><em><u>11.30 hs<\/u><\/em>. <strong>Mujeres Notables del Teatro<\/strong>:<strong> Alejandra Boero<\/strong> <em>\u00abHistoria de la Escena Nacional\u00bb Contada por sus Protagonistas.<\/em> Duraci\u00f3n: 53`.35\u00ab. ATP<\/p>\n\n\n\n<p>14.00<strong> Homenaje a Mart\u00edn Caracoche <\/strong>Director del Teatro Studivm Mercedes<\/p>\n\n\n\n<p><em><u>15.00 hs<\/u><\/em><em>.<\/em> <strong>Entrevistas a Directores y Actores del Teatro Independiente.<\/strong> Organizaci\u00f3n TV Todo Teatro <strong>CABA Fabio \u00abMosquito\u00bb Sancineto<\/strong>.- Duraci\u00f3n: 1.03.31 hs. ATP<\/p>\n\n\n\n<p><em><u>16 .00 hs. A 17.40 hs<\/u><\/em> <strong>Taller Direcci\u00f3n Con Osvaldo Chazarreta<\/strong> dos m\u00f3dulos de 40 minutos. Plataforma ZOOM previa inscripci\u00f3n organizaciontv@gmail.com<\/p>\n\n\n\n<p><em><u>18.00 hs<\/u><\/em> <strong>Obra M\u00e9xico Puebla:<\/strong>&nbsp; La Compa\u00f1\u00eda de Teatro del Centro Cultural Jalil Gibr\u00e1n Presenta &#8216;Otra vez Fausto&#8217; Duraci\u00f3n 55`.32\u00ab.<\/p>\n\n\n\n<p><em><u>20.00 hs<\/u><\/em> <strong>Obra Brasil Vitoria Argentina Mercedes Buenos Aires:<\/strong> &nbsp;\u00abAntonin Artaud Actos de Crueldad\u00bb de Wilson Coelho Una Coproducci\u00f3n de la Organizaci\u00f3n \u00abEl Negro Olmedo\u00bb de Argentina y el grupo Tarahumaras de Brasil Una realizaci\u00f3n de Fabi\u00e1n Morales Organizaci\u00f3n \u00abEl Negro Olmedo\u00bb Duraci\u00f3n: 53.14 hs. Mayores 16 a\u00f1os<\/p>\n\n\n\n<p><em><u>22.00 hs.<\/u><\/em> <strong>Obra: Argentina Pergamino<\/strong>: \u00abAnt\u00edgona\u00bb Autor: Jos\u00e9 Watanabe Direcci\u00f3n: Ra\u00fal Notta Grupo \u201cFratacho\u201d (Pergamino) Duraci\u00f3n: 46\u00b4Mayores 16 a\u00f1os<\/p>\n\n\n\n<p><strong>OFF Olmedo Desvelado<\/strong><\/p>\n\n\n\n<p><em><u>00.00 hs<\/u><\/em> <strong>Mujeres<\/strong> <strong>del Teatro Independiente Contempor\u00e1neas Todo Teatro Buenos Aires Dra. Julia Lavatelli<\/strong> Centro de Investigaciones Dram\u00e1ticas (CID) Directora e Investigadora &#8211;&nbsp; Actriz, directora, dramaturga y profesora de teatro UNICEN. Doctora en Estudios Teatrales &#8211; Universidad de la Sorbonne Nouvelle. Paris III. Duraci\u00f3n: 58\u00b4 ATP<\/p>\n\n\n\n<p><em><u>01.00 Obras<\/u><\/em><em>:<\/em> <strong>Obra Argentina Mercedes<\/strong> <strong>\u00abChinch\u00f3n\u00bb de Walter \u00abChori\u00bb Perruolo<\/strong> act\u00faan Marcela Defelippe, Pilar Izquierdo, Marisa Ivaldi Direcci\u00f3n Fabi\u00e1n Morales Grupo: Organizaci\u00f3n \u00abEl Negro\u00bb&nbsp; Olmedo DICIEMBRE 2019 Duraci\u00f3n: 31\u00b4ATP&nbsp;<\/p>\n\n\n\n<p><strong>Mi\u00e9rcoles 28<\/strong><\/p>\n\n\n\n<p><em><u>09.00hs<\/u><\/em><em><u>.<\/u><\/em><strong> Radioteatro: Argentina Entre R\u00edos \u00ab<\/strong>El Moncho y la Cholanda&#8230; Un Amor Sin Barbijo\u00bb &#8211; Capitulo 2<\/p>\n\n\n\n<p><em><u>10.00 hs<\/u><\/em><strong><em><u>.<\/u><\/em><\/strong><strong> Charlas Magistrales IX Teatro Y Colonizaci\u00f3n<\/strong> Parte I &#8211; Wilson Coelho Brasil &#8211; Osvaldo Chazarreta Argentina Modera Fabi\u00e1n Morales Duraci\u00f3n: 48\u00b4 ATP<\/p>\n\n\n\n<p><em><u>11.30 hs<\/u><\/em><strong>.<\/strong> <strong>Mujeres Notables del Teatro<\/strong>:<strong> Inda Ledesma &#8211; <\/strong>\u00abHistoria de la Escena Nacional\u00bb Contada por sus protagonistas. Duraci\u00f3n: 60\u00b4<\/p>\n\n\n\n<p><em><u>15.00 hs<\/u><\/em><em><u>.<\/u><\/em> <strong>Entrevistas Artistas Independientes Mercedes: <\/strong>Walter Perruolo M\u00fasico Dramaturgo Ciudad de Mercedes &#8211; Entrevista Fabi\u00e1n Morales Duraci\u00f3n 47\u00b4<\/p>\n\n\n\n<p><em><u>16 .00 hs. A 17.40 hs<\/u><\/em> <strong>Taller Direcci\u00f3n Con Osvaldo Chazarreta<\/strong> dos m\u00f3dulos de 40 minutos. Plataforma ZOOM previa inscripci\u00f3n organizaciontv@gmail.com<\/p>\n\n\n\n<p>18.00 hs <strong>Obra:<\/strong>&nbsp; <strong>Argentina C\u00f3rdoba<\/strong> \u00abLa Voz del Comandante\u00bb de Fernando Zabala Act\u00faan: Agust\u00edn Luque, Florencia Molina, Fernando Zabala Duraci\u00f3n: 1h 34\u00b4 ATP<\/p>\n\n\n\n<p><em><u>20.00 hs<\/u><\/em> <strong>Obra: Per\u00fa <\/strong>\u00abContradicciones\u00bb Director ROGER VILLAGARCIA VALDEIGLESIAS por el Elenco de Teatro de la Universidad Nacional de Ingenier\u00eda Duraci\u00f3n: 30\u00b4ATP<\/p>\n\n\n\n<p><em><u>22.00hs<\/u><\/em> <strong>Obra Argentina CABA<\/strong> \u00abPremio Para Gisel\u00bb de Diana Valiela, Act\u00faan:&nbsp; Mariana Laber, Claudio Bevilacqua, Dar\u00edo Acu\u00f1a y Malala Emanuele. Duraci\u00f3n: 50\u00b4 ATP<\/p>\n\n\n\n<p><strong>OFF Olmedo Desvelado<\/strong><\/p>\n\n\n\n<p><em><u>00.00 hs<\/u><\/em>.<strong> Mujeres<\/strong> <strong>del Teatro Independiente Contempor\u00e1neas Todo Teatro Misiones: <\/strong>Raquel Vel\u00e1zquez Directora del Grupo \u00abPilincho Piernera\u00bb Montecarlo Misiones<\/p>\n\n\n\n<p><em><u>01.00 h<\/u><\/em>s <strong>Murga Obra<\/strong> \u00abCuando al R\u00edo se le da por contar\u00bb \u00abMamurga\u00bb en SUTEBA Mercedes. Grupo \u201cMamurga\u201d compuesto por actores, m\u00fasicos, artistas pl\u00e1sticos y poetas&#8230;<\/p>\n\n\n\n<p><em><u>00.00 hs<\/u><\/em> <strong>Mujeres<\/strong> <strong>del Teatro Independiente Contempor\u00e1neas Todo Teatro Buenos Aires Dra. Julia Lavatelli<\/strong> Centro de Investigaciones Dram\u00e1ticas (CID) Directora e Investigadora &#8211;&nbsp; Actriz, directora, dramaturga y profesora de teatro UNICEN. Doctora en Estudios Teatrales &#8211; Universidad de la Sorbonne Nouvelle. Paris III. Duraci\u00f3n: 58\u00b4 ATP<\/p>\n\n\n\n<p><em><u>01.00 Obras<\/u><\/em><em>:<\/em> <strong>Obra Argentina Mercedes<\/strong> <strong>\u00abChinch\u00f3n\u00bb de Walter \u00abChori\u00bb Perruolo<\/strong> act\u00faan Marcela Defelippe, Pilar Izquierdo, Marisa Ivaldi Direcci\u00f3n Fabi\u00e1n Morales Grupo: Organizaci\u00f3n \u00abEl Negro\u00bb&nbsp; Olmedo DICIEMBRE 2019 Duraci\u00f3n: 31\u00b4ATP&nbsp;<\/p>\n\n\n\n<p><strong>Jueves 29<\/strong><\/p>\n\n\n\n<p><em><u>09.00hs.<\/u><\/em><strong> Radioteatro: Argentina Entre R\u00edos \u00ab<\/strong>El Moncho y la Cholanda&#8230; Un Amor Sin Barbijo\u00bb &#8211; Capitulo 3<\/p>\n\n\n\n<p><em><u>10.00 hs<\/u><\/em>. Charlas Magistrales X \u00abTeatro y Colonizaci\u00f3n\u00bb Parte II Con Josu\u00e9 Cabrera Puebla M\u00e9xico &#8211; Wilson Coelho de Vitoria Brasil &#8211; V\u00edctor Soto de San Bernardo Santiago de Chile &#8211; Modera Fabi\u00e1n Morales de Mercedes Argentina &#8211;<\/p>\n\n\n\n<p><em><u>11.30 hs.<\/u><\/em> <strong>Mujeres Notables del Teatro<\/strong>:<strong> Aida Luz <\/strong>\u00abHistoria de la Escena Nacional\u00bb &#8211; Contada por sus protagonistas Duraci\u00f3n 60\u00b4<\/p>\n\n\n\n<p><em><u>15.00 hs<\/u><\/em>. <strong>Entrevistas Cuba<\/strong> Rub\u00e9n Sicilia Teatro del Silencio Duraci\u00f3n: 10\u00b4<\/p>\n\n\n\n<p><em><u>15.15 hs.<\/u><\/em> <strong>Entrevista Uruguay<\/strong> Maestro Ra\u00fal Rodr\u00edguez Parte 1 Duraci\u00f3n: 11\u00b4<\/p>\n\n\n\n<p><em><u>15.30 hs<\/u><\/em> <strong>Entrevista Uruguay<\/strong> Maestro Ra\u00fal Rodr\u00edguez Parte 2 Duraci\u00f3n: 30\u00b4<\/p>\n\n\n\n<p><em><u>16 .00 hs. A 17.40 hs<\/u><\/em> <strong>Taller Direcci\u00f3n Con Osvaldo Chazarreta<\/strong> dos m\u00f3dulos de 40 minutos. Plataforma ZOOM previa inscripci\u00f3n organizaciontv@gmail.com<\/p>\n\n\n\n<p><em><u>18.00 hs<\/u><\/em> <strong>Obra: \u00a1Argentina San Nicol\u00e1s \u201cGolazo al \u00e1ngulooo!!!<\/strong>\u00bb Autor, realizador y Director: Marcelo Pablo Fern\u00e1ndez Titiritero: &nbsp;Marcelo \u00abColo\u00bb P\u00e1scale Grupo de Teatro \u00abDi\u00e1bolo\u00bb. Duraci\u00f3n: 42\u00b4 Infantil<\/p>\n\n\n\n<p><em><u>19.00 hs<\/u><\/em> <strong>WORKSHOP I de actuaci\u00f3n Curso Intensivo de FESTIVAL Adolescentes <\/strong>1 m\u00f3dulo de 40 minutos. Plataforma ZOOM previa inscripci\u00f3n organizaciontv@gmail.com<\/p>\n\n\n\n<p>20.00 hs. <strong>WORKSHOP I<\/strong> <strong>de actuaci\u00f3n Curso Intensivo de<\/strong> <strong>FESTIVAL Adultos<\/strong> 2 m\u00f3dulos de 40 minutos. Plataforma ZOOM previa inscripci\u00f3n organizaciontv@gmail.com<\/p>\n\n\n\n<p><em><u>20.00 hs<\/u><\/em> <strong>Obra Espa\u00f1a: \u201cEstaci\u00f3n Sombr\u00edo\u201d <\/strong>Una Realizaci\u00f3nde Gabriel PradaCompa\u00f1\u00eda Loca Gargallada Teatro<\/p>\n\n\n\n<p><em><u>22.00<\/u><\/em> <strong>Obra Uruguay<\/strong> <strong>Paysand\u00fa:<\/strong> \u201cCrimen y Castigo\u201d, de Fedor DOSTOIEVSKY Adaptaci\u00f3n y Direcci\u00f3n Ra\u00fal Rodr\u00edguez del Taller de Teatro Paysand\u00fa<\/p>\n\n\n\n<p><strong>OFF Olmedo Desvelado<\/strong><\/p>\n\n\n\n<p><em><u>00.00 hs<\/u><\/em> <strong>Mujeres<\/strong> <strong>del Teatro Independiente Contempor\u00e1neas Todo Teatro Buenos Aires: Mariela Anastasio <\/strong>Directora, Dramaturga &#8211; Grupo Topogr\u00e1fico de la Ciudad de La Plata<\/p>\n\n\n\n<p><em><u>01.00 hs<\/u><\/em> <strong>Obra Argentina San Pedro:<\/strong> \u00abNazareno Cruz y El Lobo\u00bb &#8211;&nbsp; Basada en textos del radioteatro de Juan Carlos Chiappe y La Pel\u00edcula de Leonardo Fabio y Jury. por la Comedia Municipal de San Pedro &#8211; Direcci\u00f3n Fabi\u00e1n Morales<\/p>\n\n\n\n<p><strong>Viernes 30<\/strong><\/p>\n\n\n\n<p><em><u>09.00hs<\/u><\/em><em><u>.<\/u><\/em><strong> Radioteatro: Argentina Entre R\u00edos \u00ab<\/strong>El Moncho y la Cholanda&#8230; Un Amor Sin Barbijo\u00bb &#8211; Capitulo 4<\/p>\n\n\n\n<p><strong>&nbsp;<\/strong><em><u>10.00 hs<\/u><\/em>. <strong>Charlas Magistrales XI \u00abProcesos Creativos\u00bb<\/strong> Wilson Coelho Brasil &#8211; Jeovanny Charris Colombia &#8211; Osvaldo Chazarreta Argentina &#8211; V\u00edctor Soto Chile &#8211; Modera Fabi\u00e1n Morales Argentina Duraci\u00f3n: 1h 25\u00b4<\/p>\n\n\n\n<p><em><u>11.30 hs.<\/u><\/em> <strong>Mujeres Notables del Teatro<\/strong>:<strong> Rosa Rosen &#8211; <\/strong><em>\u00abHistoria de la Escena Nacional\u00bb Contada por sus <\/em>Protagonistas.<\/p>\n\n\n\n<p><em><u>15.00 hs<\/u><\/em>. <strong>Entrevistas Todo Teatro Buenos Aires <\/strong>Maestro Luis Margani San Justo Entrevista Fabi\u00e1n Morales<\/p>\n\n\n\n<p><em><u>16 .00 hs. A 17.40<\/u><\/em><em><u> hs<\/u><\/em> <strong>Taller Direcci\u00f3n Con Osvaldo Chazarreta<\/strong> dos m\u00f3dulos de 40 minutos. Plataforma ZOOM previa inscripci\u00f3n organizaciontv@gmail.com<\/p>\n\n\n\n<p><em><u>18.00 hs<\/u><\/em> <strong>Obra Argentina San Antonio de Areco<\/strong>: \u201cCUSC\u00daS\u201d de Iraz\u00fa \u2013 Teixido Direcci\u00f3n: Teresa Aiello &#8211; Josema Iraz\u00fa. Act\u00faa: Josema Iraz\u00fa (Titiritero) Infantil T\u00edteres para ni\u00f1as y ni\u00f1os. Duraci\u00f3n: 42\u00b4 Grupo de teatro independiente EL GARAYE. de<\/p>\n\n\n\n<p><em><u>20.00 hs<\/u><\/em> <strong>Obra Argentina Escobar<\/strong>: \u201cEl Amateur\u201d de Mauricio Dayub, interpretada por el grupo Bola 8. Director: Horacio Clavario<\/p>\n\n\n\n<p><em><u>&nbsp;22.00<\/u><\/em> <strong>Obra Brasil:<\/strong> \u201cLa Oraci\u00f3n\u201d de Fernando Arrabal Traducci\u00f3n y Direcci\u00f3n Wilson Coelho con la actuaci\u00f3n de Sergio Torrente<\/p>\n\n\n\n<p><strong>OFF Olmedo Desvelado<\/strong><\/p>\n\n\n\n<p><em><u>00.00 hs<\/u><\/em> <strong>Mujeres<\/strong> <strong>del Teatro Independiente Contempor\u00e1neas Todo Teatro Entre R\u00edos Noelia Rodr\u00edguez Actriz<\/strong> Directora y Dramaturga Grupo \u00abColor\u00edn\u00bb Caseros Dpto. Uruguay<\/p>\n\n\n\n<p><em><u>01.00 hs<\/u><\/em>. <strong>Obra Mercedes Argentina:<\/strong> \u00abPotestad\u00bb de Eduardo Pavlosvky Direcci\u00f3n Fabi\u00e1n Morales con la Actuaci\u00f3n de Javier Torres y Camila Morales.<\/p>\n\n\n\n<p><strong>S\u00e1bado 31<\/strong><\/p>\n\n\n\n<p><em><u>10.00 hs<\/u><\/em>. <strong>Charlas Magistrales<\/strong> XII teatro Independiente y las Organizaciones Wilson Coelho Brasil Osvaldo Chazarreta Argentina Modera Fabi\u00e1n Morales.<\/p>\n\n\n\n<p><em><u>11.30 hs.<\/u><\/em> <strong>Mujeres Notables del Teatro<\/strong>:<strong> Irma C\u00f3rdoba Parte I <\/strong>\u00abHistoria de la Escena Nacional\u00bb Contada por sus protagonistas<\/p>\n\n\n\n<p><em><u>12.15 hs.<\/u><\/em> <strong>Mujeres Notables del Teatro<\/strong>:<strong> Irma C\u00f3rdoba Parte II <\/strong>\u00abHistoria de la Escena Nacional\u00bb Contada por sus protagonistas.<\/p>\n\n\n\n<p><em><u>15.00 hs<\/u><\/em>. <strong>Entrevistas Personalidad Sorpresa<\/strong><\/p>\n\n\n\n<p><em><u>16.00 hs:<\/u><\/em><em><u> <\/u><\/em><strong>Pol\u00edticas Culturales de la provincia de Buenos Aires<\/strong><em><u> <\/u><\/em>con la participaci\u00f3n de funcionarios y ex funcionarios de cultura de los municipios y provincia. 2 m\u00f3dulos de 40\u00b4<\/p>\n\n\n\n<p><em><u>17.00 hs.<\/u><\/em> Tutorial Gu\u00eda B\u00e1sica de Narraci\u00f3n Oral desarrollada por Jos\u00e9ma Iraz\u00fa y Tere Aiello&nbsp; Grupo \u00abEl Garaye\u00bb de San Antonio de Areco Argentina. Duraci\u00f3n: 19\u00b4<\/p>\n\n\n\n<p><em><u>18.00 hs<\/u><\/em> <strong>Obra Argentina Entre R\u00edos Concepci\u00f3n del Uruguay<\/strong> \u201cEl Arte a la Vuelta de la Esquina\u201d.&nbsp; AUTOR: Daniel Berbedes. DIRECTOR: Noelia Rodr\u00edguez. ACTORES: Franco Dejesus y Alan Joel Barr\u00eda. DURACI\u00d3N: <strong>35<\/strong><\/p>\n\n\n\n<p><em><u>20.00 hs<\/u><\/em><em><u> <\/u><\/em><strong>Obra Per\u00fa:<\/strong> \u201cLa Cuchara\u201d Grupo Cantares Per\u00fa Teatro Direcci\u00f3n: ROGER VILLAGARCIA VALDEIGLESIAS &#8211; Director de teatro en Teatro de la Universidad Nacional de Ingenier\u00eda -TUNI<\/p>\n\n\n\n<p><em><u>22.00<\/u><\/em> <strong>Obra Brasil Florian\u00f3polis<\/strong> \u201cHamlet no Kabuki\u201d de William Shakespeare Traductor: Jos\u00e9 R. O\u2019Shea DIRECTOR: Carmen Fossari ACTORES:<strong> <\/strong>Ator \u2014&nbsp; Personagem Bruno Leite&nbsp; \u2013 Hamlet William Farias \u2013 Rei Cl\u00e1udio Ivana Fossari&nbsp; \u2013 Gertred Mariana Lapolli \u2013 Of\u00e9lia, Jaime Monte \u2013 Corambis, Bruno Lapolli \u2013 Sentinela do Castelo de Elsinore, Hor\u00e1cio Bruno Floriani \u2013 Hamlet Pai \/Fantasma, Laertes Muriel Martins \u2013 &nbsp;Atriz, Duquesa da Cia. dos Atores\/Tr\u00e1gicos, Ebaixador Ingl\u00eas,&nbsp;Cavaleiro Falastr\u00e3o M\u00e1rciaCattoi \u2013&nbsp; Atriz da Cia dos AtoresTr\u00e1gicos ,Corn\u00e9lio e 1\u00ba Coveiro Nei Perin \u2013 Montano, Ator da Cia. dos Atores Tr\u00e1gicos, Sacerdote, Capit\u00e3o Fortebra\u00e7o&nbsp;(Tropa da Noruega) Roberto Moura \u2013 Guarda&nbsp; de Elsinore, Ator da Cia de Teatro, Embaixador Thaiana Volkmann \u2013 Rosencraft, Atriz&nbsp; da Cia. dos AtoresTr\u00e1gicos, 2\u00ba Coveiro e Cantora, Voz Soprano SuelenBenic\u00e1 \u2013 Gilderstone Daniel Berger \u2013 Voltmar Cleber Bossetti \u2013 Cacaleiro Falastr\u00e3o Ma\u00edraGauer \u2013 Cantora , Voz Soprano, Montano M. Grupo Pesquisa Teatro Novo DURACI\u00d3N: 1h 50\u00b4<\/p>\n\n\n\n<p><strong>OFF Olmedo Desvelado<\/strong><\/p>\n\n\n\n<p><em><u>00.00 hs<\/u><\/em><em><u> <\/u><\/em><strong>Mujeres<\/strong> <strong>del Teatro Independiente Contempor\u00e1neas <\/strong>Artistas Independientes Virginia Altube Cantora Mercedes BA Capilla del Monte C\u00f3rdoba Entrevista Fabi\u00e1n Morales<\/p>\n\n\n\n<p><em><u>01.00 hs<\/u><\/em><em><u> <\/u><\/em><strong>Obra Argentina CABA<\/strong><em><u> \u201c<\/u><\/em>El Cajero que Fue hasta la Esquina\u201d de Aurelio Ferreti Proyecto Cultural Teatral Dutil \u2013 Cruz &#8211; Elenco. N\u00e9stor Navarria; Pablo Drigo; Fabi\u00e1n Morales; Mar\u00eda Dutil;&nbsp; Amalia Lopardo; Pablo Garc\u00eda;&nbsp; Jorge Vargas y Cynthia Cordero<\/p>\n\n\n\n<p><strong>Domingo 1 de noviembre<\/strong><\/p>\n\n\n\n<p><em><u>10.00 hs<\/u><\/em>. Charlas Magistrales Festivales Internacionales dfistintos formatos sus caracter\u00edsticas: Con Josu\u00e9 Cabrera Puebla M\u00e9xico &#8211; Wilson Coelho de Vitoria Brasil &#8211; V\u00edctor Soto de San Bernardo Santiago de Chile \u2013 Jeovanny Charris Colombia &#8211; Modera Fabi\u00e1n Morales de Mercedes Argentina &#8211;<\/p>\n\n\n\n<p><em><u>11.30 hs.<\/u><\/em> <strong>Mujeres Notables del Teatro<\/strong>: Beatriz Taibo Parte I \u201cHistoria de la Escena nacional Contada por sus protagonistas\u201d Duraci\u00f3n 33\u00b4<\/p>\n\n\n\n<p><em><u>12.15 hs<\/u><\/em>. <strong>Mujeres Notables del Teatro<\/strong>: Beatriz Taibo Parte II \u201cHistoria de la Escena nacional Contada por sus protagonistas\u201d Duraci\u00f3n: 14\u00b4<\/p>\n\n\n\n<p><em><u>15.00 hs<\/u><\/em>. <strong>Presentaci\u00f3n del Libro de Wilson Coelho<\/strong><\/p>\n\n\n\n<p><strong>16.00hs Plenario del Movimiento LATE (<\/strong>Movimiento Latinoamericano de Teatro) Plataforma ZOOM<\/p>\n\n\n\n<p><em><u>17.00 hs<\/u><\/em><em>. <\/em><strong>Tutorial<\/strong> <strong>Gu\u00eda para la Construcci\u00f3n de un T\u00edtere de Manipulaci\u00f3n Directa<\/strong> por Josema Iraz\u00fa Grupo \u00abEl Garaye\u00bb de San Antonio de Areco Argentina<\/p>\n\n\n\n<p><em><u>18.00 hs<\/u><\/em> <strong>Obra Argentina Mercedes<\/strong> \u201cEl Hombre\u201d un Mono que Fracaso una realizaci\u00f3n de Fabi\u00e1n Morales sobre textos de Franz Kafka Grupo: Organizaci\u00f3n \u201cEl Negro Olmedo\u201d<\/p>\n\n\n\n<p><em><u>20.00 hs<\/u><\/em> <strong>Obra Chile Santiago \u201c<\/strong>Bol\u00edvar\u201d por V\u00edctor Soto Fundaci\u00f3n Calibrarte<\/p>\n\n\n\n<p><em><u>22.00 hs<\/u><\/em> <strong>Obra Brasil Vitoria<\/strong> \u201cCARTA DE AMOR\u201d (como um supl\u00edcio chin\u00eas), de Fernando Arrabal, atriz Berenice Pahins &#8211; Grupo Tarahumaras Tradu\u00e7\u00e3o e encena\u00e7\u00e3o de Wilson Co\u00ealho Duraci\u00f3n: 53\u00b4<\/p>\n\n\n\n<p>Post festival del 7 al 11 de noviembre<\/p>\n","protected":false},"excerpt":{"rendered":"<p>La Organizaci\u00f3n El Negro Olmedo de Mercedes llevar\u00e1 adelante desde el 27 de octubre y hasta el 1\u00b0 de noviembre, &#8230; <a title=\"Festival teatral internacional desde la virtualidad\" class=\"read-more\" href=\"https:\/\/www.hoymercedes.com.ar\/principal\/2020\/10\/21\/festival-teatral-internacional-desde-la-virtualidad\/\" aria-label=\"Leer m\u00e1s sobre Festival teatral internacional desde la virtualidad\">Leer m\u00e1s<\/a><\/p>\n","protected":false},"author":1,"featured_media":118852,"comment_status":"closed","ping_status":"open","sticky":false,"template":"","format":"standard","meta":{"_monsterinsights_skip_tracking":false,"_monsterinsights_sitenote_active":false,"_monsterinsights_sitenote_note":"","_monsterinsights_sitenote_category":0,"jetpack_post_was_ever_published":false,"_jetpack_newsletter_access":"","_jetpack_dont_email_post_to_subs":false,"_jetpack_newsletter_tier_id":0,"_jetpack_memberships_contains_paywalled_content":false,"_jetpack_memberships_contains_paid_content":false,"footnotes":"","jetpack_publicize_message":"","jetpack_publicize_feature_enabled":true,"jetpack_social_post_already_shared":true,"jetpack_social_options":{"image_generator_settings":{"template":"highway","default_image_id":0,"font":"","enabled":false},"version":2},"_wpas_customize_per_network":false},"categories":[104],"tags":[7805,17208,1180],"class_list":["post-118842","post","type-post","status-publish","format-standard","has-post-thumbnail","hentry","category-cultura","tag-cultura","tag-festival-internacional","tag-teatro","generate-columns","tablet-grid-50","mobile-grid-100","grid-parent","grid-50"],"jetpack_publicize_connections":[],"jetpack_featured_media_url":"https:\/\/www.hoymercedes.com.ar\/principal\/wp-content\/uploads\/2020\/10\/21-olmedo.jpg","wps_subtitle":"Inscripci\u00f3n online","jetpack_sharing_enabled":true,"_links":{"self":[{"href":"https:\/\/www.hoymercedes.com.ar\/principal\/wp-json\/wp\/v2\/posts\/118842","targetHints":{"allow":["GET"]}}],"collection":[{"href":"https:\/\/www.hoymercedes.com.ar\/principal\/wp-json\/wp\/v2\/posts"}],"about":[{"href":"https:\/\/www.hoymercedes.com.ar\/principal\/wp-json\/wp\/v2\/types\/post"}],"author":[{"embeddable":true,"href":"https:\/\/www.hoymercedes.com.ar\/principal\/wp-json\/wp\/v2\/users\/1"}],"replies":[{"embeddable":true,"href":"https:\/\/www.hoymercedes.com.ar\/principal\/wp-json\/wp\/v2\/comments?post=118842"}],"version-history":[{"count":0,"href":"https:\/\/www.hoymercedes.com.ar\/principal\/wp-json\/wp\/v2\/posts\/118842\/revisions"}],"wp:featuredmedia":[{"embeddable":true,"href":"https:\/\/www.hoymercedes.com.ar\/principal\/wp-json\/wp\/v2\/media\/118852"}],"wp:attachment":[{"href":"https:\/\/www.hoymercedes.com.ar\/principal\/wp-json\/wp\/v2\/media?parent=118842"}],"wp:term":[{"taxonomy":"category","embeddable":true,"href":"https:\/\/www.hoymercedes.com.ar\/principal\/wp-json\/wp\/v2\/categories?post=118842"},{"taxonomy":"post_tag","embeddable":true,"href":"https:\/\/www.hoymercedes.com.ar\/principal\/wp-json\/wp\/v2\/tags?post=118842"}],"curies":[{"name":"wp","href":"https:\/\/api.w.org\/{rel}","templated":true}]}}