{"id":118855,"date":"2020-10-21T12:47:35","date_gmt":"2020-10-21T15:47:35","guid":{"rendered":"http:\/\/www.hoymercedes.com.ar\/principal\/?p=118855"},"modified":"2020-10-21T17:22:23","modified_gmt":"2020-10-21T20:22:23","slug":"un-detenido-tras-allanamientos-por-caso-de-abuso-sexual","status":"publish","type":"post","link":"https:\/\/www.hoymercedes.com.ar\/principal\/2020\/10\/21\/un-detenido-tras-allanamientos-por-caso-de-abuso-sexual\/","title":{"rendered":"Un detenido tras allanamientos por caso de abuso sexual"},"content":{"rendered":"\n<p> En la jornada del 20 de octubre del corriente, se llevaron a cabo dos allanamientos y la detenci\u00f3n de un sujeto de 24 a\u00f1os en la localidad de Bragado. Fue en el marco de una causa por abuso sexual en tentativa con intervenci\u00f3n de la Unidad Funcional de Instrucci\u00f3n y Juicio N\u00ba 6 \u2013 a cargo del Dr. Luis Carcagno \u2013 y la Ayudant\u00eda Fiscal de Bragado.<\/p>\n\n\n\n<p>La denuncia hab\u00eda sido realizada el \u00faltimo 10 de octubre, cuando una joven de 21 a\u00f1os circulaba en bicicleta a la altura del puente La Mar\u00eda cuando fue interceptada por un sujeto a bordo de una motocicleta que la atac\u00f3 y luego huy\u00f3 al observar la presencia de otro veh\u00edculo por el lugar.<\/p>\n\n\n\n<p>Tras recabar diversos elementos de inter\u00e9s para la investigaci\u00f3n, el fiscal solicit\u00f3 al Juzgado de Garant\u00edas N.\u00ba 2 \u2013 a cargo del dr. Facundo Oliva \u2013 una orden de allanamiento para dos domicilios en la ciudad y la detenci\u00f3n de un sujeto sindicado como posible autor del hecho. La medida fue concedida y ejecutada en la jornada de ayer, con colaboraci\u00f3n de Polic\u00eda Comunal y Comisar\u00eda de la Mujer de Bragado.<\/p>\n\n\n\n<p>Por el delito de \u201cAbuso sexual con acceso carnal en tentativa\u201d y \u201cCoacci\u00f3n\u201d, el imputado compareci\u00f3 ante el agente fiscal en el marco la audiencia de declaraci\u00f3n en los t\u00e9rminos del art. 308 del C\u00f3digo Procesal Penal en la jornada de hoy.<\/p>\n\n\n\n<p>Fuente: Ministerio P\u00fablico Fiscal del Departamento Judicial Mercedes<\/p>\n","protected":false},"excerpt":{"rendered":"<p>En la jornada del 20 de octubre del corriente, se llevaron a cabo dos allanamientos y la detenci\u00f3n de un &#8230; <a title=\"Un detenido tras allanamientos por caso de abuso sexual\" class=\"read-more\" href=\"https:\/\/www.hoymercedes.com.ar\/principal\/2020\/10\/21\/un-detenido-tras-allanamientos-por-caso-de-abuso-sexual\/\" aria-label=\"Leer m\u00e1s sobre Un detenido tras allanamientos por caso de abuso sexual\">Leer m\u00e1s<\/a><\/p>\n","protected":false},"author":1,"featured_media":118857,"comment_status":"closed","ping_status":"open","sticky":false,"template":"","format":"standard","meta":{"_monsterinsights_skip_tracking":false,"_monsterinsights_sitenote_active":false,"_monsterinsights_sitenote_note":"","_monsterinsights_sitenote_category":0,"jetpack_post_was_ever_published":false,"_jetpack_newsletter_access":"","_jetpack_dont_email_post_to_subs":false,"_jetpack_newsletter_tier_id":0,"_jetpack_memberships_contains_paywalled_content":false,"_jetpack_memberships_contains_paid_content":false,"footnotes":"","jetpack_publicize_message":"","jetpack_publicize_feature_enabled":true,"jetpack_social_post_already_shared":true,"jetpack_social_options":{"image_generator_settings":{"template":"highway","default_image_id":0,"font":"","enabled":false},"version":2},"_wpas_customize_per_network":false},"categories":[85],"tags":[925,10581,96,9322],"class_list":["post-118855","post","type-post","status-publish","format-standard","has-post-thumbnail","hentry","category-policial","tag-bragado","tag-fiscalia","tag-policial-2","tag-region","generate-columns","tablet-grid-50","mobile-grid-100","grid-parent","grid-50"],"jetpack_publicize_connections":[],"jetpack_featured_media_url":"https:\/\/www.hoymercedes.com.ar\/principal\/wp-content\/uploads\/2020\/10\/21-policia-bragado.jpg","wps_subtitle":"Detenido en Bragado","jetpack_sharing_enabled":true,"_links":{"self":[{"href":"https:\/\/www.hoymercedes.com.ar\/principal\/wp-json\/wp\/v2\/posts\/118855","targetHints":{"allow":["GET"]}}],"collection":[{"href":"https:\/\/www.hoymercedes.com.ar\/principal\/wp-json\/wp\/v2\/posts"}],"about":[{"href":"https:\/\/www.hoymercedes.com.ar\/principal\/wp-json\/wp\/v2\/types\/post"}],"author":[{"embeddable":true,"href":"https:\/\/www.hoymercedes.com.ar\/principal\/wp-json\/wp\/v2\/users\/1"}],"replies":[{"embeddable":true,"href":"https:\/\/www.hoymercedes.com.ar\/principal\/wp-json\/wp\/v2\/comments?post=118855"}],"version-history":[{"count":0,"href":"https:\/\/www.hoymercedes.com.ar\/principal\/wp-json\/wp\/v2\/posts\/118855\/revisions"}],"wp:featuredmedia":[{"embeddable":true,"href":"https:\/\/www.hoymercedes.com.ar\/principal\/wp-json\/wp\/v2\/media\/118857"}],"wp:attachment":[{"href":"https:\/\/www.hoymercedes.com.ar\/principal\/wp-json\/wp\/v2\/media?parent=118855"}],"wp:term":[{"taxonomy":"category","embeddable":true,"href":"https:\/\/www.hoymercedes.com.ar\/principal\/wp-json\/wp\/v2\/categories?post=118855"},{"taxonomy":"post_tag","embeddable":true,"href":"https:\/\/www.hoymercedes.com.ar\/principal\/wp-json\/wp\/v2\/tags?post=118855"}],"curies":[{"name":"wp","href":"https:\/\/api.w.org\/{rel}","templated":true}]}}