{"id":118873,"date":"2020-10-21T15:33:30","date_gmt":"2020-10-21T18:33:30","guid":{"rendered":"http:\/\/www.hoymercedes.com.ar\/principal\/?p=118873"},"modified":"2020-10-21T17:56:30","modified_gmt":"2020-10-21T20:56:30","slug":"impulsan-el-proyecto-de-colonia-agroecologica","status":"publish","type":"post","link":"https:\/\/www.hoymercedes.com.ar\/principal\/2020\/10\/21\/impulsan-el-proyecto-de-colonia-agroecologica\/","title":{"rendered":"Impulsan el proyecto de colonia agroecol\u00f3gica"},"content":{"rendered":"\n<p>Fuente: Prensa Municipal &#8211; Este martes se present\u00f3 en comisi\u00f3n ampliada del Honorable Concejo deliberante un proyecto de Colonia Agroecol\u00f3gica para producir alimentos en tierras en desuso y alimentos para ser comercializados en la ciudad y una parte de ellos destinados a los comedores de locales. La secretaria de Desarrollo Social Municipal, Jorgelina Silva, junto a la directora de tierras Valeria Ilarraz y el coordinador de agricultura familiar y agroecolog\u00eda Mario Alday presentaron el proyecto ante el cuerpo legislativo. Participaron ediles de las distintas fuerzas que lo integran.\u00a0\u00a0<\/p>\n\n\n\n<div class=\"wp-block-image\"><figure class=\"aligncenter size-large\"><img loading=\"lazy\" decoding=\"async\" width=\"800\" height=\"533\" data-attachment-id=\"118874\" data-permalink=\"https:\/\/www.hoymercedes.com.ar\/principal\/2020\/10\/21\/impulsan-el-proyecto-de-colonia-agroecologica\/21-muni-hcd\/#main\" data-orig-file=\"https:\/\/www.hoymercedes.com.ar\/principal\/wp-content\/uploads\/2020\/10\/21-muni-hcd.jpg\" data-orig-size=\"800,533\" data-comments-opened=\"0\" data-image-meta=\"{&quot;aperture&quot;:&quot;0&quot;,&quot;credit&quot;:&quot;&quot;,&quot;camera&quot;:&quot;&quot;,&quot;caption&quot;:&quot;&quot;,&quot;created_timestamp&quot;:&quot;0&quot;,&quot;copyright&quot;:&quot;&quot;,&quot;focal_length&quot;:&quot;0&quot;,&quot;iso&quot;:&quot;0&quot;,&quot;shutter_speed&quot;:&quot;0&quot;,&quot;title&quot;:&quot;&quot;,&quot;orientation&quot;:&quot;0&quot;}\" data-image-title=\"21 muni hcd\" data-image-description=\"\" data-image-caption=\"\" data-large-file=\"https:\/\/www.hoymercedes.com.ar\/principal\/wp-content\/uploads\/2020\/10\/21-muni-hcd.jpg\" src=\"https:\/\/www.hoymercedes.com.ar\/principal\/wp-content\/uploads\/2020\/10\/21-muni-hcd.jpg\" alt=\"\" class=\"wp-image-118874\" srcset=\"https:\/\/www.hoymercedes.com.ar\/principal\/wp-content\/uploads\/2020\/10\/21-muni-hcd.jpg 800w, https:\/\/www.hoymercedes.com.ar\/principal\/wp-content\/uploads\/2020\/10\/21-muni-hcd-630x420.jpg 630w, https:\/\/www.hoymercedes.com.ar\/principal\/wp-content\/uploads\/2020\/10\/21-muni-hcd-150x100.jpg 150w, https:\/\/www.hoymercedes.com.ar\/principal\/wp-content\/uploads\/2020\/10\/21-muni-hcd-700x465.jpg 700w\" sizes=\"auto, (max-width: 800px) 100vw, 800px\" \/><\/figure><\/div>\n\n\n\n<p>La secretaria de desarrollo social, Jorgelina Silva manifest\u00f3 \u201cla verdad que estoy muy contenta, tuvimos una reuni\u00f3n de comisi\u00f3n ampliada con todos los ediles del Honorable Concejo Deliberante de nuestra ciudad, donde pudimos expresar el proyecto de Colonia Agroecol\u00f3gica para poder producir alimentos en espacios en desuso\u201d <\/p>\n\n\n\n<p>\u00abEn principio comenzar\u00edamos trabajando en conjunto \u00a0con la UTT (Uni\u00f3n de Trabajadores de la Tierra) con quienes ya venimos trabajando desde hace tres a\u00f1os en la entrega de bolsones de verduras agroecol\u00f3gicas que ellos producen, pero este proyecto busca ir camino a la soberan\u00eda alimentaria empezando por producir verduras agroecol\u00f3gicas en diferentes espacios y con la comunidad\u201d, agreg\u00f3. <\/p>\n\n\n\n<p>\u201cLo importante es destacar que los integrantes de la UTT tienen pr\u00e1cticas agroecol\u00f3gicas que implican un trabajo m\u00e1s sacrificado sobre la tierra y que conlleva m\u00e1s paciencia, ya que hay que esperar el tiempo natural para poder cosechar y as\u00ed comercializar una verdura m\u00e1s sana y saludable\u201d se\u00f1al\u00f3 Silva <\/p>\n\n\n\n<p>\u00abEn las tierras seleccionadas para este comienzo van a \u00a0trabajar tres familias y producir alimentos en seis hect\u00e1reas, lo cual, nos dar\u00eda un beneficio, el 10 por ciento de esa producci\u00f3n mensual se donar\u00eda a la Secretar\u00eda de Desarrollo Social Municipal, por lo cual ser\u00eda un ahorro para el municipio\u201d, destac\u00f3.<\/p>\n\n\n\n<p>En este sentido, Silva apunt\u00f3 \u201cpresentamos el proyecto de la UTT, la dominialidad de las tierras, el porqu\u00e9 de producir, cu\u00e1nto nos dar\u00eda la inversi\u00f3n econ\u00f3mica, etc. y agradeci\u00f3 \u201cla disponibilidad de los concejales y esperamos que este proyecto comience pronto y podamos avanzar hacia la soberan\u00eda alimentaria\u201d. \u00a0<\/p>\n\n\n\n<p>M\u00e1s all\u00e1 de representar un claro beneficio a la econom\u00eda Municipal, sienta las bases para que estas colonias agroecol\u00f3gicas les permitan a los vecinos, en un futuro no muy lejano, acceder con mayor facilidad a alimentos saludables sin intermediario y a bajo costo.<\/p>\n","protected":false},"excerpt":{"rendered":"<p>Fuente: Prensa Municipal &#8211; Este martes se present\u00f3 en comisi\u00f3n ampliada del Honorable Concejo deliberante un proyecto de Colonia Agroecol\u00f3gica &#8230; <a title=\"Impulsan el proyecto de colonia agroecol\u00f3gica\" class=\"read-more\" href=\"https:\/\/www.hoymercedes.com.ar\/principal\/2020\/10\/21\/impulsan-el-proyecto-de-colonia-agroecologica\/\" aria-label=\"Leer m\u00e1s sobre Impulsan el proyecto de colonia agroecol\u00f3gica\">Leer m\u00e1s<\/a><\/p>\n","protected":false},"author":1,"featured_media":118874,"comment_status":"closed","ping_status":"open","sticky":false,"template":"","format":"standard","meta":{"_monsterinsights_skip_tracking":false,"_monsterinsights_sitenote_active":false,"_monsterinsights_sitenote_note":"","_monsterinsights_sitenote_category":0,"jetpack_post_was_ever_published":false,"_jetpack_newsletter_access":"","_jetpack_dont_email_post_to_subs":false,"_jetpack_newsletter_tier_id":0,"_jetpack_memberships_contains_paywalled_content":false,"_jetpack_memberships_contains_paid_content":false,"footnotes":"","jetpack_publicize_message":"","jetpack_publicize_feature_enabled":true,"jetpack_social_post_already_shared":true,"jetpack_social_options":{"image_generator_settings":{"template":"highway","default_image_id":0,"font":"","enabled":false},"version":2},"_wpas_customize_per_network":false},"categories":[30],"tags":[870,15,244,8666],"class_list":["post-118873","post","type-post","status-publish","format-standard","has-post-thumbnail","hentry","category-municipio","tag-desarrollo-social","tag-hcd","tag-municipio-2","tag-proyecto","generate-columns","tablet-grid-50","mobile-grid-100","grid-parent","grid-50"],"jetpack_publicize_connections":[],"jetpack_featured_media_url":"https:\/\/www.hoymercedes.com.ar\/principal\/wp-content\/uploads\/2020\/10\/21-muni-hcd.jpg","wps_subtitle":"Desde el Municipio","jetpack_sharing_enabled":true,"_links":{"self":[{"href":"https:\/\/www.hoymercedes.com.ar\/principal\/wp-json\/wp\/v2\/posts\/118873","targetHints":{"allow":["GET"]}}],"collection":[{"href":"https:\/\/www.hoymercedes.com.ar\/principal\/wp-json\/wp\/v2\/posts"}],"about":[{"href":"https:\/\/www.hoymercedes.com.ar\/principal\/wp-json\/wp\/v2\/types\/post"}],"author":[{"embeddable":true,"href":"https:\/\/www.hoymercedes.com.ar\/principal\/wp-json\/wp\/v2\/users\/1"}],"replies":[{"embeddable":true,"href":"https:\/\/www.hoymercedes.com.ar\/principal\/wp-json\/wp\/v2\/comments?post=118873"}],"version-history":[{"count":0,"href":"https:\/\/www.hoymercedes.com.ar\/principal\/wp-json\/wp\/v2\/posts\/118873\/revisions"}],"wp:featuredmedia":[{"embeddable":true,"href":"https:\/\/www.hoymercedes.com.ar\/principal\/wp-json\/wp\/v2\/media\/118874"}],"wp:attachment":[{"href":"https:\/\/www.hoymercedes.com.ar\/principal\/wp-json\/wp\/v2\/media?parent=118873"}],"wp:term":[{"taxonomy":"category","embeddable":true,"href":"https:\/\/www.hoymercedes.com.ar\/principal\/wp-json\/wp\/v2\/categories?post=118873"},{"taxonomy":"post_tag","embeddable":true,"href":"https:\/\/www.hoymercedes.com.ar\/principal\/wp-json\/wp\/v2\/tags?post=118873"}],"curies":[{"name":"wp","href":"https:\/\/api.w.org\/{rel}","templated":true}]}}