{"id":118881,"date":"2020-10-21T20:11:21","date_gmt":"2020-10-21T23:11:21","guid":{"rendered":"http:\/\/www.hoymercedes.com.ar\/principal\/?p=118881"},"modified":"2020-10-21T20:11:27","modified_gmt":"2020-10-21T23:11:27","slug":"denuncian-cuentos-del-tio-en-nombre-de-una-prestadora-de-salud","status":"publish","type":"post","link":"https:\/\/www.hoymercedes.com.ar\/principal\/2020\/10\/21\/denuncian-cuentos-del-tio-en-nombre-de-una-prestadora-de-salud\/","title":{"rendered":"Denuncian cuentos del t\u00edo en nombre de una prestadora de salud"},"content":{"rendered":"\n<p>Desde el servicio de salud Extram\u00e9dica advierten sobre intentos de estafas o robos a trav\u00e9s de los denominados \u201cCuentos del T\u00edo\u201d. Personas se presentan en los domicilios de los afiliados haci\u00e9ndose pasar por integrantes de la prestadora para ingresar a las casas y llevar a cabo el il\u00edcito. Seg\u00fan se informa, los mismos han ocurrido en otras ciudades del noroeste de la provincia, motivo por el cual, se insta a los asociados de nuestra ciudad a que est\u00e9n alertas.<\/p>\n\n\n\n<p>Mauricio Scolari, coordinador regional de Extram\u00e9dica se\u00f1al\u00f3 \u201cla nuestra es una de las principales prestadoras de PAMI del sector noroeste de la provincia, y en esta ciudad tambi\u00e9n integra el Comit\u00e9 de Crisis, y nos hemos encontrado que en ciudades como; Pilar, Moreno, Escobar, Tigre, con personas que hacen el famoso \u201ccuento del t\u00edo\u201d aludiendo pertenecer a nuestra prestadora\u201d.<\/p>\n\n\n\n<p>\u201cLa idea es poder alertar a los afiliados de la ciudad de Mercedes para que tomen los recaudos necesarios\u201d advirti\u00f3 Scolari y agreg\u00f3 \u201cpor lo que nos vienen indicando desde las ciudades vecinas el objetivo ser\u00edan los afiliados del PAMI\u201d.<\/p>\n\n\n\n<p>En este sentido, Mauricio Scolari, coordinador de Extram\u00e9dica se\u00f1al\u00f3 \u201ctodo lo que es auditoria, control de los profesionales que concurren a los domicilios, entrega de aparatolog\u00eda, entrega de insumos hospitalarios, entrega de medicaci\u00f3n, etc, lo seguimos haciendo entre Andrea y yo, no hay otra persona autorizada\u201d y remarc\u00f3 \u201cest\u00e9n atentos, porque ya ha pasado en otras ciudades, si golpea alguien la puerta en nombre de Mauricio o Andrea a entregar algo, esto no es as\u00ed\u201d.<\/p>\n\n\n\n<p>Y repiti\u00f3 \u201clos \u00fanicos que seguimos haciendo todo lo que es el trabajo de campo, somos Andrea o yo\u201d y \u201cante cualquier duda pueden llamar a los tel\u00e9fonos de Extram\u00e9dica y consultar sin compromiso\u201d.<\/p>\n\n\n\n<p>Fuente: Prensa Municipal<\/p>\n","protected":false},"excerpt":{"rendered":"<p>Desde el servicio de salud Extram\u00e9dica advierten sobre intentos de estafas o robos a trav\u00e9s de los denominados \u201cCuentos del &#8230; <a title=\"Denuncian cuentos del t\u00edo en nombre de una prestadora de salud\" class=\"read-more\" href=\"https:\/\/www.hoymercedes.com.ar\/principal\/2020\/10\/21\/denuncian-cuentos-del-tio-en-nombre-de-una-prestadora-de-salud\/\" aria-label=\"Leer m\u00e1s sobre Denuncian cuentos del t\u00edo en nombre de una prestadora de salud\">Leer m\u00e1s<\/a><\/p>\n","protected":false},"author":5,"featured_media":105730,"comment_status":"closed","ping_status":"open","sticky":false,"template":"","format":"standard","meta":{"_monsterinsights_skip_tracking":false,"_monsterinsights_sitenote_active":false,"_monsterinsights_sitenote_note":"","_monsterinsights_sitenote_category":0,"jetpack_post_was_ever_published":false,"_jetpack_newsletter_access":"","_jetpack_dont_email_post_to_subs":false,"_jetpack_newsletter_tier_id":0,"_jetpack_memberships_contains_paywalled_content":false,"_jetpack_memberships_contains_paid_content":false,"footnotes":"","jetpack_publicize_message":"","jetpack_publicize_feature_enabled":true,"jetpack_social_post_already_shared":true,"jetpack_social_options":{"image_generator_settings":{"template":"highway","default_image_id":0,"font":"","enabled":false},"version":2},"_wpas_customize_per_network":false},"categories":[85],"tags":[],"class_list":["post-118881","post","type-post","status-publish","format-standard","has-post-thumbnail","hentry","category-policial","generate-columns","tablet-grid-50","mobile-grid-100","grid-parent","grid-50"],"jetpack_publicize_connections":[],"jetpack_featured_media_url":"https:\/\/www.hoymercedes.com.ar\/principal\/wp-content\/uploads\/2020\/01\/29-cuento-del-tio-1024x576-1.jpg","wps_subtitle":"","jetpack_sharing_enabled":true,"_links":{"self":[{"href":"https:\/\/www.hoymercedes.com.ar\/principal\/wp-json\/wp\/v2\/posts\/118881","targetHints":{"allow":["GET"]}}],"collection":[{"href":"https:\/\/www.hoymercedes.com.ar\/principal\/wp-json\/wp\/v2\/posts"}],"about":[{"href":"https:\/\/www.hoymercedes.com.ar\/principal\/wp-json\/wp\/v2\/types\/post"}],"author":[{"embeddable":true,"href":"https:\/\/www.hoymercedes.com.ar\/principal\/wp-json\/wp\/v2\/users\/5"}],"replies":[{"embeddable":true,"href":"https:\/\/www.hoymercedes.com.ar\/principal\/wp-json\/wp\/v2\/comments?post=118881"}],"version-history":[{"count":0,"href":"https:\/\/www.hoymercedes.com.ar\/principal\/wp-json\/wp\/v2\/posts\/118881\/revisions"}],"wp:featuredmedia":[{"embeddable":true,"href":"https:\/\/www.hoymercedes.com.ar\/principal\/wp-json\/wp\/v2\/media\/105730"}],"wp:attachment":[{"href":"https:\/\/www.hoymercedes.com.ar\/principal\/wp-json\/wp\/v2\/media?parent=118881"}],"wp:term":[{"taxonomy":"category","embeddable":true,"href":"https:\/\/www.hoymercedes.com.ar\/principal\/wp-json\/wp\/v2\/categories?post=118881"},{"taxonomy":"post_tag","embeddable":true,"href":"https:\/\/www.hoymercedes.com.ar\/principal\/wp-json\/wp\/v2\/tags?post=118881"}],"curies":[{"name":"wp","href":"https:\/\/api.w.org\/{rel}","templated":true}]}}