{"id":118887,"date":"2020-10-21T23:51:34","date_gmt":"2020-10-22T02:51:34","guid":{"rendered":"http:\/\/www.hoymercedes.com.ar\/principal\/?p=118887"},"modified":"2020-10-21T22:03:32","modified_gmt":"2020-10-22T01:03:32","slug":"avanza-la-obra-en-el-barrio-la-amistad","status":"publish","type":"post","link":"https:\/\/www.hoymercedes.com.ar\/principal\/2020\/10\/21\/avanza-la-obra-en-el-barrio-la-amistad\/","title":{"rendered":"Avanza la obra en el barrio La Amistad"},"content":{"rendered":"\n<p>Los vecinos del barrio La Amistad, y tambi\u00e9n los mercedinos en general, entienden que la Municipalidad de Mercedes est\u00e1 llevando adelante una obra trascedente para la seguridad vial, entre otras cosas.Las calles 16 y 10 son importantes para el tr\u00e1nsito en la zona Oeste de la ciudad. La 10 siempre estuvo densamente transitada y en los \u00faltimos a\u00f1os la apertura de la 16 ha generado una descompresi\u00f3n de esta arteria de la ciudad.<\/p>\n\n\n\n<div class=\"wp-block-image\"><figure class=\"aligncenter size-large\"><img loading=\"lazy\" decoding=\"async\" width=\"800\" height=\"533\" data-attachment-id=\"118890\" data-permalink=\"https:\/\/www.hoymercedes.com.ar\/principal\/2020\/10\/21\/coronavirus-fallecio-un-paciente-y-se-suman-18-casos-positivos\/dsc08606\/#main\" data-orig-file=\"https:\/\/www.hoymercedes.com.ar\/principal\/wp-content\/uploads\/2020\/10\/DSC08606.jpg\" data-orig-size=\"800,533\" data-comments-opened=\"0\" data-image-meta=\"{&quot;aperture&quot;:&quot;0&quot;,&quot;credit&quot;:&quot;&quot;,&quot;camera&quot;:&quot;&quot;,&quot;caption&quot;:&quot;&quot;,&quot;created_timestamp&quot;:&quot;0&quot;,&quot;copyright&quot;:&quot;&quot;,&quot;focal_length&quot;:&quot;0&quot;,&quot;iso&quot;:&quot;0&quot;,&quot;shutter_speed&quot;:&quot;0&quot;,&quot;title&quot;:&quot;&quot;,&quot;orientation&quot;:&quot;0&quot;}\" data-image-title=\"DSC08606\" data-image-description=\"\" data-image-caption=\"\" data-large-file=\"https:\/\/www.hoymercedes.com.ar\/principal\/wp-content\/uploads\/2020\/10\/DSC08606.jpg\" src=\"https:\/\/www.hoymercedes.com.ar\/principal\/wp-content\/uploads\/2020\/10\/DSC08606.jpg\" alt=\"\" class=\"wp-image-118890\" srcset=\"https:\/\/www.hoymercedes.com.ar\/principal\/wp-content\/uploads\/2020\/10\/DSC08606.jpg 800w, https:\/\/www.hoymercedes.com.ar\/principal\/wp-content\/uploads\/2020\/10\/DSC08606-630x420.jpg 630w, https:\/\/www.hoymercedes.com.ar\/principal\/wp-content\/uploads\/2020\/10\/DSC08606-150x100.jpg 150w, https:\/\/www.hoymercedes.com.ar\/principal\/wp-content\/uploads\/2020\/10\/DSC08606-700x465.jpg 700w\" sizes=\"auto, (max-width: 800px) 100vw, 800px\" \/><\/figure><\/div>\n\n\n\n<p>La obra en la zona del barrio La Amistad es la complementaci\u00f3n de estas pol\u00edticas de mejor calidad de vida para los vecinos, no s\u00f3lo de una barriada en particular, sino tambi\u00e9n de los vecinos en general. Los detalles de la obra de La Amistad sin interesantes y dejan en claro la gran inversi\u00f3n que hizo el intendente Juan Ustarroz. <\/p>\n\n\n\n<p>\u201cEs una ca\u00f1er\u00eda de gran di\u00e1metro que va por la calle 49 desde la 12 hasta la calle 16. Con esto se solucionar\u00e1 el problema que ocurre cuando llueve en la curva de la 12 y esquina diagonal 51 y escurrir\u00e1 menos agua por la calle 14 desde la 49 hasta la 51\u201d, expres\u00f3 con benepl\u00e1cito el presidente del Concejo Deliberante Mat\u00edas Dematei.<\/p>\n\n\n\n<p>Adem\u00e1s, confirm\u00f3 que se eliminar\u00e1n las zanjas que existen en la calle 49 entre 16 y 12; en la calle 14 entre 47 y 49 y diagonal 51 entre la12 y la14.<\/p>\n\n\n\n<p>M\u00e1s all\u00e1 de este trabajo hidr\u00e1ulico realizado, las obras de pavimentaci\u00f3n ya se empiezan a desarrollar en algunas calles. \u201cPavimentando la calle 49 y diagonal 51 se conectar\u00e1 la calle 12 y la 16. Se tendr\u00e1 una calle paralela a la 47, aliviando el tr\u00e1nsito de esta \u00faltima\u201d, analiz\u00f3 Dematei. <\/p>\n\n\n\n<p>El presidente del Concejo Deliberante destac\u00f3 la forma de trabajar que tiene el municipio de Mercedes. \u201cTodo parte del di\u00e1logo con los vecinos y del planteo de sus necesidades. El intendente siempre nos dice que no debemos llevar adelante acciones de gobierno sin antes escuchar a los mercedinos para luego planificar y accionar\u201d, asegur\u00f3 Dematei.<\/p>\n","protected":false},"excerpt":{"rendered":"<p>Los vecinos del barrio La Amistad, y tambi\u00e9n los mercedinos en general, entienden que la Municipalidad de Mercedes est\u00e1 llevando &#8230; <a title=\"Avanza la obra en el barrio La Amistad\" class=\"read-more\" href=\"https:\/\/www.hoymercedes.com.ar\/principal\/2020\/10\/21\/avanza-la-obra-en-el-barrio-la-amistad\/\" aria-label=\"Leer m\u00e1s sobre Avanza la obra en el barrio La Amistad\">Leer m\u00e1s<\/a><\/p>\n","protected":false},"author":5,"featured_media":118890,"comment_status":"closed","ping_status":"open","sticky":false,"template":"","format":"standard","meta":{"_monsterinsights_skip_tracking":false,"_monsterinsights_sitenote_active":false,"_monsterinsights_sitenote_note":"","_monsterinsights_sitenote_category":0,"jetpack_post_was_ever_published":false,"_jetpack_newsletter_access":"","_jetpack_dont_email_post_to_subs":false,"_jetpack_newsletter_tier_id":0,"_jetpack_memberships_contains_paywalled_content":false,"_jetpack_memberships_contains_paid_content":false,"footnotes":"","jetpack_publicize_message":"","jetpack_publicize_feature_enabled":true,"jetpack_social_post_already_shared":true,"jetpack_social_options":{"image_generator_settings":{"template":"highway","default_image_id":0,"font":"","enabled":false},"version":2},"_wpas_customize_per_network":false},"categories":[30],"tags":[],"class_list":["post-118887","post","type-post","status-publish","format-standard","has-post-thumbnail","hentry","category-municipio","generate-columns","tablet-grid-50","mobile-grid-100","grid-parent","grid-50"],"jetpack_publicize_connections":[],"jetpack_featured_media_url":"https:\/\/www.hoymercedes.com.ar\/principal\/wp-content\/uploads\/2020\/10\/DSC08606.jpg","wps_subtitle":"Obras p\u00fablicas","jetpack_sharing_enabled":true,"_links":{"self":[{"href":"https:\/\/www.hoymercedes.com.ar\/principal\/wp-json\/wp\/v2\/posts\/118887","targetHints":{"allow":["GET"]}}],"collection":[{"href":"https:\/\/www.hoymercedes.com.ar\/principal\/wp-json\/wp\/v2\/posts"}],"about":[{"href":"https:\/\/www.hoymercedes.com.ar\/principal\/wp-json\/wp\/v2\/types\/post"}],"author":[{"embeddable":true,"href":"https:\/\/www.hoymercedes.com.ar\/principal\/wp-json\/wp\/v2\/users\/5"}],"replies":[{"embeddable":true,"href":"https:\/\/www.hoymercedes.com.ar\/principal\/wp-json\/wp\/v2\/comments?post=118887"}],"version-history":[{"count":0,"href":"https:\/\/www.hoymercedes.com.ar\/principal\/wp-json\/wp\/v2\/posts\/118887\/revisions"}],"wp:featuredmedia":[{"embeddable":true,"href":"https:\/\/www.hoymercedes.com.ar\/principal\/wp-json\/wp\/v2\/media\/118890"}],"wp:attachment":[{"href":"https:\/\/www.hoymercedes.com.ar\/principal\/wp-json\/wp\/v2\/media?parent=118887"}],"wp:term":[{"taxonomy":"category","embeddable":true,"href":"https:\/\/www.hoymercedes.com.ar\/principal\/wp-json\/wp\/v2\/categories?post=118887"},{"taxonomy":"post_tag","embeddable":true,"href":"https:\/\/www.hoymercedes.com.ar\/principal\/wp-json\/wp\/v2\/tags?post=118887"}],"curies":[{"name":"wp","href":"https:\/\/api.w.org\/{rel}","templated":true}]}}