{"id":118898,"date":"2020-10-22T07:05:16","date_gmt":"2020-10-22T10:05:16","guid":{"rendered":"http:\/\/www.hoymercedes.com.ar\/principal\/?p=118898"},"modified":"2020-10-22T10:24:43","modified_gmt":"2020-10-22T13:24:43","slug":"modificaciones-para-la-emision-del-documento-de-transito-vegetal-electronico","status":"publish","type":"post","link":"https:\/\/www.hoymercedes.com.ar\/principal\/2020\/10\/22\/modificaciones-para-la-emision-del-documento-de-transito-vegetal-electronico\/","title":{"rendered":"Modificaciones para la emisi\u00f3n del Documento de Tr\u00e1nsito Vegetal electr\u00f3nico"},"content":{"rendered":"\n<p>El Servicio Nacional de Sanidad y Calidad Agroalimentaria (Senasa) informa a todos los operadores de material de propagaci\u00f3n vegetal (viveros) que, a partir del lunes 2 de noviembre, el destino \u201cMinorista\u201d dejar\u00e1 de estar disponible como tal en el Sig-DTV para movimientos originados en viveros.<\/p>\n\n\n\n<p>En su reemplazo, para los movimientos de material vegetal destinado a la implantaci\u00f3n para uso particular, se deber\u00e1 seleccionar el destino \u00abConsumidor Final\u00bb y, como motivo, \u00abVenta al p\u00fablico\u00bb.<\/p>\n\n\n\n<p>Cabe destacar que el DTV-e tiene car\u00e1cter de declaraci\u00f3n jurada. Por tal raz\u00f3n, cualquier falsedad de los datos consignados o desv\u00edo de uso del material trasladado podr\u00e1 ser sancionado por el Senasa.<\/p>\n\n\n\n<p>Ante cualquier consulta, podr\u00e1n comunicarse con la sede del Centro Regional Buenos Aires Norte, en la ciudad de Chivilcoy, a los tel\u00e9fonos (02346) 436271\/72\/73 interno 1041 \/ 1042 o v\u00eda correo electr\u00f3nico a <a href=\"mailto:dtv@senasa.gov.ar\">dtv@senasa.gov.ar<\/a> o a <a href=\"mailto:viveros@senasa.gob.ar\">viveros@senasa.gob.ar<\/a>, o dirigirse a la oficina Senasa m\u00e1s pr\u00f3xima a su unidad productiva.<\/p>\n","protected":false},"excerpt":{"rendered":"<p>El Servicio Nacional de Sanidad y Calidad Agroalimentaria (Senasa) informa a todos los operadores de material de propagaci\u00f3n vegetal (viveros) &#8230; <a title=\"Modificaciones para la emisi\u00f3n del Documento de Tr\u00e1nsito Vegetal electr\u00f3nico\" class=\"read-more\" href=\"https:\/\/www.hoymercedes.com.ar\/principal\/2020\/10\/22\/modificaciones-para-la-emision-del-documento-de-transito-vegetal-electronico\/\" aria-label=\"Leer m\u00e1s sobre Modificaciones para la emisi\u00f3n del Documento de Tr\u00e1nsito Vegetal electr\u00f3nico\">Leer m\u00e1s<\/a><\/p>\n","protected":false},"author":1,"featured_media":118902,"comment_status":"closed","ping_status":"open","sticky":false,"template":"","format":"standard","meta":{"_monsterinsights_skip_tracking":false,"_monsterinsights_sitenote_active":false,"_monsterinsights_sitenote_note":"","_monsterinsights_sitenote_category":0,"jetpack_post_was_ever_published":false,"_jetpack_newsletter_access":"","_jetpack_dont_email_post_to_subs":false,"_jetpack_newsletter_tier_id":0,"_jetpack_memberships_contains_paywalled_content":false,"_jetpack_memberships_contains_paid_content":false,"footnotes":"","jetpack_publicize_message":"","jetpack_publicize_feature_enabled":true,"jetpack_social_post_already_shared":true,"jetpack_social_options":{"image_generator_settings":{"template":"highway","default_image_id":0,"font":"","enabled":false},"version":2},"_wpas_customize_per_network":false},"categories":[17182],"tags":[],"class_list":["post-118898","post","type-post","status-publish","format-standard","has-post-thumbnail","hentry","category-nacion","generate-columns","tablet-grid-50","mobile-grid-100","grid-parent","grid-50"],"jetpack_publicize_connections":[],"jetpack_featured_media_url":"https:\/\/www.hoymercedes.com.ar\/principal\/wp-content\/uploads\/2020\/10\/22-senasa-1.jpeg","wps_subtitle":"Sanidad vegetal","jetpack_sharing_enabled":true,"_links":{"self":[{"href":"https:\/\/www.hoymercedes.com.ar\/principal\/wp-json\/wp\/v2\/posts\/118898","targetHints":{"allow":["GET"]}}],"collection":[{"href":"https:\/\/www.hoymercedes.com.ar\/principal\/wp-json\/wp\/v2\/posts"}],"about":[{"href":"https:\/\/www.hoymercedes.com.ar\/principal\/wp-json\/wp\/v2\/types\/post"}],"author":[{"embeddable":true,"href":"https:\/\/www.hoymercedes.com.ar\/principal\/wp-json\/wp\/v2\/users\/1"}],"replies":[{"embeddable":true,"href":"https:\/\/www.hoymercedes.com.ar\/principal\/wp-json\/wp\/v2\/comments?post=118898"}],"version-history":[{"count":0,"href":"https:\/\/www.hoymercedes.com.ar\/principal\/wp-json\/wp\/v2\/posts\/118898\/revisions"}],"wp:featuredmedia":[{"embeddable":true,"href":"https:\/\/www.hoymercedes.com.ar\/principal\/wp-json\/wp\/v2\/media\/118902"}],"wp:attachment":[{"href":"https:\/\/www.hoymercedes.com.ar\/principal\/wp-json\/wp\/v2\/media?parent=118898"}],"wp:term":[{"taxonomy":"category","embeddable":true,"href":"https:\/\/www.hoymercedes.com.ar\/principal\/wp-json\/wp\/v2\/categories?post=118898"},{"taxonomy":"post_tag","embeddable":true,"href":"https:\/\/www.hoymercedes.com.ar\/principal\/wp-json\/wp\/v2\/tags?post=118898"}],"curies":[{"name":"wp","href":"https:\/\/api.w.org\/{rel}","templated":true}]}}