{"id":118915,"date":"2020-10-22T18:33:55","date_gmt":"2020-10-22T21:33:55","guid":{"rendered":"http:\/\/www.hoymercedes.com.ar\/principal\/?p=118915"},"modified":"2020-10-23T09:59:48","modified_gmt":"2020-10-23T12:59:48","slug":"capacitan-a-mujeres-recicladoras-del-programa-potenciar","status":"publish","type":"post","link":"https:\/\/www.hoymercedes.com.ar\/principal\/2020\/10\/22\/capacitan-a-mujeres-recicladoras-del-programa-potenciar\/","title":{"rendered":"Capacitan a Mujeres Recicladoras del programa Potenciar"},"content":{"rendered":"\n<p>La Direcci\u00f3n de Ambiente del Municipio de Mercedes realiz\u00f3 una capacitaci\u00f3n con el grupo de Mujeres Recicladoras del programa Potenciar, mediante por el cual, se informa y brinda herramientas te\u00f3ricas, con el fin de la creaci\u00f3n de equipos para la separaci\u00f3n barrial en origen.<\/p>\n\n\n\n<div class=\"wp-block-image\"><figure class=\"aligncenter size-large\"><img loading=\"lazy\" decoding=\"async\" width=\"800\" height=\"533\" data-attachment-id=\"118918\" data-permalink=\"https:\/\/www.hoymercedes.com.ar\/principal\/2020\/10\/22\/capacitan-a-mujeres-recicladoras-del-programa-potenciar\/22-mujeres-muni\/#main\" data-orig-file=\"https:\/\/www.hoymercedes.com.ar\/principal\/wp-content\/uploads\/2020\/10\/22-mujeres-muni.jpeg\" data-orig-size=\"800,533\" data-comments-opened=\"0\" data-image-meta=\"{&quot;aperture&quot;:&quot;0&quot;,&quot;credit&quot;:&quot;&quot;,&quot;camera&quot;:&quot;&quot;,&quot;caption&quot;:&quot;&quot;,&quot;created_timestamp&quot;:&quot;0&quot;,&quot;copyright&quot;:&quot;&quot;,&quot;focal_length&quot;:&quot;0&quot;,&quot;iso&quot;:&quot;0&quot;,&quot;shutter_speed&quot;:&quot;0&quot;,&quot;title&quot;:&quot;&quot;,&quot;orientation&quot;:&quot;0&quot;}\" data-image-title=\"22 mujeres muni\" data-image-description=\"\" data-image-caption=\"\" data-large-file=\"https:\/\/www.hoymercedes.com.ar\/principal\/wp-content\/uploads\/2020\/10\/22-mujeres-muni.jpeg\" src=\"https:\/\/www.hoymercedes.com.ar\/principal\/wp-content\/uploads\/2020\/10\/22-mujeres-muni.jpeg\" alt=\"\" class=\"wp-image-118918\" srcset=\"https:\/\/www.hoymercedes.com.ar\/principal\/wp-content\/uploads\/2020\/10\/22-mujeres-muni.jpeg 800w, https:\/\/www.hoymercedes.com.ar\/principal\/wp-content\/uploads\/2020\/10\/22-mujeres-muni-630x420.jpeg 630w, https:\/\/www.hoymercedes.com.ar\/principal\/wp-content\/uploads\/2020\/10\/22-mujeres-muni-150x100.jpeg 150w, https:\/\/www.hoymercedes.com.ar\/principal\/wp-content\/uploads\/2020\/10\/22-mujeres-muni-700x465.jpeg 700w\" sizes=\"auto, (max-width: 800px) 100vw, 800px\" \/><\/figure><\/div>\n\n\n\n<p>Este es un trabajo articulado con el grupo Potenciar del Ministerio de Desarrollo Social de la Naci\u00f3n Servicios P\u00fablicos y la Direcci\u00f3n de Ambiente de la Municipalidad y el MTE Recicladores Urbanos Mercedes.<br>Juan Cruz Mendia, quien est\u00e1 al frente de la direcci\u00f3n de ambiente cont\u00f3 \u201ccomenzamos a hacer capacitaciones a un grupo de mujeres recicladoras que son del programa Potenciar y que nos van a acompa\u00f1ar en la promoci\u00f3n ambiental\u201d.<\/p>\n\n\n\n<p>Asimismo, el Director de Ambiente, expres\u00f3 \u201ca partir de noviembre vamos a instalar puntos verdes o Ecopuntos en la ciudad, similares a los que se encuentran en el predio de La Trocha y en el parque Municipal\u201d y agreg\u00f3 \u201cla idea es colocar 6 lugares nuevos y las encargadas de hacer la promoci\u00f3n y comunicar esto ser\u00e1n este grupo de mujeres\u201d.<\/p>\n\n\n\n<p>\u201cEste es un trabajo articulado entre nuestra \u00e1rea, Servicios P\u00fablicos y el grupo Potenciar, con el objetivo de darle una vuelta m\u00e1s a la recolecci\u00f3n diferenciada y comenzar a hacer funcional estas campanas que nos permitir\u00e1n separar m\u00e1s residuos y as\u00ed reducir la cantidad que se dispone al CEAMSE, lo que redundar\u00e1 en un gasto menor para el Municipio y la ciudad\u201d explic\u00f3 Mendia y apunt\u00f3 \u201cen nuestra ciudad tenemos de promedio 60 toneladas diarias -depende de la estaci\u00f3n- de residuos, lo que conlleva un costo alto de log\u00edstica para el municipio, por eso, la idea es comenzar a reducir estas proporciones\u201d<\/p>\n\n\n\n<p>\u00abEn este trabajo de separaci\u00f3n en origen, adem\u00e1s de reducir costos y vol\u00famenes, iniciamos acciones para poder generar ingresos para la ciudad\u201d, dijo y agreg\u00f3: \u00abNosotros tenemos un trabajo articulado con el MTE donde todo lo que recolectamos pasa por ellos, donde lo prensan, lo enfardan y lo venden. La intenci\u00f3n es que el grupo de las mujeres recicladoras se sumen a este trabajo. Es decir, estamos tratando de armar todo este c\u00edrculo virtuoso, que no s\u00f3lo favorece al medio ambiente, sino que tambi\u00e9n, genera trabajo e ingresos a los vecinos de la ciudad\u201d y agreg\u00f3 \u201cesto se suma a la entrega de maquinaria que nos estar\u00e1 haciendo el Gobierno Nacional, lo que nos permitir\u00e1 estar mejor parados y darle una impronta diferente en todo lo concerniente a la recolecci\u00f3n y tratamiento de residuos en la ciudad a partir del a\u00f1o que viene\u201d.<br>En este punto es importante recordar que, durante los primeros d\u00edas de octubre, el Municipio de Mercedes firm\u00f3 un importante convenio con el Ministerio de Ambiente y Desarrollo Sostenible de la Naci\u00f3n, que permitir\u00e1 recibir equipamiento para la gesti\u00f3n integral de residuos s\u00f3lidos urbanos.<\/p>\n\n\n\n<p>Por Prensa Municipal<\/p>\n","protected":false},"excerpt":{"rendered":"<p>La Direcci\u00f3n de Ambiente del Municipio de Mercedes realiz\u00f3 una capacitaci\u00f3n con el grupo de Mujeres Recicladoras del programa Potenciar, &#8230; <a title=\"Capacitan a Mujeres Recicladoras del programa Potenciar\" class=\"read-more\" href=\"https:\/\/www.hoymercedes.com.ar\/principal\/2020\/10\/22\/capacitan-a-mujeres-recicladoras-del-programa-potenciar\/\" aria-label=\"Leer m\u00e1s sobre Capacitan a Mujeres Recicladoras del programa Potenciar\">Leer m\u00e1s<\/a><\/p>\n","protected":false},"author":1,"featured_media":118918,"comment_status":"closed","ping_status":"open","sticky":false,"template":"","format":"standard","meta":{"_monsterinsights_skip_tracking":false,"_monsterinsights_sitenote_active":false,"_monsterinsights_sitenote_note":"","_monsterinsights_sitenote_category":0,"jetpack_post_was_ever_published":false,"_jetpack_newsletter_access":"","_jetpack_dont_email_post_to_subs":false,"_jetpack_newsletter_tier_id":0,"_jetpack_memberships_contains_paywalled_content":false,"_jetpack_memberships_contains_paid_content":false,"footnotes":"","jetpack_publicize_message":"","jetpack_publicize_feature_enabled":true,"jetpack_social_post_already_shared":true,"jetpack_social_options":{"image_generator_settings":{"template":"highway","default_image_id":0,"font":"","enabled":false},"version":2},"_wpas_customize_per_network":false},"categories":[30],"tags":[8656,43,244,17214],"class_list":["post-118915","post","type-post","status-publish","format-standard","has-post-thumbnail","hentry","category-municipio","tag-capacitacion","tag-medio-ambiente","tag-municipio-2","tag-programa-potenciar","generate-columns","tablet-grid-50","mobile-grid-100","grid-parent","grid-50"],"jetpack_publicize_connections":[],"jetpack_featured_media_url":"https:\/\/www.hoymercedes.com.ar\/principal\/wp-content\/uploads\/2020\/10\/22-mujeres-muni.jpeg","wps_subtitle":"","jetpack_sharing_enabled":true,"_links":{"self":[{"href":"https:\/\/www.hoymercedes.com.ar\/principal\/wp-json\/wp\/v2\/posts\/118915","targetHints":{"allow":["GET"]}}],"collection":[{"href":"https:\/\/www.hoymercedes.com.ar\/principal\/wp-json\/wp\/v2\/posts"}],"about":[{"href":"https:\/\/www.hoymercedes.com.ar\/principal\/wp-json\/wp\/v2\/types\/post"}],"author":[{"embeddable":true,"href":"https:\/\/www.hoymercedes.com.ar\/principal\/wp-json\/wp\/v2\/users\/1"}],"replies":[{"embeddable":true,"href":"https:\/\/www.hoymercedes.com.ar\/principal\/wp-json\/wp\/v2\/comments?post=118915"}],"version-history":[{"count":0,"href":"https:\/\/www.hoymercedes.com.ar\/principal\/wp-json\/wp\/v2\/posts\/118915\/revisions"}],"wp:featuredmedia":[{"embeddable":true,"href":"https:\/\/www.hoymercedes.com.ar\/principal\/wp-json\/wp\/v2\/media\/118918"}],"wp:attachment":[{"href":"https:\/\/www.hoymercedes.com.ar\/principal\/wp-json\/wp\/v2\/media?parent=118915"}],"wp:term":[{"taxonomy":"category","embeddable":true,"href":"https:\/\/www.hoymercedes.com.ar\/principal\/wp-json\/wp\/v2\/categories?post=118915"},{"taxonomy":"post_tag","embeddable":true,"href":"https:\/\/www.hoymercedes.com.ar\/principal\/wp-json\/wp\/v2\/tags?post=118915"}],"curies":[{"name":"wp","href":"https:\/\/api.w.org\/{rel}","templated":true}]}}