{"id":118954,"date":"2020-10-23T12:23:54","date_gmt":"2020-10-23T15:23:54","guid":{"rendered":"http:\/\/www.hoymercedes.com.ar\/principal\/?p=118954"},"modified":"2020-10-23T18:46:36","modified_gmt":"2020-10-23T21:46:36","slug":"reunion-virtual-de-diferentes-areas-de-cultura-municipales","status":"publish","type":"post","link":"https:\/\/www.hoymercedes.com.ar\/principal\/2020\/10\/23\/reunion-virtual-de-diferentes-areas-de-cultura-municipales\/","title":{"rendered":"Reuni\u00f3n virtual de diferentes \u00e1reas de Cultura Municipales"},"content":{"rendered":"\n<p>El \u00e1rea de Cultura de la Municipalidad de Mercedes particip\u00f3 de una reuniones virtuales con directores del \u00e1rea de localidades de la regi\u00f3n con el fin de trabajar en el programa \u00abDesarrollar Cultura\u00bb de Naci\u00f3n, as\u00ed como el trabajo en recursos econ\u00f3micos que solventen a nivel estructural y humano la cultura.<\/p>\n\n\n\n<div class=\"wp-block-image\"><figure class=\"aligncenter size-large\"><img loading=\"lazy\" decoding=\"async\" width=\"800\" height=\"656\" data-attachment-id=\"118955\" data-permalink=\"https:\/\/www.hoymercedes.com.ar\/principal\/2020\/10\/23\/reunion-virtual-de-diferentes-areas-de-cultura-municipales\/23-zoom-cultura\/#main\" data-orig-file=\"https:\/\/www.hoymercedes.com.ar\/principal\/wp-content\/uploads\/2020\/10\/23-zoom-Cultura.jpg\" data-orig-size=\"800,656\" data-comments-opened=\"0\" data-image-meta=\"{&quot;aperture&quot;:&quot;0&quot;,&quot;credit&quot;:&quot;&quot;,&quot;camera&quot;:&quot;&quot;,&quot;caption&quot;:&quot;&quot;,&quot;created_timestamp&quot;:&quot;0&quot;,&quot;copyright&quot;:&quot;&quot;,&quot;focal_length&quot;:&quot;0&quot;,&quot;iso&quot;:&quot;0&quot;,&quot;shutter_speed&quot;:&quot;0&quot;,&quot;title&quot;:&quot;&quot;,&quot;orientation&quot;:&quot;0&quot;}\" data-image-title=\"23 zoom-Cultura\" data-image-description=\"\" data-image-caption=\"\" data-large-file=\"https:\/\/www.hoymercedes.com.ar\/principal\/wp-content\/uploads\/2020\/10\/23-zoom-Cultura.jpg\" src=\"https:\/\/www.hoymercedes.com.ar\/principal\/wp-content\/uploads\/2020\/10\/23-zoom-Cultura.jpg\" alt=\"\" class=\"wp-image-118955\" srcset=\"https:\/\/www.hoymercedes.com.ar\/principal\/wp-content\/uploads\/2020\/10\/23-zoom-Cultura.jpg 800w, https:\/\/www.hoymercedes.com.ar\/principal\/wp-content\/uploads\/2020\/10\/23-zoom-Cultura-630x517.jpg 630w, https:\/\/www.hoymercedes.com.ar\/principal\/wp-content\/uploads\/2020\/10\/23-zoom-Cultura-150x123.jpg 150w\" sizes=\"auto, (max-width: 800px) 100vw, 800px\" \/><\/figure><\/div>\n\n\n\n<p>El programa \u201cDesarrollar Cultura\u201d del Ministerio de Cultura de la Naci\u00f3n busca apoyar y sostener a los espacios culturales y aport\u00f3 dos entregas dinerarias en car\u00e1cter de subsidio, lo que resulta ser de gran ayuda a un sector que fue muy afectado por la pandemia.<br><br>Adem\u00e1s se realizaron encuentros virtuales, entre las diferentes \u00e1reas de cultura de los distritos de la provincia de Buenos Aires con la Directora de Acci\u00f3n Federal del Ministerio de Cultura de la Naci\u00f3n, Laura Bianchi \u201cpara continuar diagramando acciones a trav\u00e9s del programa Fortalecer Cultura y de esa manera as\u00ed poder trabajarlo mejor en nuestras localidades\u201d se\u00f1al\u00f3 la directora de cultura Luc\u00eda Capaccio.<br><br>\u201cDebido a la pandemia todo lo referente a los espacios culturales se vio duramente afectado, donde m\u00e1s all\u00e1 del sostenimiento, por parte del Municipio de Mercedes, de muchos programas culturales de manera virtual, se vive una situaci\u00f3n compleja\u201d apunt\u00f3 Capaccio y destac\u00f3 \u201cpor eso venimos trabajando articuladamente con el Estado Nacional y Provincial en estos programas que traen un alivio muy grande al sector\u201d.<br><br>Por otro lado, la Directora de Cultura se\u00f1al\u00f3 \u201cadem\u00e1s, ya estamos planificando la post pandemia y de c\u00f3mo seguir invirtiendo y pensando a la cultura como una herramienta fundamental en el desarrollo y bienestar de la vida de los mercedinos\u201d.<\/p>\n","protected":false},"excerpt":{"rendered":"<p>El \u00e1rea de Cultura de la Municipalidad de Mercedes particip\u00f3 de una reuniones virtuales con directores del \u00e1rea de localidades &#8230; <a title=\"Reuni\u00f3n virtual de diferentes \u00e1reas de Cultura Municipales\" class=\"read-more\" href=\"https:\/\/www.hoymercedes.com.ar\/principal\/2020\/10\/23\/reunion-virtual-de-diferentes-areas-de-cultura-municipales\/\" aria-label=\"Leer m\u00e1s sobre Reuni\u00f3n virtual de diferentes \u00e1reas de Cultura Municipales\">Leer m\u00e1s<\/a><\/p>\n","protected":false},"author":1,"featured_media":118955,"comment_status":"closed","ping_status":"open","sticky":false,"template":"","format":"standard","meta":{"_monsterinsights_skip_tracking":false,"_monsterinsights_sitenote_active":false,"_monsterinsights_sitenote_note":"","_monsterinsights_sitenote_category":0,"jetpack_post_was_ever_published":false,"_jetpack_newsletter_access":"","_jetpack_dont_email_post_to_subs":false,"_jetpack_newsletter_tier_id":0,"_jetpack_memberships_contains_paywalled_content":false,"_jetpack_memberships_contains_paid_content":false,"footnotes":"","jetpack_publicize_message":"","jetpack_publicize_feature_enabled":true,"jetpack_social_post_already_shared":true,"jetpack_social_options":{"image_generator_settings":{"template":"highway","default_image_id":0,"font":"","enabled":false},"version":2},"_wpas_customize_per_network":false},"categories":[30],"tags":[],"class_list":["post-118954","post","type-post","status-publish","format-standard","has-post-thumbnail","hentry","category-municipio","generate-columns","tablet-grid-50","mobile-grid-100","grid-parent","grid-50"],"jetpack_publicize_connections":[],"jetpack_featured_media_url":"https:\/\/www.hoymercedes.com.ar\/principal\/wp-content\/uploads\/2020\/10\/23-zoom-Cultura.jpg","wps_subtitle":"","jetpack_sharing_enabled":true,"_links":{"self":[{"href":"https:\/\/www.hoymercedes.com.ar\/principal\/wp-json\/wp\/v2\/posts\/118954","targetHints":{"allow":["GET"]}}],"collection":[{"href":"https:\/\/www.hoymercedes.com.ar\/principal\/wp-json\/wp\/v2\/posts"}],"about":[{"href":"https:\/\/www.hoymercedes.com.ar\/principal\/wp-json\/wp\/v2\/types\/post"}],"author":[{"embeddable":true,"href":"https:\/\/www.hoymercedes.com.ar\/principal\/wp-json\/wp\/v2\/users\/1"}],"replies":[{"embeddable":true,"href":"https:\/\/www.hoymercedes.com.ar\/principal\/wp-json\/wp\/v2\/comments?post=118954"}],"version-history":[{"count":0,"href":"https:\/\/www.hoymercedes.com.ar\/principal\/wp-json\/wp\/v2\/posts\/118954\/revisions"}],"wp:featuredmedia":[{"embeddable":true,"href":"https:\/\/www.hoymercedes.com.ar\/principal\/wp-json\/wp\/v2\/media\/118955"}],"wp:attachment":[{"href":"https:\/\/www.hoymercedes.com.ar\/principal\/wp-json\/wp\/v2\/media?parent=118954"}],"wp:term":[{"taxonomy":"category","embeddable":true,"href":"https:\/\/www.hoymercedes.com.ar\/principal\/wp-json\/wp\/v2\/categories?post=118954"},{"taxonomy":"post_tag","embeddable":true,"href":"https:\/\/www.hoymercedes.com.ar\/principal\/wp-json\/wp\/v2\/tags?post=118954"}],"curies":[{"name":"wp","href":"https:\/\/api.w.org\/{rel}","templated":true}]}}