{"id":118983,"date":"2020-10-25T09:00:06","date_gmt":"2020-10-25T12:00:06","guid":{"rendered":"http:\/\/www.hoymercedes.com.ar\/principal\/?p=118983"},"modified":"2020-10-27T09:24:30","modified_gmt":"2020-10-27T12:24:30","slug":"ustarroz-convocado-para-exponer-ante-unicef-onu-y-consejo-asesor-de-primera-infancia","status":"publish","type":"post","link":"https:\/\/www.hoymercedes.com.ar\/principal\/2020\/10\/25\/ustarroz-convocado-para-exponer-ante-unicef-onu-y-consejo-asesor-de-primera-infancia\/","title":{"rendered":"Ustarroz convocado para exponer ante Unicef, ONU y Consejo Asesor de Primera Infancia"},"content":{"rendered":"\n<figure class=\"wp-block-image size-large\"><img loading=\"lazy\" decoding=\"async\" width=\"1024\" height=\"576\" data-attachment-id=\"118984\" data-permalink=\"https:\/\/www.hoymercedes.com.ar\/principal\/2020\/10\/25\/ustarroz-convocado-para-exponer-ante-unicef-onu-y-consejo-asesor-de-primera-infancia\/dsc08466\/#main\" data-orig-file=\"https:\/\/www.hoymercedes.com.ar\/principal\/wp-content\/uploads\/2020\/10\/DSC08466.jpg\" data-orig-size=\"1113,626\" data-comments-opened=\"0\" data-image-meta=\"{&quot;aperture&quot;:&quot;0&quot;,&quot;credit&quot;:&quot;&quot;,&quot;camera&quot;:&quot;&quot;,&quot;caption&quot;:&quot;&quot;,&quot;created_timestamp&quot;:&quot;0&quot;,&quot;copyright&quot;:&quot;&quot;,&quot;focal_length&quot;:&quot;0&quot;,&quot;iso&quot;:&quot;0&quot;,&quot;shutter_speed&quot;:&quot;0&quot;,&quot;title&quot;:&quot;&quot;,&quot;orientation&quot;:&quot;0&quot;}\" data-image-title=\"DSC08466\" data-image-description=\"\" data-image-caption=\"\" data-large-file=\"https:\/\/www.hoymercedes.com.ar\/principal\/wp-content\/uploads\/2020\/10\/DSC08466-1024x576.jpg\" src=\"https:\/\/www.hoymercedes.com.ar\/principal\/wp-content\/uploads\/2020\/10\/DSC08466-1024x576.jpg\" alt=\"\" class=\"wp-image-118984\" srcset=\"https:\/\/www.hoymercedes.com.ar\/principal\/wp-content\/uploads\/2020\/10\/DSC08466-1024x576.jpg 1024w, https:\/\/www.hoymercedes.com.ar\/principal\/wp-content\/uploads\/2020\/10\/DSC08466-630x354.jpg 630w, https:\/\/www.hoymercedes.com.ar\/principal\/wp-content\/uploads\/2020\/10\/DSC08466-150x84.jpg 150w, https:\/\/www.hoymercedes.com.ar\/principal\/wp-content\/uploads\/2020\/10\/DSC08466.jpg 1113w\" sizes=\"auto, (max-width: 1024px) 100vw, 1024px\" \/><\/figure>\n\n\n\n<p>El intendente Dr. Juan I. Ustarroz fue convocado para ser parte del panel del \u201cConsejo Asesor del Programa Conjunto Primera infancia y desarrollo sostenible\u201d de UNICEF, ONU y la participaci\u00f3n del gobierno nacional. Expuso el jefe comunal ante referentes vinculados a la ni\u00f1ez de distintos puntos del pa\u00eds y tambi\u00e9n re Am\u00e9rica Latina.<\/p>\n\n\n\n<p>\u201cUno de los objetivos de nuestro Consejo es promover la cooperaci\u00f3n, la reflexi\u00f3n, entre diferentes provincias y gobiernos locales sobre sus modelos de intervenci\u00f3n, lecciones aprendidas y buenas pr\u00e1cticas\u201d afirm\u00f3 Fabiola Ya\u00f1ez, quien inici\u00f3 la actividad remarcando entre los ejemplos \u201cdel \u00e1mbito municipal, a trav\u00e9s del testimonio del intendente Ustarroz\u201d destacando que \u201cla primera infancia tiene un rol central en esta tarea y este programa conjunto primera infancia y desarrollo sostenible\u201d afirm\u00f3 entre otros concejos que ha sido designada como presidente del consejo asesor Unicef \u2013 ODS.<\/p>\n\n\n\n<p>Por su parte el jefe comunal fue encargado de abrir el panel que cont\u00f3 con la participaci\u00f3n del gobernador de San Juan Sergio U\u00f1ac, la directora de Materno Infancia del Ministerio de Salud de dicha provincia Sandra Merino, la ministra de desarrollo social de Entre R\u00edos, Marisa Paira, tambi\u00e9n Luisa Brumana, representante de Unicef en Argentina, Roberto Valent, coordinador ONU en el pa\u00eds, &nbsp;Gabriel Vidart, ex Secretario Ejecutivo del Plan de los Centros de Atenci\u00f3n a la Infancia y la Familia de Uruguay &nbsp;y la moderaci\u00f3n de Adri\u00e1n Rozengardt. El encuentro tuvo una importante participaci\u00f3n que pudo o\u00edr a quienes brindan distintas experiencias, visiones, reflexiones y planificaciones entorno a la ni\u00f1ez.<\/p>\n\n\n\n<p>\u201cParticip\u00e9 de un importante panel organizado por Unicef para exponer nuestro programa Primeros Mil D\u00edas\u201d coment\u00f3 y aprovech\u00f3 la ocasi\u00f3n para dar \u201cgracias Fabiola Ya\u00f1ez, Victoria Tolosa Paz y Gabriel Lerner por seguir acompa\u00f1ando nuestra ciudad en el marco del Consejo Asesor del programa \u201cPrimera Infancia y sistema integral de cuidados\u201d impulsado por nuestro presidente Alberto Fern\u00e1ndez\u201d que desde hace tiempo viene \u201ctrabajando por la infancia y el cuidado de los argentinos y argentinas\u201d desde \u201cM\u00faltiples medidas y dispositivos\u201d<\/p>\n\n\n\n<p>El programa \u201cPrimeros Mil Dais\u201d fue el eje de la participaci\u00f3n del jefe comunal, que expuso todo lo que se desarrolla, desde salud a nutrici\u00f3n, soluciones habitacionales, deporte, cultura, talleres, acciones comunales, solidaridad, acceso a la justicia, controles, m\u00e9dicos, taller de costura, reinserci\u00f3n escolar, bosque de los mil d\u00edas, cunas, espacios p\u00fablicos amigables, jugueter\u00eda, carpinter\u00eda, abuelas tejedoras, entre otras intervenciones. Tambi\u00e9n narr\u00f3 que es una acci\u00f3n integral, inter disciplinaria e inter institucional que convina otras pol\u00edticas del Estado municipal en el cumplimiento y reconocimiento de derechos.<\/p>\n\n\n\n<p>Vale recordar que Mercedes ya fue declarada \u201cCiudad Amiga de las Primeras Infancias\u201d por parte Sociedad Argentina de Primera Infancia y en igual sentido Unicef acompa\u00f1\u00f3, siendo parte de visitas y recorridas a principio del corriente a\u00f1o pudiendo constatar el despliegue del programa, siendo tambi\u00e9n valioso el acompa\u00f1amiento de Victoria Tolosa Paz, Presidenta del Consejo Nacional de Coordinaci\u00f3n de Pol\u00edticas Sociales y de Gabriel Lerner, Secretario Nacional de Ni\u00f1ez, Adolescencia y Familia del Ministerio de Desarrollo Social.<\/p>\n","protected":false},"excerpt":{"rendered":"<p>El intendente Dr. Juan I. Ustarroz fue convocado para ser parte del panel del \u201cConsejo Asesor del Programa Conjunto Primera &#8230; <a title=\"Ustarroz convocado para exponer ante Unicef, ONU y Consejo Asesor de Primera Infancia\" class=\"read-more\" href=\"https:\/\/www.hoymercedes.com.ar\/principal\/2020\/10\/25\/ustarroz-convocado-para-exponer-ante-unicef-onu-y-consejo-asesor-de-primera-infancia\/\" aria-label=\"Leer m\u00e1s sobre Ustarroz convocado para exponer ante Unicef, ONU y Consejo Asesor de Primera Infancia\">Leer m\u00e1s<\/a><\/p>\n","protected":false},"author":1,"featured_media":118984,"comment_status":"closed","ping_status":"open","sticky":false,"template":"","format":"standard","meta":{"_monsterinsights_skip_tracking":false,"_monsterinsights_sitenote_active":false,"_monsterinsights_sitenote_note":"","_monsterinsights_sitenote_category":0,"jetpack_post_was_ever_published":false,"_jetpack_newsletter_access":"","_jetpack_dont_email_post_to_subs":false,"_jetpack_newsletter_tier_id":0,"_jetpack_memberships_contains_paywalled_content":false,"_jetpack_memberships_contains_paid_content":false,"footnotes":"","jetpack_publicize_message":"","jetpack_publicize_feature_enabled":true,"jetpack_social_post_already_shared":true,"jetpack_social_options":{"image_generator_settings":{"template":"highway","default_image_id":0,"font":"","enabled":false},"version":2},"_wpas_customize_per_network":false},"categories":[30],"tags":[17220,244,16668,424],"class_list":["post-118983","post","type-post","status-publish","format-standard","has-post-thumbnail","hentry","category-municipio","tag-infancia","tag-municipio-2","tag-ninez","tag-ustarroz","generate-columns","tablet-grid-50","mobile-grid-100","grid-parent","grid-50"],"jetpack_publicize_connections":[],"jetpack_featured_media_url":"https:\/\/www.hoymercedes.com.ar\/principal\/wp-content\/uploads\/2020\/10\/DSC08466.jpg","wps_subtitle":"Primera infancia","jetpack_sharing_enabled":true,"_links":{"self":[{"href":"https:\/\/www.hoymercedes.com.ar\/principal\/wp-json\/wp\/v2\/posts\/118983","targetHints":{"allow":["GET"]}}],"collection":[{"href":"https:\/\/www.hoymercedes.com.ar\/principal\/wp-json\/wp\/v2\/posts"}],"about":[{"href":"https:\/\/www.hoymercedes.com.ar\/principal\/wp-json\/wp\/v2\/types\/post"}],"author":[{"embeddable":true,"href":"https:\/\/www.hoymercedes.com.ar\/principal\/wp-json\/wp\/v2\/users\/1"}],"replies":[{"embeddable":true,"href":"https:\/\/www.hoymercedes.com.ar\/principal\/wp-json\/wp\/v2\/comments?post=118983"}],"version-history":[{"count":0,"href":"https:\/\/www.hoymercedes.com.ar\/principal\/wp-json\/wp\/v2\/posts\/118983\/revisions"}],"wp:featuredmedia":[{"embeddable":true,"href":"https:\/\/www.hoymercedes.com.ar\/principal\/wp-json\/wp\/v2\/media\/118984"}],"wp:attachment":[{"href":"https:\/\/www.hoymercedes.com.ar\/principal\/wp-json\/wp\/v2\/media?parent=118983"}],"wp:term":[{"taxonomy":"category","embeddable":true,"href":"https:\/\/www.hoymercedes.com.ar\/principal\/wp-json\/wp\/v2\/categories?post=118983"},{"taxonomy":"post_tag","embeddable":true,"href":"https:\/\/www.hoymercedes.com.ar\/principal\/wp-json\/wp\/v2\/tags?post=118983"}],"curies":[{"name":"wp","href":"https:\/\/api.w.org\/{rel}","templated":true}]}}