{"id":118987,"date":"2020-10-25T12:00:36","date_gmt":"2020-10-25T15:00:36","guid":{"rendered":"http:\/\/www.hoymercedes.com.ar\/principal\/?p=118987"},"modified":"2020-10-27T09:10:29","modified_gmt":"2020-10-27T12:10:29","slug":"nueva-reunion-del-comite-interdisciplinario-de-tierras","status":"publish","type":"post","link":"https:\/\/www.hoymercedes.com.ar\/principal\/2020\/10\/25\/nueva-reunion-del-comite-interdisciplinario-de-tierras\/","title":{"rendered":"Nueva reuni\u00f3n del  Comit\u00e9 Interdisciplinario de Tierras"},"content":{"rendered":"\n<figure class=\"wp-block-image size-large\"><img loading=\"lazy\" decoding=\"async\" width=\"939\" height=\"626\" data-attachment-id=\"118988\" data-permalink=\"https:\/\/www.hoymercedes.com.ar\/principal\/2020\/10\/25\/nueva-reunion-del-comite-interdisciplinario-de-tierras\/dsc09505\/#main\" data-orig-file=\"https:\/\/www.hoymercedes.com.ar\/principal\/wp-content\/uploads\/2020\/10\/DSC09505.jpg\" data-orig-size=\"939,626\" data-comments-opened=\"0\" data-image-meta=\"{&quot;aperture&quot;:&quot;0&quot;,&quot;credit&quot;:&quot;&quot;,&quot;camera&quot;:&quot;&quot;,&quot;caption&quot;:&quot;&quot;,&quot;created_timestamp&quot;:&quot;0&quot;,&quot;copyright&quot;:&quot;&quot;,&quot;focal_length&quot;:&quot;0&quot;,&quot;iso&quot;:&quot;0&quot;,&quot;shutter_speed&quot;:&quot;0&quot;,&quot;title&quot;:&quot;&quot;,&quot;orientation&quot;:&quot;0&quot;}\" data-image-title=\"DSC09505\" data-image-description=\"\" data-image-caption=\"\" data-large-file=\"https:\/\/www.hoymercedes.com.ar\/principal\/wp-content\/uploads\/2020\/10\/DSC09505.jpg\" src=\"https:\/\/www.hoymercedes.com.ar\/principal\/wp-content\/uploads\/2020\/10\/DSC09505.jpg\" alt=\"\" class=\"wp-image-118988\" srcset=\"https:\/\/www.hoymercedes.com.ar\/principal\/wp-content\/uploads\/2020\/10\/DSC09505.jpg 939w, https:\/\/www.hoymercedes.com.ar\/principal\/wp-content\/uploads\/2020\/10\/DSC09505-630x420.jpg 630w, https:\/\/www.hoymercedes.com.ar\/principal\/wp-content\/uploads\/2020\/10\/DSC09505-150x100.jpg 150w\" sizes=\"auto, (max-width: 939px) 100vw, 939px\" \/><\/figure>\n\n\n\n<p>El jueves se llev\u00f3 adelante el segundo encuentro del Comit\u00e9 Interdisciplinario de Tierras para trabajar en conjunto normativas que tienen por objetivo la prevenci\u00f3n de las usurpaciones, de las ventas irregulares y de los terrenos ociosos.<\/p>\n\n\n\n<p>La reuni\u00f3n se llev\u00f3 adelante en el sal\u00f3n del Honorable Concejo Deliberante con la presencia de la secretaria de gobierno, Clara Zunino, el sub secretario de Viviendas y Habitat, Javier Guevara y la directora de tierras Valeria Ilarraz por el Ejecutivo. Por los colegios profesionales se hicieron presentes Mateo Laborde y Lucas G\u00f3mez de Abogados, Mariano Castelucci de Escribanos, Luis Colao de Martilleros y Oscar L\u00f3pez por los Agrimensores. Adem\u00e1s, se encontraban presentes ediles de las distintas representaciones locales.<\/p>\n\n\n\n<p>La idea del encuentro era tener una devoluci\u00f3n t\u00e9cnica de tres proyectos que impulsa el ejecutivo; el de prevenci\u00f3n de las usurpaciones, el de control de las ventas de derechos posesorios y el que prev\u00e9 incrementar las tasas a los terrenos ociosos.<\/p>\n\n\n\n<p>Se concret\u00f3 un interesante cambio de opiniones respecto de cuestiones t\u00e9cnicas de las normas arrib\u00e1ndose a la conclusi\u00f3n que todos los colegios presentes emitir\u00edan un dictamen por escrito a m\u00e1s tardar este viernes el cual ser\u00eda sociabilizado entre todos los participantes a ese encuentro.\u00a0 Esos dict\u00e1menes de cada colegio se integrar\u00e1n a los expedientes en tr\u00e1mite luego de lo cual se realizar\u00eda una nueva reuni\u00f3n de la cual se extraer\u00edan conclusiones. \u201cDespu\u00e9s \u2013dijo Mateo Laborde- ser\u00e1 una cuesti\u00f3n del poder legislativo. Lo nuestro ser\u00e1 una mera opini\u00f3n t\u00e9cnica no vinculante\u201d, concluy\u00f3.<\/p>\n\n\n\n<p>Info: Dir. Tierras<\/p>\n","protected":false},"excerpt":{"rendered":"<p>El jueves se llev\u00f3 adelante el segundo encuentro del Comit\u00e9 Interdisciplinario de Tierras para trabajar en conjunto normativas que tienen &#8230; <a title=\"Nueva reuni\u00f3n del  Comit\u00e9 Interdisciplinario de Tierras\" class=\"read-more\" href=\"https:\/\/www.hoymercedes.com.ar\/principal\/2020\/10\/25\/nueva-reunion-del-comite-interdisciplinario-de-tierras\/\" aria-label=\"Leer m\u00e1s sobre Nueva reuni\u00f3n del  Comit\u00e9 Interdisciplinario de Tierras\">Leer m\u00e1s<\/a><\/p>\n","protected":false},"author":1,"featured_media":118988,"comment_status":"closed","ping_status":"open","sticky":false,"template":"","format":"standard","meta":{"_monsterinsights_skip_tracking":false,"_monsterinsights_sitenote_active":false,"_monsterinsights_sitenote_note":"","_monsterinsights_sitenote_category":0,"jetpack_post_was_ever_published":false,"_jetpack_newsletter_access":"","_jetpack_dont_email_post_to_subs":false,"_jetpack_newsletter_tier_id":0,"_jetpack_memberships_contains_paywalled_content":false,"_jetpack_memberships_contains_paid_content":false,"footnotes":"","jetpack_publicize_message":"","jetpack_publicize_feature_enabled":true,"jetpack_social_post_already_shared":true,"jetpack_social_options":{"image_generator_settings":{"template":"highway","default_image_id":0,"font":"","enabled":false},"version":2},"_wpas_customize_per_network":false},"categories":[30],"tags":[17168,424],"class_list":["post-118987","post","type-post","status-publish","format-standard","has-post-thumbnail","hentry","category-municipio","tag-comite-de-tierras","tag-ustarroz","generate-columns","tablet-grid-50","mobile-grid-100","grid-parent","grid-50"],"jetpack_publicize_connections":[],"jetpack_featured_media_url":"https:\/\/www.hoymercedes.com.ar\/principal\/wp-content\/uploads\/2020\/10\/DSC09505.jpg","wps_subtitle":"Interdisciplinario","jetpack_sharing_enabled":true,"_links":{"self":[{"href":"https:\/\/www.hoymercedes.com.ar\/principal\/wp-json\/wp\/v2\/posts\/118987","targetHints":{"allow":["GET"]}}],"collection":[{"href":"https:\/\/www.hoymercedes.com.ar\/principal\/wp-json\/wp\/v2\/posts"}],"about":[{"href":"https:\/\/www.hoymercedes.com.ar\/principal\/wp-json\/wp\/v2\/types\/post"}],"author":[{"embeddable":true,"href":"https:\/\/www.hoymercedes.com.ar\/principal\/wp-json\/wp\/v2\/users\/1"}],"replies":[{"embeddable":true,"href":"https:\/\/www.hoymercedes.com.ar\/principal\/wp-json\/wp\/v2\/comments?post=118987"}],"version-history":[{"count":0,"href":"https:\/\/www.hoymercedes.com.ar\/principal\/wp-json\/wp\/v2\/posts\/118987\/revisions"}],"wp:featuredmedia":[{"embeddable":true,"href":"https:\/\/www.hoymercedes.com.ar\/principal\/wp-json\/wp\/v2\/media\/118988"}],"wp:attachment":[{"href":"https:\/\/www.hoymercedes.com.ar\/principal\/wp-json\/wp\/v2\/media?parent=118987"}],"wp:term":[{"taxonomy":"category","embeddable":true,"href":"https:\/\/www.hoymercedes.com.ar\/principal\/wp-json\/wp\/v2\/categories?post=118987"},{"taxonomy":"post_tag","embeddable":true,"href":"https:\/\/www.hoymercedes.com.ar\/principal\/wp-json\/wp\/v2\/tags?post=118987"}],"curies":[{"name":"wp","href":"https:\/\/api.w.org\/{rel}","templated":true}]}}