{"id":119005,"date":"2020-10-25T20:45:24","date_gmt":"2020-10-25T23:45:24","guid":{"rendered":"http:\/\/www.hoymercedes.com.ar\/principal\/?p=119005"},"modified":"2020-10-27T09:08:33","modified_gmt":"2020-10-27T12:08:33","slug":"el-cartero-de-la-ninez-recorre-los-barrios","status":"publish","type":"post","link":"https:\/\/www.hoymercedes.com.ar\/principal\/2020\/10\/25\/el-cartero-de-la-ninez-recorre-los-barrios\/","title":{"rendered":"El cartero de la ni\u00f1ez recorre los barrios"},"content":{"rendered":"\n<p>El Cartero&nbsp;de&nbsp;la&nbsp;Ni\u00f1ez en el \u201cmes de&nbsp;la risa\u201d lleg\u00f3 durante la tarde del s\u00e1bado a distintos espacios p\u00fablicos continuando la visita a distintos barrios con el objetivo&nbsp;de&nbsp;que los ni\u00f1os y ni\u00f1as&nbsp;de la&nbsp;ciudad puedan expresar sus&nbsp;deseos y voluntades pensando en&nbsp;la&nbsp;post pandemia. Este fin de semana fue el turno Mutti, Revello y San Mart\u00edn. Con el correspondiente protocolo socio sanitario la Direcci\u00f3n de Ni\u00f1ez y la Direcci\u00f3n de Cultura contin\u00faan promoviendo la participaci\u00f3n infantil. &nbsp;<\/p>\n\n\n\n<p>Con meg\u00e1fono en mano y cartas para que sean completadas oyendo y retirando\u00a0las opiniones\u00a0de\u00a0los m\u00e1s peque\u00f1os el Cartero de la Ni\u00f1ez recorre las calles para que los peque\u00f1os puedan ser o\u00eddos y participen de la ciudad que quieren. Adem\u00e1s, sirve como un entretenimiento. \u00a0\u201cEllos son una voz muy importante\u201d\u00a0destacaron\u00a0desde\u00a0la\u00a0comuna. <\/p>\n\n\n\n<p>Al aire libre y con el\u00a0debido distanciamiento y protocolos hubo\u00a0desde\u00a0la\u00a0Direcci\u00f3n\u00a0de\u00a0Ni\u00f1ez y Juventud un trabajo en torno al entretenimiento y el acompa\u00f1amiento\u00a0de\u00a0los m\u00e1s peque\u00f1os.\u00a0 \u00a0 \u00a0<\/p>\n\n\n\n<div class=\"wp-block-image\"><figure class=\"aligncenter size-large\"><img loading=\"lazy\" decoding=\"async\" width=\"800\" height=\"533\" data-attachment-id=\"119006\" data-permalink=\"https:\/\/www.hoymercedes.com.ar\/principal\/2020\/10\/25\/el-cartero-de-la-ninez-recorre-los-barrios\/dsc09615\/#main\" data-orig-file=\"https:\/\/www.hoymercedes.com.ar\/principal\/wp-content\/uploads\/2020\/10\/DSC09615.jpg\" data-orig-size=\"800,533\" data-comments-opened=\"0\" data-image-meta=\"{&quot;aperture&quot;:&quot;0&quot;,&quot;credit&quot;:&quot;&quot;,&quot;camera&quot;:&quot;&quot;,&quot;caption&quot;:&quot;&quot;,&quot;created_timestamp&quot;:&quot;0&quot;,&quot;copyright&quot;:&quot;&quot;,&quot;focal_length&quot;:&quot;0&quot;,&quot;iso&quot;:&quot;0&quot;,&quot;shutter_speed&quot;:&quot;0&quot;,&quot;title&quot;:&quot;&quot;,&quot;orientation&quot;:&quot;0&quot;}\" data-image-title=\"DSC09615\" data-image-description=\"\" data-image-caption=\"\" data-large-file=\"https:\/\/www.hoymercedes.com.ar\/principal\/wp-content\/uploads\/2020\/10\/DSC09615.jpg\" src=\"https:\/\/www.hoymercedes.com.ar\/principal\/wp-content\/uploads\/2020\/10\/DSC09615.jpg\" alt=\"\" class=\"wp-image-119006\" srcset=\"https:\/\/www.hoymercedes.com.ar\/principal\/wp-content\/uploads\/2020\/10\/DSC09615.jpg 800w, https:\/\/www.hoymercedes.com.ar\/principal\/wp-content\/uploads\/2020\/10\/DSC09615-630x420.jpg 630w, https:\/\/www.hoymercedes.com.ar\/principal\/wp-content\/uploads\/2020\/10\/DSC09615-150x100.jpg 150w, https:\/\/www.hoymercedes.com.ar\/principal\/wp-content\/uploads\/2020\/10\/DSC09615-700x465.jpg 700w\" sizes=\"auto, (max-width: 800px) 100vw, 800px\" \/><\/figure><\/div>\n","protected":false},"excerpt":{"rendered":"<p>El Cartero&nbsp;de&nbsp;la&nbsp;Ni\u00f1ez en el \u201cmes de&nbsp;la risa\u201d lleg\u00f3 durante la tarde del s\u00e1bado a distintos espacios p\u00fablicos continuando la visita &#8230; <a title=\"El cartero de la ni\u00f1ez recorre los barrios\" class=\"read-more\" href=\"https:\/\/www.hoymercedes.com.ar\/principal\/2020\/10\/25\/el-cartero-de-la-ninez-recorre-los-barrios\/\" aria-label=\"Leer m\u00e1s sobre El cartero de la ni\u00f1ez recorre los barrios\">Leer m\u00e1s<\/a><\/p>\n","protected":false},"author":5,"featured_media":119006,"comment_status":"closed","ping_status":"open","sticky":false,"template":"","format":"standard","meta":{"_monsterinsights_skip_tracking":false,"_monsterinsights_sitenote_active":false,"_monsterinsights_sitenote_note":"","_monsterinsights_sitenote_category":0,"jetpack_post_was_ever_published":false,"_jetpack_newsletter_access":"","_jetpack_dont_email_post_to_subs":false,"_jetpack_newsletter_tier_id":0,"_jetpack_memberships_contains_paywalled_content":false,"_jetpack_memberships_contains_paid_content":false,"footnotes":"","jetpack_publicize_message":"","jetpack_publicize_feature_enabled":true,"jetpack_social_post_already_shared":true,"jetpack_social_options":{"image_generator_settings":{"template":"highway","default_image_id":0,"font":"","enabled":false},"version":2},"_wpas_customize_per_network":false},"categories":[30],"tags":[17218,244],"class_list":["post-119005","post","type-post","status-publish","format-standard","has-post-thumbnail","hentry","category-municipio","tag-cartero-de-la-ninez","tag-municipio-2","generate-columns","tablet-grid-50","mobile-grid-100","grid-parent","grid-50"],"jetpack_publicize_connections":[],"jetpack_featured_media_url":"https:\/\/www.hoymercedes.com.ar\/principal\/wp-content\/uploads\/2020\/10\/DSC09615.jpg","wps_subtitle":"Ni\u00f1ez y adolescencia","jetpack_sharing_enabled":true,"_links":{"self":[{"href":"https:\/\/www.hoymercedes.com.ar\/principal\/wp-json\/wp\/v2\/posts\/119005","targetHints":{"allow":["GET"]}}],"collection":[{"href":"https:\/\/www.hoymercedes.com.ar\/principal\/wp-json\/wp\/v2\/posts"}],"about":[{"href":"https:\/\/www.hoymercedes.com.ar\/principal\/wp-json\/wp\/v2\/types\/post"}],"author":[{"embeddable":true,"href":"https:\/\/www.hoymercedes.com.ar\/principal\/wp-json\/wp\/v2\/users\/5"}],"replies":[{"embeddable":true,"href":"https:\/\/www.hoymercedes.com.ar\/principal\/wp-json\/wp\/v2\/comments?post=119005"}],"version-history":[{"count":0,"href":"https:\/\/www.hoymercedes.com.ar\/principal\/wp-json\/wp\/v2\/posts\/119005\/revisions"}],"wp:featuredmedia":[{"embeddable":true,"href":"https:\/\/www.hoymercedes.com.ar\/principal\/wp-json\/wp\/v2\/media\/119006"}],"wp:attachment":[{"href":"https:\/\/www.hoymercedes.com.ar\/principal\/wp-json\/wp\/v2\/media?parent=119005"}],"wp:term":[{"taxonomy":"category","embeddable":true,"href":"https:\/\/www.hoymercedes.com.ar\/principal\/wp-json\/wp\/v2\/categories?post=119005"},{"taxonomy":"post_tag","embeddable":true,"href":"https:\/\/www.hoymercedes.com.ar\/principal\/wp-json\/wp\/v2\/tags?post=119005"}],"curies":[{"name":"wp","href":"https:\/\/api.w.org\/{rel}","templated":true}]}}