{"id":119018,"date":"2020-10-26T07:28:50","date_gmt":"2020-10-26T10:28:50","guid":{"rendered":"http:\/\/www.hoymercedes.com.ar\/principal\/?p=119018"},"modified":"2020-10-27T09:07:17","modified_gmt":"2020-10-27T12:07:17","slug":"relanzan-foros-de-planificacion-estrategica","status":"publish","type":"post","link":"https:\/\/www.hoymercedes.com.ar\/principal\/2020\/10\/26\/relanzan-foros-de-planificacion-estrategica\/","title":{"rendered":"Relanzan foros de planificaci\u00f3n estrat\u00e9gica"},"content":{"rendered":"\n<p>Este jueves se concretar\u00e1 el relanzamiento de los Foros de Planificaci\u00f3n Estrat\u00e9gicas. Ser\u00e1 con exposici\u00f3n de propuestas concretas y una modalidad interdisciplinaria e interinstitucional. \u201cTrabajar con todos los sectores de la ciudad es la manera de construir acciones, dispositivos, herramientas y soluciones\u201d afirmaron desde la Municipalidad. \u00a0<\/p>\n\n\n\n<p>Se llevar\u00e1 a cabo en el Teatro Argentino Julio Gioscio con todas las medidas socio sanitarias y de distanciamiento correspondientes. &nbsp;<\/p>\n\n\n\n<p>All\u00ed se relanzar\u00e1n los \u201cForos de planificaci\u00f3n estrat\u00e9gica\u201d con el objetivo de avanzar en propuestas concretas para cambiar la ordenanza de zonificaci\u00f3n vigente desde el a\u00f1o 2003. Para tal evento han sido convocados diversos colegios profesionales, sociedades de fomento, clubes de barrio y actores de la comunidad civil. &nbsp;<\/p>\n\n\n\n<p>En ese encuentro \u2013al cual concurrir\u00e1n autoridades provinciales y nacionales- se realizar\u00e1 una breve rese\u00f1a de la tarea realizada durante la \u00faltima gesti\u00f3n poniendo de resalto la tarea en los foros de planificaci\u00f3n convocados en el a\u00f1o 2016. &nbsp;<\/p>\n\n\n\n<p>Es una forma muy importante de trabajar, unidos, aquellos temas que nos involucran como sociedad, destac\u00f3 el intendente Ustarroz, quien record\u00f3 que en m\u00faltiples asuntos se ha trabajado en comunidad aquellos temas que nos incumben como ciudad. &nbsp;<\/p>\n\n\n\n<p>Adem\u00e1s de ello se informar\u00e1 en el mecanismo de trabajo de los foros destacando los temas a abordar por cada una de las mesas de trabajo que se presentar\u00e1n. Asimismo, se prev\u00e9 que se informe mecanismos de participaci\u00f3n ciudadana directa a los efectos de obtener la mayor participaci\u00f3n posible en un tema tan relevante como es la nueva ordenanza de zonificaci\u00f3n. \u00a0<\/p>\n\n\n\n<p>Fuente: Prensa Municipal<\/p>\n","protected":false},"excerpt":{"rendered":"<p>Este jueves se concretar\u00e1 el relanzamiento de los Foros de Planificaci\u00f3n Estrat\u00e9gicas. Ser\u00e1 con exposici\u00f3n de propuestas concretas y una &#8230; <a title=\"Relanzan foros de planificaci\u00f3n estrat\u00e9gica\" class=\"read-more\" href=\"https:\/\/www.hoymercedes.com.ar\/principal\/2020\/10\/26\/relanzan-foros-de-planificacion-estrategica\/\" aria-label=\"Leer m\u00e1s sobre Relanzan foros de planificaci\u00f3n estrat\u00e9gica\">Leer m\u00e1s<\/a><\/p>\n","protected":false},"author":5,"featured_media":119019,"comment_status":"closed","ping_status":"open","sticky":false,"template":"","format":"standard","meta":{"_monsterinsights_skip_tracking":false,"_monsterinsights_sitenote_active":false,"_monsterinsights_sitenote_note":"","_monsterinsights_sitenote_category":0,"jetpack_post_was_ever_published":false,"_jetpack_newsletter_access":"","_jetpack_dont_email_post_to_subs":false,"_jetpack_newsletter_tier_id":0,"_jetpack_memberships_contains_paywalled_content":false,"_jetpack_memberships_contains_paid_content":false,"footnotes":"","jetpack_publicize_message":"","jetpack_publicize_feature_enabled":true,"jetpack_social_post_already_shared":true,"jetpack_social_options":{"image_generator_settings":{"template":"highway","default_image_id":0,"font":"","enabled":false},"version":2},"_wpas_customize_per_network":false},"categories":[30],"tags":[17217,244],"class_list":["post-119018","post","type-post","status-publish","format-standard","has-post-thumbnail","hentry","category-municipio","tag-foros-de-planificacion","tag-municipio-2","generate-columns","tablet-grid-50","mobile-grid-100","grid-parent","grid-50"],"jetpack_publicize_connections":[],"jetpack_featured_media_url":"https:\/\/www.hoymercedes.com.ar\/principal\/wp-content\/uploads\/2020\/10\/Mercedes-Aerea.jpg","wps_subtitle":"Trabajo iniciado en 2016","jetpack_sharing_enabled":true,"_links":{"self":[{"href":"https:\/\/www.hoymercedes.com.ar\/principal\/wp-json\/wp\/v2\/posts\/119018","targetHints":{"allow":["GET"]}}],"collection":[{"href":"https:\/\/www.hoymercedes.com.ar\/principal\/wp-json\/wp\/v2\/posts"}],"about":[{"href":"https:\/\/www.hoymercedes.com.ar\/principal\/wp-json\/wp\/v2\/types\/post"}],"author":[{"embeddable":true,"href":"https:\/\/www.hoymercedes.com.ar\/principal\/wp-json\/wp\/v2\/users\/5"}],"replies":[{"embeddable":true,"href":"https:\/\/www.hoymercedes.com.ar\/principal\/wp-json\/wp\/v2\/comments?post=119018"}],"version-history":[{"count":0,"href":"https:\/\/www.hoymercedes.com.ar\/principal\/wp-json\/wp\/v2\/posts\/119018\/revisions"}],"wp:featuredmedia":[{"embeddable":true,"href":"https:\/\/www.hoymercedes.com.ar\/principal\/wp-json\/wp\/v2\/media\/119019"}],"wp:attachment":[{"href":"https:\/\/www.hoymercedes.com.ar\/principal\/wp-json\/wp\/v2\/media?parent=119018"}],"wp:term":[{"taxonomy":"category","embeddable":true,"href":"https:\/\/www.hoymercedes.com.ar\/principal\/wp-json\/wp\/v2\/categories?post=119018"},{"taxonomy":"post_tag","embeddable":true,"href":"https:\/\/www.hoymercedes.com.ar\/principal\/wp-json\/wp\/v2\/tags?post=119018"}],"curies":[{"name":"wp","href":"https:\/\/api.w.org\/{rel}","templated":true}]}}