{"id":119027,"date":"2020-10-25T22:15:34","date_gmt":"2020-10-26T01:15:34","guid":{"rendered":"http:\/\/www.hoymercedes.com.ar\/principal\/?p=119027"},"modified":"2020-10-27T09:08:04","modified_gmt":"2020-10-27T12:08:04","slug":"coronavirus-seis-positivos-se-suman-en-mercedes","status":"publish","type":"post","link":"https:\/\/www.hoymercedes.com.ar\/principal\/2020\/10\/25\/coronavirus-seis-positivos-se-suman-en-mercedes\/","title":{"rendered":"Coronavirus: Seis positivos se suman en Mercedes"},"content":{"rendered":"\n<p>El informe del cierre del d\u00eda enviado por las autoridades sanitarias de Mercedes confirman que 6 pacientes recibieron el positivo de sus hisopados entre los 30 test realizados. <\/p>\n\n\n\n<div class=\"wp-block-image\"><figure class=\"aligncenter size-large\"><img loading=\"lazy\" decoding=\"async\" width=\"800\" height=\"800\" data-attachment-id=\"119028\" data-permalink=\"https:\/\/www.hoymercedes.com.ar\/principal\/2020\/10\/25\/coronavirus-seis-positivos-se-suman-en-mercedes\/whatsapp-image-2020-10-25-at-21-01-39\/#main\" data-orig-file=\"https:\/\/www.hoymercedes.com.ar\/principal\/wp-content\/uploads\/2020\/10\/WhatsApp-Image-2020-10-25-at-21.01.39.jpeg\" data-orig-size=\"800,800\" data-comments-opened=\"0\" data-image-meta=\"{&quot;aperture&quot;:&quot;0&quot;,&quot;credit&quot;:&quot;&quot;,&quot;camera&quot;:&quot;&quot;,&quot;caption&quot;:&quot;&quot;,&quot;created_timestamp&quot;:&quot;0&quot;,&quot;copyright&quot;:&quot;&quot;,&quot;focal_length&quot;:&quot;0&quot;,&quot;iso&quot;:&quot;0&quot;,&quot;shutter_speed&quot;:&quot;0&quot;,&quot;title&quot;:&quot;&quot;,&quot;orientation&quot;:&quot;0&quot;}\" data-image-title=\"WhatsApp Image 2020-10-25 at 21.01.39\" data-image-description=\"\" data-image-caption=\"\" data-large-file=\"https:\/\/www.hoymercedes.com.ar\/principal\/wp-content\/uploads\/2020\/10\/WhatsApp-Image-2020-10-25-at-21.01.39.jpeg\" src=\"https:\/\/www.hoymercedes.com.ar\/principal\/wp-content\/uploads\/2020\/10\/WhatsApp-Image-2020-10-25-at-21.01.39.jpeg\" alt=\"\" class=\"wp-image-119028\" srcset=\"https:\/\/www.hoymercedes.com.ar\/principal\/wp-content\/uploads\/2020\/10\/WhatsApp-Image-2020-10-25-at-21.01.39.jpeg 800w, https:\/\/www.hoymercedes.com.ar\/principal\/wp-content\/uploads\/2020\/10\/WhatsApp-Image-2020-10-25-at-21.01.39-620x620.jpeg 620w, https:\/\/www.hoymercedes.com.ar\/principal\/wp-content\/uploads\/2020\/10\/WhatsApp-Image-2020-10-25-at-21.01.39-150x150.jpeg 150w\" sizes=\"auto, (max-width: 800px) 100vw, 800px\" \/><\/figure><\/div>\n\n\n\n<p>Informe oficial: \u00abEn el d\u00eda de la fecha el Laboratorio de Virolog\u00eda Molecular Municipal por medio de los procesos cient\u00edficos que lleva adelante cotidianamente confirm\u00f3 6 nuevos casos para covid.<br>Al d\u00eda de la fecha tenemos 161 casos activos con 30 altas m\u00e9dicas. Por su parte 1559 casos se registraron desde iniciada la pandemia con 1370 pacientes recuperados del virus.<br>En cuanto al Centro de Aislamiento Sanitario II con todas las normas socio sanitarias y un fuerte trabajo de Salud, Protecci\u00f3n Civil, SAME, Seguridad, Desarrollo Social y Servicios P\u00fablicos no tiene pacientes alojados, aislados y monitoreados\u00bb.<\/p>\n\n\n\n<p><strong>Informe nacional<\/strong><\/p>\n\n\n\n<p>En el orden nacional confirmaron 9.253 nuevos casos de COVID-19\u200b. Con estos registros, \u200bsuman 1.090.589 positivos en el pa\u00eds, de los cuales 894.819 son pacientes recuperados y 166.874 son casos confirmados activos. En las \u00faltimas 24 hs fueron realizados 20.303 testeos y desde el inicio del brote se realizaron \u200b2.823.654 pruebas diagn\u00f3sticas\u200b para esta enfermedad, lo que \u200bequivale a 62.226,9 muestras por mill\u00f3n de habitantes.<\/p>\n\n\n\n<p>Detalle por provincia (No de confirmados | No de acumulados): Buenos Aires 2.170 | 527.320; Ciudad de Buenos Aires 445 | 143.990; Catamarca 35 | 631; Chaco 162 | 13.090; Chubut 485 | 12.437; Corrientes 24 | 2.269; C\u00f3rdoba 1.390 | 75.995; Entre R\u00edos 202 | 13.940; Formosa 1 | 143; Jujuy 35 | 17.614; La Pampa 120 | 2.456; La Rioja 108 | 7.124; Mendoza 561 | 42.949; Misiones 5 | 217; Neuqu\u00e9n 236 | 19.383; R\u00edo Negro 238 | 21.780; Salta 145 | 17.782; San Juan 6 | 1.386; San Luis 188 | 5.493; Santa Cruz 178 | 8.469; Santa Fe 1.405 | 94.506; Santiago del Estero 262 | 8.385; Tierra del Fuego 243 | 10.052 y Tucum\u00e1n 609 | 43.178<\/p>\n\n\n\n<p>En las \u00faltimas 24 horas, se notificaron 284 nuevas muertes, son 167 hombres y 117 mujeres. Al momento la cantidad de personas fallecidas es 28.896. Un hombre residente en la provincia de C\u00f3rdoba fue reclasificado.<\/p>\n","protected":false},"excerpt":{"rendered":"<p>El informe del cierre del d\u00eda enviado por las autoridades sanitarias de Mercedes confirman que 6 pacientes recibieron el positivo &#8230; <a title=\"Coronavirus: Seis positivos se suman en Mercedes\" class=\"read-more\" href=\"https:\/\/www.hoymercedes.com.ar\/principal\/2020\/10\/25\/coronavirus-seis-positivos-se-suman-en-mercedes\/\" aria-label=\"Leer m\u00e1s sobre Coronavirus: Seis positivos se suman en Mercedes\">Leer m\u00e1s<\/a><\/p>\n","protected":false},"author":5,"featured_media":119028,"comment_status":"closed","ping_status":"open","sticky":false,"template":"","format":"standard","meta":{"_monsterinsights_skip_tracking":false,"_monsterinsights_sitenote_active":false,"_monsterinsights_sitenote_note":"","_monsterinsights_sitenote_category":0,"jetpack_post_was_ever_published":false,"_jetpack_newsletter_access":"","_jetpack_dont_email_post_to_subs":false,"_jetpack_newsletter_tier_id":0,"_jetpack_memberships_contains_paywalled_content":false,"_jetpack_memberships_contains_paid_content":false,"footnotes":"","jetpack_publicize_message":"","jetpack_publicize_feature_enabled":true,"jetpack_social_post_already_shared":true,"jetpack_social_options":{"image_generator_settings":{"template":"highway","default_image_id":0,"font":"","enabled":false},"version":2},"_wpas_customize_per_network":false},"categories":[9791],"tags":[16428,16561,16175,16313],"class_list":["post-119027","post","type-post","status-publish","format-standard","has-post-thumbnail","hentry","category-salud","tag-casos-positivos","tag-cierre-del-dia","tag-coronavirus","tag-covid-19","generate-columns","tablet-grid-50","mobile-grid-100","grid-parent","grid-50"],"jetpack_publicize_connections":[],"jetpack_featured_media_url":"https:\/\/www.hoymercedes.com.ar\/principal\/wp-content\/uploads\/2020\/10\/WhatsApp-Image-2020-10-25-at-21.01.39.jpeg","wps_subtitle":"Cierre del d\u00eda","jetpack_sharing_enabled":true,"_links":{"self":[{"href":"https:\/\/www.hoymercedes.com.ar\/principal\/wp-json\/wp\/v2\/posts\/119027","targetHints":{"allow":["GET"]}}],"collection":[{"href":"https:\/\/www.hoymercedes.com.ar\/principal\/wp-json\/wp\/v2\/posts"}],"about":[{"href":"https:\/\/www.hoymercedes.com.ar\/principal\/wp-json\/wp\/v2\/types\/post"}],"author":[{"embeddable":true,"href":"https:\/\/www.hoymercedes.com.ar\/principal\/wp-json\/wp\/v2\/users\/5"}],"replies":[{"embeddable":true,"href":"https:\/\/www.hoymercedes.com.ar\/principal\/wp-json\/wp\/v2\/comments?post=119027"}],"version-history":[{"count":0,"href":"https:\/\/www.hoymercedes.com.ar\/principal\/wp-json\/wp\/v2\/posts\/119027\/revisions"}],"wp:featuredmedia":[{"embeddable":true,"href":"https:\/\/www.hoymercedes.com.ar\/principal\/wp-json\/wp\/v2\/media\/119028"}],"wp:attachment":[{"href":"https:\/\/www.hoymercedes.com.ar\/principal\/wp-json\/wp\/v2\/media?parent=119027"}],"wp:term":[{"taxonomy":"category","embeddable":true,"href":"https:\/\/www.hoymercedes.com.ar\/principal\/wp-json\/wp\/v2\/categories?post=119027"},{"taxonomy":"post_tag","embeddable":true,"href":"https:\/\/www.hoymercedes.com.ar\/principal\/wp-json\/wp\/v2\/tags?post=119027"}],"curies":[{"name":"wp","href":"https:\/\/api.w.org\/{rel}","templated":true}]}}