{"id":119035,"date":"2020-10-26T10:52:42","date_gmt":"2020-10-26T13:52:42","guid":{"rendered":"http:\/\/www.hoymercedes.com.ar\/principal\/?p=119035"},"modified":"2020-10-27T09:05:55","modified_gmt":"2020-10-27T12:05:55","slug":"malena-del-giudice-asumio-la-responsabilidad-de-all-boys-solidario","status":"publish","type":"post","link":"https:\/\/www.hoymercedes.com.ar\/principal\/2020\/10\/26\/malena-del-giudice-asumio-la-responsabilidad-de-all-boys-solidario\/","title":{"rendered":"Malena Del Giudice asumi\u00f3 la responsabilidad de All Boys Solidario"},"content":{"rendered":"\n<p>El \u00faltimo domingo, Malena Del Giudice oficializ\u00f3 su cargo dentro del club All Boys, como titular de All Boys Solidario en el marco de los 28 a\u00f1os de la instituci\u00f3n. <\/p>\n\n\n\n<p>En un almuerzo acotado en la ciudad de Mercedes participaron los dirigentes del club All Boys encabezados por H\u00e9ctor Capurro y quienes integrar\u00e1n a Malena en el trabajo del \u00e1rea Solidaria del club: Guillermo Repetto, Cecilia Langan, Pelusa Gonz\u00e1lez, Evangelina Landaburu y Fernanda Aguirre (ambas del departamento Integrados); Ernesto P\u00e9rez, y Carlos de la Hoz entre otros. <\/p>\n\n\n\n<p>Del almuerzo tambi\u00e9n participaron representantes de Diversidad y G\u00e9nero, Ollas Solidarias y Club de Corredores, as\u00ed como el Intendente Juan Ignacio Ustarroz y su esposa. <\/p>\n\n\n\n<div class=\"wp-block-image\"><figure class=\"aligncenter size-large\"><img loading=\"lazy\" decoding=\"async\" width=\"800\" height=\"531\" data-attachment-id=\"119036\" data-permalink=\"https:\/\/www.hoymercedes.com.ar\/principal\/2020\/10\/26\/malena-del-giudice-asumio-la-responsabilidad-de-all-boys-solidario\/26-malena-allboys\/#main\" data-orig-file=\"https:\/\/www.hoymercedes.com.ar\/principal\/wp-content\/uploads\/2020\/10\/26-malena-allboys.jpeg\" data-orig-size=\"800,531\" data-comments-opened=\"0\" data-image-meta=\"{&quot;aperture&quot;:&quot;0&quot;,&quot;credit&quot;:&quot;&quot;,&quot;camera&quot;:&quot;&quot;,&quot;caption&quot;:&quot;&quot;,&quot;created_timestamp&quot;:&quot;0&quot;,&quot;copyright&quot;:&quot;&quot;,&quot;focal_length&quot;:&quot;0&quot;,&quot;iso&quot;:&quot;0&quot;,&quot;shutter_speed&quot;:&quot;0&quot;,&quot;title&quot;:&quot;&quot;,&quot;orientation&quot;:&quot;0&quot;}\" data-image-title=\"26 malena allboys\" data-image-description=\"\" data-image-caption=\"\" data-large-file=\"https:\/\/www.hoymercedes.com.ar\/principal\/wp-content\/uploads\/2020\/10\/26-malena-allboys.jpeg\" src=\"https:\/\/www.hoymercedes.com.ar\/principal\/wp-content\/uploads\/2020\/10\/26-malena-allboys.jpeg\" alt=\"\" class=\"wp-image-119036\" srcset=\"https:\/\/www.hoymercedes.com.ar\/principal\/wp-content\/uploads\/2020\/10\/26-malena-allboys.jpeg 800w, https:\/\/www.hoymercedes.com.ar\/principal\/wp-content\/uploads\/2020\/10\/26-malena-allboys-630x418.jpeg 630w, https:\/\/www.hoymercedes.com.ar\/principal\/wp-content\/uploads\/2020\/10\/26-malena-allboys-150x100.jpeg 150w, https:\/\/www.hoymercedes.com.ar\/principal\/wp-content\/uploads\/2020\/10\/26-malena-allboys-700x465.jpeg 700w\" sizes=\"auto, (max-width: 800px) 100vw, 800px\" \/><\/figure><\/div>\n","protected":false},"excerpt":{"rendered":"<p>El \u00faltimo domingo, Malena Del Giudice oficializ\u00f3 su cargo dentro del club All Boys, como titular de All Boys Solidario &#8230; <a title=\"Malena Del Giudice asumi\u00f3 la responsabilidad de All Boys Solidario\" class=\"read-more\" href=\"https:\/\/www.hoymercedes.com.ar\/principal\/2020\/10\/26\/malena-del-giudice-asumio-la-responsabilidad-de-all-boys-solidario\/\" aria-label=\"Leer m\u00e1s sobre Malena Del Giudice asumi\u00f3 la responsabilidad de All Boys Solidario\">Leer m\u00e1s<\/a><\/p>\n","protected":false},"author":1,"featured_media":119036,"comment_status":"closed","ping_status":"open","sticky":false,"template":"","format":"standard","meta":{"_monsterinsights_skip_tracking":false,"_monsterinsights_sitenote_active":false,"_monsterinsights_sitenote_note":"","_monsterinsights_sitenote_category":0,"jetpack_post_was_ever_published":false,"_jetpack_newsletter_access":"","_jetpack_dont_email_post_to_subs":false,"_jetpack_newsletter_tier_id":0,"_jetpack_memberships_contains_paywalled_content":false,"_jetpack_memberships_contains_paid_content":false,"footnotes":"","jetpack_publicize_message":"","jetpack_publicize_feature_enabled":true,"jetpack_social_post_already_shared":true,"jetpack_social_options":{"image_generator_settings":{"template":"highway","default_image_id":0,"font":"","enabled":false},"version":2},"_wpas_customize_per_network":false},"categories":[11],"tags":[10506],"class_list":["post-119035","post","type-post","status-publish","format-standard","has-post-thumbnail","hentry","category-ciudad","tag-all-boys-solidario","generate-columns","tablet-grid-50","mobile-grid-100","grid-parent","grid-50"],"jetpack_publicize_connections":[],"jetpack_featured_media_url":"https:\/\/www.hoymercedes.com.ar\/principal\/wp-content\/uploads\/2020\/10\/26-malena-allboys.jpeg","wps_subtitle":"Trabajo solidario","jetpack_sharing_enabled":true,"_links":{"self":[{"href":"https:\/\/www.hoymercedes.com.ar\/principal\/wp-json\/wp\/v2\/posts\/119035","targetHints":{"allow":["GET"]}}],"collection":[{"href":"https:\/\/www.hoymercedes.com.ar\/principal\/wp-json\/wp\/v2\/posts"}],"about":[{"href":"https:\/\/www.hoymercedes.com.ar\/principal\/wp-json\/wp\/v2\/types\/post"}],"author":[{"embeddable":true,"href":"https:\/\/www.hoymercedes.com.ar\/principal\/wp-json\/wp\/v2\/users\/1"}],"replies":[{"embeddable":true,"href":"https:\/\/www.hoymercedes.com.ar\/principal\/wp-json\/wp\/v2\/comments?post=119035"}],"version-history":[{"count":0,"href":"https:\/\/www.hoymercedes.com.ar\/principal\/wp-json\/wp\/v2\/posts\/119035\/revisions"}],"wp:featuredmedia":[{"embeddable":true,"href":"https:\/\/www.hoymercedes.com.ar\/principal\/wp-json\/wp\/v2\/media\/119036"}],"wp:attachment":[{"href":"https:\/\/www.hoymercedes.com.ar\/principal\/wp-json\/wp\/v2\/media?parent=119035"}],"wp:term":[{"taxonomy":"category","embeddable":true,"href":"https:\/\/www.hoymercedes.com.ar\/principal\/wp-json\/wp\/v2\/categories?post=119035"},{"taxonomy":"post_tag","embeddable":true,"href":"https:\/\/www.hoymercedes.com.ar\/principal\/wp-json\/wp\/v2\/tags?post=119035"}],"curies":[{"name":"wp","href":"https:\/\/api.w.org\/{rel}","templated":true}]}}