{"id":119065,"date":"2020-10-27T00:01:17","date_gmt":"2020-10-27T03:01:17","guid":{"rendered":"http:\/\/www.hoymercedes.com.ar\/principal\/?p=119065"},"modified":"2020-10-27T09:04:16","modified_gmt":"2020-10-27T12:04:16","slug":"un-detenido-por-abuso-sexual-amenazas-y-violencia-de-genero","status":"publish","type":"post","link":"https:\/\/www.hoymercedes.com.ar\/principal\/2020\/10\/27\/un-detenido-por-abuso-sexual-amenazas-y-violencia-de-genero\/","title":{"rendered":"Un detenido por abuso sexual, amenazas y violencia de g\u00e9nero"},"content":{"rendered":"\n<p>El 24 de octubre se efectiviz\u00f3 la detenci\u00f3n de un sujeto de 27 a\u00f1os quien pose\u00eda orden de captura. Sobre el imputado pesaban una serie de denuncias y un pedido de detenci\u00f3n, el cual logr\u00f3 evadir por un prolongado periodo de tiempo.<\/p>\n\n\n\n<p>De acuerdo a la informaci\u00f3n recabada, el 20 de marzo de 2017, en circunstancias en una mujer circulaba por la calle fue interceptada por su ex pareja quien la persigui\u00f3 por varias cuadras y mientras le exhib\u00eda un cuchillo la amenaz\u00f3.<\/p>\n\n\n\n<p>El 15 de junio de 2017, siendo alrededor de las 17.30 hs., en el domicilio sito en calle 111 entre 16 y 18 de Mercedes, cuando la misma v\u00edctima se encontraba en la residencia de una amiga, el imputado lleg\u00f3 al lugar, la insult\u00f3 y agredi\u00f3 f\u00edsicamente, y le exigi\u00f3 la entrega de su tel\u00e9fono celular para luego propinarle una golpiza y amenazarla de muerte.<\/p>\n\n\n\n<p>Posteriormente, la v\u00edctima volvi\u00f3 a denunciarlo luego de que el imputado se presentara en casa de un familiar y la amenazara el 27 de febrero de 2018. Por estos hechos se libr\u00f3 una orden de detenci\u00f3n que el imputado logr\u00f3 evadir. Uno de estos casos fue cuando el 06 de febrero de 2019, en momentos es que personal policial de la Comisar\u00eda de Mercedes se encontraba llevando a cabo orden de allanamiento y secuestro dispuesto por la U.F.I.J. N.\u00ba 2 Departamental en un domicilio de calle 16 entre 109 y 111, por otro hecho delictivo que se investiga, en el lugar tambi\u00e9n se advierte la presencia del imputado, sobre quien pesaba el pedido de detenci\u00f3n. Al reconocerlo, se trata de efectivizar la misma, produci\u00e9ndose un forcejeo con el personal policial y provoc\u00e1ndole dos de ellos lesiones de car\u00e1cter leves, logrando el sujeto darse a la fuga.<\/p>\n\n\n\n<p>En tanto, otra denuncia en su contra da cuenta que entre mediados del mes de julio de 2017 y diciembre de 2018, en un domicilio de calle 16 entre 109 y 111 de la localidad abus\u00f3 sexualmente de una menor de 4 a\u00f1os.<\/p>\n\n\n\n<p>Finalizada la investigaci\u00f3n respecto de este \u00faltimo hecho, y ante la circunstancia de que pesaba sobre el mismo una orden de detenci\u00f3n que databa desde 2017 por los delitos de violencia de g\u00e9nero, desde el Ministerio P\u00fablico se convoc\u00f3 a la DDI Sub Sede Luj\u00e1n y al Destacamento Gowland de la Polic\u00eda Comunal Mercedes que realizaron una intensa labor investigativa durante ocho meses para dar con el paradero del imputado. As\u00ed fue como en la jornada del pasado s\u00e1bado 24 se lo detuvo en calles 26 y 53, tras un nuevo intento de fuga.<\/p>\n\n\n\n<p>El imputado debi\u00f3 comparecer ante el dr. Luis Carcagno a cargo la Unidad Funcional de Instrucci\u00f3n y Juicio N.\u00ba 6 del Departamento Judicial Mercedes en el marco la audiencia de declaraci\u00f3n en los t\u00e9rminos del art. 308 del C\u00f3digo Procesal Penal en la jornada de este lunes.<\/p>\n\n\n\n<p>Se le imputaron los delitos de \u201cAmenazas calificadas\u201d, \u201cLesiones leves doblemente calificadas por cometidas contra la persona con la cual manten\u00eda relaci\u00f3n de pareja y mediando violencia de g\u00e9nero en concurso real con amenazas simples\u201d, \u201cAmenazas calificadas\u201d, \u201cResistencia a la autoridad en concurso real con lesiones leves\u201d y \u201cAbuso sexual simple agravado por ser cometido por el ascendiente de la v\u00edctima\u201d.<\/p>\n\n\n\n<p>En tanto, en la misma jornada se solicit\u00f3 al Juzgado de Garant\u00edas interviniente la ampliaci\u00f3n de la detenci\u00f3n por los delitos en los que evadi\u00f3 el arresto policial \u2013 lo que repiti\u00f3 en el marco del actual procedimiento en el cual se logr\u00f3 efectuar su detenci\u00f3n \u2013 y el delito de abuso contra una menor de edad.<\/p>\n\n\n\n<p>Fuente: Ministerio P\u00fablico Fiscal Depto. Judicial Mercedes<\/p>\n","protected":false},"excerpt":{"rendered":"<p>El 24 de octubre se efectiviz\u00f3 la detenci\u00f3n de un sujeto de 27 a\u00f1os quien pose\u00eda orden de captura. Sobre &#8230; <a title=\"Un detenido por abuso sexual, amenazas y violencia de g\u00e9nero\" class=\"read-more\" href=\"https:\/\/www.hoymercedes.com.ar\/principal\/2020\/10\/27\/un-detenido-por-abuso-sexual-amenazas-y-violencia-de-genero\/\" aria-label=\"Leer m\u00e1s sobre Un detenido por abuso sexual, amenazas y violencia de g\u00e9nero\">Leer m\u00e1s<\/a><\/p>\n","protected":false},"author":5,"featured_media":90495,"comment_status":"closed","ping_status":"open","sticky":false,"template":"","format":"standard","meta":{"_monsterinsights_skip_tracking":false,"_monsterinsights_sitenote_active":false,"_monsterinsights_sitenote_note":"","_monsterinsights_sitenote_category":0,"jetpack_post_was_ever_published":false,"_jetpack_newsletter_access":"","_jetpack_dont_email_post_to_subs":false,"_jetpack_newsletter_tier_id":0,"_jetpack_memberships_contains_paywalled_content":false,"_jetpack_memberships_contains_paid_content":false,"footnotes":"","jetpack_publicize_message":"","jetpack_publicize_feature_enabled":true,"jetpack_social_post_already_shared":true,"jetpack_social_options":{"image_generator_settings":{"template":"highway","default_image_id":0,"font":"","enabled":false},"version":2},"_wpas_customize_per_network":false},"categories":[85],"tags":[11066,10352,96,1475],"class_list":["post-119065","post","type-post","status-publish","format-standard","has-post-thumbnail","hentry","category-policial","tag-abuso","tag-detencion","tag-policial-2","tag-violencia-de-genero","generate-columns","tablet-grid-50","mobile-grid-100","grid-parent","grid-50"],"jetpack_publicize_connections":[],"jetpack_featured_media_url":"https:\/\/www.hoymercedes.com.ar\/principal\/wp-content\/uploads\/2019\/04\/01-policial.jpg","wps_subtitle":"Con orden de captura","jetpack_sharing_enabled":true,"_links":{"self":[{"href":"https:\/\/www.hoymercedes.com.ar\/principal\/wp-json\/wp\/v2\/posts\/119065","targetHints":{"allow":["GET"]}}],"collection":[{"href":"https:\/\/www.hoymercedes.com.ar\/principal\/wp-json\/wp\/v2\/posts"}],"about":[{"href":"https:\/\/www.hoymercedes.com.ar\/principal\/wp-json\/wp\/v2\/types\/post"}],"author":[{"embeddable":true,"href":"https:\/\/www.hoymercedes.com.ar\/principal\/wp-json\/wp\/v2\/users\/5"}],"replies":[{"embeddable":true,"href":"https:\/\/www.hoymercedes.com.ar\/principal\/wp-json\/wp\/v2\/comments?post=119065"}],"version-history":[{"count":0,"href":"https:\/\/www.hoymercedes.com.ar\/principal\/wp-json\/wp\/v2\/posts\/119065\/revisions"}],"wp:featuredmedia":[{"embeddable":true,"href":"https:\/\/www.hoymercedes.com.ar\/principal\/wp-json\/wp\/v2\/media\/90495"}],"wp:attachment":[{"href":"https:\/\/www.hoymercedes.com.ar\/principal\/wp-json\/wp\/v2\/media?parent=119065"}],"wp:term":[{"taxonomy":"category","embeddable":true,"href":"https:\/\/www.hoymercedes.com.ar\/principal\/wp-json\/wp\/v2\/categories?post=119065"},{"taxonomy":"post_tag","embeddable":true,"href":"https:\/\/www.hoymercedes.com.ar\/principal\/wp-json\/wp\/v2\/tags?post=119065"}],"curies":[{"name":"wp","href":"https:\/\/api.w.org\/{rel}","templated":true}]}}