{"id":119077,"date":"2020-10-27T10:44:07","date_gmt":"2020-10-27T13:44:07","guid":{"rendered":"http:\/\/www.hoymercedes.com.ar\/principal\/?p=119077"},"modified":"2020-10-28T11:34:44","modified_gmt":"2020-10-28T14:34:44","slug":"solano-perez-publico-microrrelato-en-homenaje-a-david-lagmanovich","status":"publish","type":"post","link":"https:\/\/www.hoymercedes.com.ar\/principal\/2020\/10\/27\/solano-perez-publico-microrrelato-en-homenaje-a-david-lagmanovich\/","title":{"rendered":"Solano P\u00e9rez public\u00f3 microrrelato en homenaje a David Lagmanovich"},"content":{"rendered":"\n<p>Desde sus perfiles en redes sociales el artista pl\u00e1stico y escritor mercedino Solano P\u00e9rez anunci\u00f3 que fue seleccionado en el concurso \u201cHomenaje de autores argentinos a David Lagmanovich\u201d. Su microrrelato \u201cEspectral\u201d est\u00e1 publicado en la p\u00e1gina 81 del libro editado por Editorial Mart\u00edn de Mar del Plata. <\/p>\n\n\n\n<p>Solano P\u00e9rez es mercedino de origen, desde sus redes publica textos y fotograf\u00edas de sus trabajos en artes pl\u00e1sticas, as\u00ed como sus trabajos en su taller de marcos y cuadros. <\/p>\n\n\n\n<div class=\"wp-block-image\"><figure class=\"aligncenter size-large\"><img loading=\"lazy\" decoding=\"async\" width=\"754\" height=\"600\" data-attachment-id=\"119078\" data-permalink=\"https:\/\/www.hoymercedes.com.ar\/principal\/2020\/10\/27\/solano-perez-publico-microrrelato-en-homenaje-a-david-lagmanovich\/27-solano-perea1\/#main\" data-orig-file=\"https:\/\/www.hoymercedes.com.ar\/principal\/wp-content\/uploads\/2020\/10\/27-solano-perea1.jpg\" data-orig-size=\"754,600\" data-comments-opened=\"0\" data-image-meta=\"{&quot;aperture&quot;:&quot;0&quot;,&quot;credit&quot;:&quot;&quot;,&quot;camera&quot;:&quot;&quot;,&quot;caption&quot;:&quot;&quot;,&quot;created_timestamp&quot;:&quot;0&quot;,&quot;copyright&quot;:&quot;&quot;,&quot;focal_length&quot;:&quot;0&quot;,&quot;iso&quot;:&quot;0&quot;,&quot;shutter_speed&quot;:&quot;0&quot;,&quot;title&quot;:&quot;&quot;,&quot;orientation&quot;:&quot;0&quot;}\" data-image-title=\"27-solano-perea1\" data-image-description=\"\" data-image-caption=\"\" data-large-file=\"https:\/\/www.hoymercedes.com.ar\/principal\/wp-content\/uploads\/2020\/10\/27-solano-perea1.jpg\" src=\"https:\/\/www.hoymercedes.com.ar\/principal\/wp-content\/uploads\/2020\/10\/27-solano-perea1.jpg\" alt=\"\" class=\"wp-image-119078\" srcset=\"https:\/\/www.hoymercedes.com.ar\/principal\/wp-content\/uploads\/2020\/10\/27-solano-perea1.jpg 754w, https:\/\/www.hoymercedes.com.ar\/principal\/wp-content\/uploads\/2020\/10\/27-solano-perea1-630x501.jpg 630w, https:\/\/www.hoymercedes.com.ar\/principal\/wp-content\/uploads\/2020\/10\/27-solano-perea1-150x119.jpg 150w\" sizes=\"auto, (max-width: 754px) 100vw, 754px\" \/><\/figure><\/div>\n\n\n\n<p>Este es un libro de que en recuerdo del llamado padre del Microrrelato, David Lagmanovich, fallecido hace diez a\u00f1os (26\/10\/2010) contiene trabajos realizados por escritores argentinos que se sumaron al homenaje. El libro completo se puede bajar de: <a href=\"https:\/\/drive.google.com\/file\/d\/1DTq_FPNSKCGaYnLD4Sp0-sNifQYEK2Vc\/view?usp=sharing\" target=\"_blank\" rel=\"noopener\">https:\/\/drive.google.com\/file\/d\/1DTq_FPNSKCGaYnLD4Sp0-sNifQYEK2Vc\/view?usp=sharing<\/a><\/p>\n\n\n\n<p>Con motivo de cumplirse el\u00a0d\u00e9cimo aniversario de la desaparici\u00f3n f\u00edsica\u00a0del escritor tucumano\u00a0David Lagmanovich,\u00a0Editorial Martin convoc\u00f3 a autores argentinos a escribir microrrelatos para publicar en una antolog\u00eda\u00a0que en honor al padre de los microrrelatos argentinos. La editorial seleccion\u00f3 los trabajos y los public\u00f3 en una edici\u00f3n que se llama\u00a0\u201cHomenaje de autores argentinos a David Lagmanovich\u201d.<\/p>\n\n\n\n<p>David Lagmanovich es considerado el maestro argentino del microrrelato.\u00a0Entre su vasto curr\u00edculum figura el haber sido profesor en la Universidad Nacional de Mar del Plata. Mart\u00edn public\u00f3 de este autor el libro \u201cMenos de 100\u201d en 2006. Lagmanovich\u00a0falleci\u00f3 a los 83 a\u00f1os. Fue periodista, escritor y ensayista, cultivador de la poes\u00eda, hab\u00eda nacido el 19 de agosto de 1927 en Huinca Renanc\u00f3, provincia de C\u00f3rdoba, y fue bautizado con el nombre de Josu\u00e9 David Lajmanovich. El escritor estudi\u00f3 en la\u00a0Universidad de Tucum\u00e1n, luego obtuvo becas en\u00a0<strong>Columbia<\/strong>, Estados Unidos, y en 1962 se instal\u00f3 con su familia en<strong>\u00a0Washington.<\/strong>\u00a0M\u00e1s tarde regres\u00f3 al pa\u00eds. Escribi\u00f3\u00a0<strong>La hormiga escritora (2004), Los cuatro elementos (2007) y la reciente antolog\u00eda Por elecci\u00f3n ajena. Microrrelatos escogidos, 2004-2009 (2010).<\/strong>\u00a0En el terreno de la cr\u00edtica literaria, sus contribuciones principales se encuentran en El microrrelato. Teor\u00eda e historia (2006) y La otra mirada. Antolog\u00eda del microrrelato hisp\u00e1nico (2005) (Fuente: La Capital de Mar del Plata)<\/p>\n\n\n\n<p>Fotograf\u00eda: Natalia Giumelli<\/p>\n","protected":false},"excerpt":{"rendered":"<p>Desde sus perfiles en redes sociales el artista pl\u00e1stico y escritor mercedino Solano P\u00e9rez anunci\u00f3 que fue seleccionado en el &#8230; <a title=\"Solano P\u00e9rez public\u00f3 microrrelato en homenaje a David Lagmanovich\" class=\"read-more\" href=\"https:\/\/www.hoymercedes.com.ar\/principal\/2020\/10\/27\/solano-perez-publico-microrrelato-en-homenaje-a-david-lagmanovich\/\" aria-label=\"Leer m\u00e1s sobre Solano P\u00e9rez public\u00f3 microrrelato en homenaje a David Lagmanovich\">Leer m\u00e1s<\/a><\/p>\n","protected":false},"author":1,"featured_media":119079,"comment_status":"closed","ping_status":"open","sticky":false,"template":"","format":"standard","meta":{"_monsterinsights_skip_tracking":false,"_monsterinsights_sitenote_active":false,"_monsterinsights_sitenote_note":"","_monsterinsights_sitenote_category":0,"jetpack_post_was_ever_published":false,"_jetpack_newsletter_access":"","_jetpack_dont_email_post_to_subs":false,"_jetpack_newsletter_tier_id":0,"_jetpack_memberships_contains_paywalled_content":false,"_jetpack_memberships_contains_paid_content":false,"footnotes":"","jetpack_publicize_message":"","jetpack_publicize_feature_enabled":true,"jetpack_social_post_already_shared":true,"jetpack_social_options":{"image_generator_settings":{"template":"highway","default_image_id":0,"font":"","enabled":false},"version":2},"_wpas_customize_per_network":false},"categories":[104],"tags":[1035,7805,73,9432],"class_list":["post-119077","post","type-post","status-publish","format-standard","has-post-thumbnail","hentry","category-cultura","tag-concurso","tag-cultura","tag-literatura","tag-solano-perez","generate-columns","tablet-grid-50","mobile-grid-100","grid-parent","grid-50"],"jetpack_publicize_connections":[],"jetpack_featured_media_url":"https:\/\/www.hoymercedes.com.ar\/principal\/wp-content\/uploads\/2020\/10\/27-solano-peres.jpg","wps_subtitle":"Autores argentinos homenajean","jetpack_sharing_enabled":true,"_links":{"self":[{"href":"https:\/\/www.hoymercedes.com.ar\/principal\/wp-json\/wp\/v2\/posts\/119077","targetHints":{"allow":["GET"]}}],"collection":[{"href":"https:\/\/www.hoymercedes.com.ar\/principal\/wp-json\/wp\/v2\/posts"}],"about":[{"href":"https:\/\/www.hoymercedes.com.ar\/principal\/wp-json\/wp\/v2\/types\/post"}],"author":[{"embeddable":true,"href":"https:\/\/www.hoymercedes.com.ar\/principal\/wp-json\/wp\/v2\/users\/1"}],"replies":[{"embeddable":true,"href":"https:\/\/www.hoymercedes.com.ar\/principal\/wp-json\/wp\/v2\/comments?post=119077"}],"version-history":[{"count":0,"href":"https:\/\/www.hoymercedes.com.ar\/principal\/wp-json\/wp\/v2\/posts\/119077\/revisions"}],"wp:featuredmedia":[{"embeddable":true,"href":"https:\/\/www.hoymercedes.com.ar\/principal\/wp-json\/wp\/v2\/media\/119079"}],"wp:attachment":[{"href":"https:\/\/www.hoymercedes.com.ar\/principal\/wp-json\/wp\/v2\/media?parent=119077"}],"wp:term":[{"taxonomy":"category","embeddable":true,"href":"https:\/\/www.hoymercedes.com.ar\/principal\/wp-json\/wp\/v2\/categories?post=119077"},{"taxonomy":"post_tag","embeddable":true,"href":"https:\/\/www.hoymercedes.com.ar\/principal\/wp-json\/wp\/v2\/tags?post=119077"}],"curies":[{"name":"wp","href":"https:\/\/api.w.org\/{rel}","templated":true}]}}