{"id":119120,"date":"2020-10-27T22:39:19","date_gmt":"2020-10-28T01:39:19","guid":{"rendered":"http:\/\/www.hoymercedes.com.ar\/principal\/?p=119120"},"modified":"2020-10-28T09:16:00","modified_gmt":"2020-10-28T12:16:00","slug":"coronavirus-un-fallecimiento-y-cuatro-positivos-nuevos","status":"publish","type":"post","link":"https:\/\/www.hoymercedes.com.ar\/principal\/2020\/10\/27\/coronavirus-un-fallecimiento-y-cuatro-positivos-nuevos\/","title":{"rendered":"Coronavirus: un fallecimiento y cuatro positivos nuevos"},"content":{"rendered":"\n<p>Entre 58 test realizados por el Laboratorio del Hospital Dubarry, cuatro resultaron positivos para Mercedes. Asimismo, confirman el fallecimiento de un hombre de 69 a\u00f1os portador del SARS-cov2, pero que estaba internado en la ciudad de Buenos Aires. <\/p>\n\n\n\n<div class=\"wp-block-image\"><figure class=\"aligncenter size-large\"><img loading=\"lazy\" decoding=\"async\" width=\"800\" height=\"800\" data-attachment-id=\"119124\" data-permalink=\"https:\/\/www.hoymercedes.com.ar\/principal\/2020\/10\/27\/coronavirus-un-fallecimiento-y-cuatro-positivos-nuevos\/whatsapp-image-2020-10-27-at-22-18-17\/#main\" data-orig-file=\"https:\/\/www.hoymercedes.com.ar\/principal\/wp-content\/uploads\/2020\/10\/WhatsApp-Image-2020-10-27-at-22.18.17.jpeg\" data-orig-size=\"800,800\" data-comments-opened=\"0\" data-image-meta=\"{&quot;aperture&quot;:&quot;0&quot;,&quot;credit&quot;:&quot;&quot;,&quot;camera&quot;:&quot;&quot;,&quot;caption&quot;:&quot;&quot;,&quot;created_timestamp&quot;:&quot;0&quot;,&quot;copyright&quot;:&quot;&quot;,&quot;focal_length&quot;:&quot;0&quot;,&quot;iso&quot;:&quot;0&quot;,&quot;shutter_speed&quot;:&quot;0&quot;,&quot;title&quot;:&quot;&quot;,&quot;orientation&quot;:&quot;0&quot;}\" data-image-title=\"WhatsApp Image 2020-10-27 at 22.18.17\" data-image-description=\"\" data-image-caption=\"\" data-large-file=\"https:\/\/www.hoymercedes.com.ar\/principal\/wp-content\/uploads\/2020\/10\/WhatsApp-Image-2020-10-27-at-22.18.17.jpeg\" src=\"https:\/\/www.hoymercedes.com.ar\/principal\/wp-content\/uploads\/2020\/10\/WhatsApp-Image-2020-10-27-at-22.18.17.jpeg\" alt=\"\" class=\"wp-image-119124\" srcset=\"https:\/\/www.hoymercedes.com.ar\/principal\/wp-content\/uploads\/2020\/10\/WhatsApp-Image-2020-10-27-at-22.18.17.jpeg 800w, https:\/\/www.hoymercedes.com.ar\/principal\/wp-content\/uploads\/2020\/10\/WhatsApp-Image-2020-10-27-at-22.18.17-620x620.jpeg 620w, https:\/\/www.hoymercedes.com.ar\/principal\/wp-content\/uploads\/2020\/10\/WhatsApp-Image-2020-10-27-at-22.18.17-150x150.jpeg 150w\" sizes=\"auto, (max-width: 800px) 100vw, 800px\" \/><\/figure><\/div>\n\n\n\n<p>El informe oficial: \u00abEn el d\u00eda de la fecha el Laboratorio de Virolog\u00eda Molecular Municipal por medio de los procesos cient\u00edficos que lleva adelante cotidianamente confirm\u00f3 4 nuevos casos para covid. <br>Lamentamos informar el fallecimiento de un paciente de 69 a\u00f1os de edad portador del virus quien se encontraba internado en CABA.<br>Al d\u00eda de la fecha tenemos 136 casos activos con 20 altas m\u00e9dicas. Por su parte 1571 casos se registraron desde iniciada la pandemia con 1405 pacientes recuperados del virus.<br>En cuanto al Centro de Aislamiento Sanitario II con todas las normas socio sanitarias y un fuerte trabajo de Salud, Protecci\u00f3n Civil, SAME, Seguridad, Desarrollo Social y Servicios P\u00fablicos no tiene pacientes alojados, aislados y monitoreados\u00bb.<\/p>\n\n\n\n<p><strong>Informe nacional<\/strong><\/p>\n\n\n\n<p>El informe del gobierno nacional en el \u00e1rea de salud confirmaron 14.308 nuevos casos de COVID-19. Con estos registros, suman 1.116.609 positivos en el pa\u00eds, de los cuales 921.344 son pacientes recuperados y 165.535 son casos confirmados activos. En las \u00faltimas 24 hs fueron realizados 32.847 testeos y desde el inicio del brote se realizaron 2.8882.949 pruebas diagn\u00f3sticas para esta enfermedad, lo que equivale a 63.533 muestras por mill\u00f3n de habitantes.<\/p>\n\n\n\n<p>Detalle por provincia (N\u00ba de confirmados | N\u00ba de acumulados): Buenos Aires 4.221 | 535.235; Ciudad de Buenos Aires 598 | 145.103; Catamarca 28 | 666; Chaco 167 | 13.394; Chubut 318 | 13.299; C\u00f3rdoba 1.819 | 79.085; Corrientes 17 | 2.400; Entre R\u00edos 395 | 14.687; Formosa 3 | 148; Jujuy 35 | 17.687; La Pampa 144 | 2.668; La Rioja 123 | 7.296; Mendoza 771 | 44.372; Misiones 11 | 240; Neuqu\u00e9n 414 | 20.192; R\u00edo Negro 461 | 22.549; Salta 156 | 18.033; San Juan 40 | 1.436; San Luis 446 | 6.075; Santa Cruz 91 | 8.646; Santa Fe 2.235 | 98.474; Santiago del Estero 144 | 8.769; Tierra del Fuego 231 | 10.588 y Tucum\u00e1n 1440 | 45.567<\/p>\n\n\n\n<p>En las \u00faltimas 24 horas, se notificaron 430 nuevas muertes, son 259 hombres y 169 mujeres. Al momento la cantidad de personas fallecidas es 29.730. Dos personas fallecidas, residentes en la provincia de Buenos Aires y la Ciudad de Buenos Aires, no registran dato de sexo. Una mujer residente en la provincia de Buenos Aires fue reclasificada. <\/p>\n","protected":false},"excerpt":{"rendered":"<p>Entre 58 test realizados por el Laboratorio del Hospital Dubarry, cuatro resultaron positivos para Mercedes. Asimismo, confirman el fallecimiento de &#8230; <a title=\"Coronavirus: un fallecimiento y cuatro positivos nuevos\" class=\"read-more\" href=\"https:\/\/www.hoymercedes.com.ar\/principal\/2020\/10\/27\/coronavirus-un-fallecimiento-y-cuatro-positivos-nuevos\/\" aria-label=\"Leer m\u00e1s sobre Coronavirus: un fallecimiento y cuatro positivos nuevos\">Leer m\u00e1s<\/a><\/p>\n","protected":false},"author":1,"featured_media":119124,"comment_status":"closed","ping_status":"open","sticky":false,"template":"","format":"standard","meta":{"_monsterinsights_skip_tracking":false,"_monsterinsights_sitenote_active":false,"_monsterinsights_sitenote_note":"","_monsterinsights_sitenote_category":0,"jetpack_post_was_ever_published":false,"_jetpack_newsletter_access":"","_jetpack_dont_email_post_to_subs":false,"_jetpack_newsletter_tier_id":0,"_jetpack_memberships_contains_paywalled_content":false,"_jetpack_memberships_contains_paid_content":false,"footnotes":"","jetpack_publicize_message":"","jetpack_publicize_feature_enabled":true,"jetpack_social_post_already_shared":true,"jetpack_social_options":{"image_generator_settings":{"template":"highway","default_image_id":0,"font":"","enabled":false},"version":2},"_wpas_customize_per_network":false},"categories":[8],"tags":[16561,17222,16313],"class_list":["post-119120","post","type-post","status-publish","format-standard","has-post-thumbnail","hentry","category-sociedad","tag-cierre-del-dia","tag-coronoavirus","tag-covid-19","generate-columns","tablet-grid-50","mobile-grid-100","grid-parent","grid-50"],"jetpack_publicize_connections":[],"jetpack_featured_media_url":"https:\/\/www.hoymercedes.com.ar\/principal\/wp-content\/uploads\/2020\/10\/WhatsApp-Image-2020-10-27-at-22.18.17.jpeg","wps_subtitle":"Cierre del d\u00eda","jetpack_sharing_enabled":true,"_links":{"self":[{"href":"https:\/\/www.hoymercedes.com.ar\/principal\/wp-json\/wp\/v2\/posts\/119120","targetHints":{"allow":["GET"]}}],"collection":[{"href":"https:\/\/www.hoymercedes.com.ar\/principal\/wp-json\/wp\/v2\/posts"}],"about":[{"href":"https:\/\/www.hoymercedes.com.ar\/principal\/wp-json\/wp\/v2\/types\/post"}],"author":[{"embeddable":true,"href":"https:\/\/www.hoymercedes.com.ar\/principal\/wp-json\/wp\/v2\/users\/1"}],"replies":[{"embeddable":true,"href":"https:\/\/www.hoymercedes.com.ar\/principal\/wp-json\/wp\/v2\/comments?post=119120"}],"version-history":[{"count":0,"href":"https:\/\/www.hoymercedes.com.ar\/principal\/wp-json\/wp\/v2\/posts\/119120\/revisions"}],"wp:featuredmedia":[{"embeddable":true,"href":"https:\/\/www.hoymercedes.com.ar\/principal\/wp-json\/wp\/v2\/media\/119124"}],"wp:attachment":[{"href":"https:\/\/www.hoymercedes.com.ar\/principal\/wp-json\/wp\/v2\/media?parent=119120"}],"wp:term":[{"taxonomy":"category","embeddable":true,"href":"https:\/\/www.hoymercedes.com.ar\/principal\/wp-json\/wp\/v2\/categories?post=119120"},{"taxonomy":"post_tag","embeddable":true,"href":"https:\/\/www.hoymercedes.com.ar\/principal\/wp-json\/wp\/v2\/tags?post=119120"}],"curies":[{"name":"wp","href":"https:\/\/api.w.org\/{rel}","templated":true}]}}