{"id":119154,"date":"2020-10-28T21:28:15","date_gmt":"2020-10-29T00:28:15","guid":{"rendered":"http:\/\/www.hoymercedes.com.ar\/principal\/?p=119154"},"modified":"2020-10-28T21:28:21","modified_gmt":"2020-10-29T00:28:21","slug":"coronavirus-cinco-positivos-en-mercedes","status":"publish","type":"post","link":"https:\/\/www.hoymercedes.com.ar\/principal\/2020\/10\/28\/coronavirus-cinco-positivos-en-mercedes\/","title":{"rendered":"Coronavirus: Cinco positivos en Mercedes"},"content":{"rendered":"\n<p>Informe oficial &#8211; En el d\u00eda de la fecha el Laboratorio de Virolog\u00eda Molecular Municipal por medio de los procesos cient\u00edficos que lleva adelante cotidianamente confirm\u00f3 5 nuevos casos para covid.<br>Al d\u00eda de la fecha tenemos 115 casos activos con 26 altas m\u00e9dicas. Por su parte 1576 casos se registraron desde iniciada la pandemia con 1431 pacientes recuperados del virus.<br>En cuanto al Centro de Aislamiento Sanitario II con todas las normas socio sanitarias y un fuerte trabajo de Salud, Protecci\u00f3n Civil, SAME, Seguridad, Desarrollo Social y Servicios P\u00fablicos no tiene pacientes alojados, aislados y monitoreados.<\/p>\n\n\n\n<div class=\"wp-block-image\"><figure class=\"aligncenter size-large\"><img loading=\"lazy\" decoding=\"async\" width=\"800\" height=\"800\" data-attachment-id=\"119155\" data-permalink=\"https:\/\/www.hoymercedes.com.ar\/principal\/2020\/10\/28\/coronavirus-cinco-positivos-en-mercedes\/whatsapp-image-2020-10-28-at-21-14-52\/#main\" data-orig-file=\"https:\/\/www.hoymercedes.com.ar\/principal\/wp-content\/uploads\/2020\/10\/WhatsApp-Image-2020-10-28-at-21.14.52.jpeg\" data-orig-size=\"800,800\" data-comments-opened=\"0\" data-image-meta=\"{&quot;aperture&quot;:&quot;0&quot;,&quot;credit&quot;:&quot;&quot;,&quot;camera&quot;:&quot;&quot;,&quot;caption&quot;:&quot;&quot;,&quot;created_timestamp&quot;:&quot;0&quot;,&quot;copyright&quot;:&quot;&quot;,&quot;focal_length&quot;:&quot;0&quot;,&quot;iso&quot;:&quot;0&quot;,&quot;shutter_speed&quot;:&quot;0&quot;,&quot;title&quot;:&quot;&quot;,&quot;orientation&quot;:&quot;0&quot;}\" data-image-title=\"WhatsApp-Image-2020-10-28-at-21.14.52\" data-image-description=\"\" data-image-caption=\"\" data-large-file=\"https:\/\/www.hoymercedes.com.ar\/principal\/wp-content\/uploads\/2020\/10\/WhatsApp-Image-2020-10-28-at-21.14.52.jpeg\" src=\"https:\/\/www.hoymercedes.com.ar\/principal\/wp-content\/uploads\/2020\/10\/WhatsApp-Image-2020-10-28-at-21.14.52.jpeg\" alt=\"\" class=\"wp-image-119155\" srcset=\"https:\/\/www.hoymercedes.com.ar\/principal\/wp-content\/uploads\/2020\/10\/WhatsApp-Image-2020-10-28-at-21.14.52.jpeg 800w, https:\/\/www.hoymercedes.com.ar\/principal\/wp-content\/uploads\/2020\/10\/WhatsApp-Image-2020-10-28-at-21.14.52-620x620.jpeg 620w, https:\/\/www.hoymercedes.com.ar\/principal\/wp-content\/uploads\/2020\/10\/WhatsApp-Image-2020-10-28-at-21.14.52-150x150.jpeg 150w\" sizes=\"auto, (max-width: 800px) 100vw, 800px\" \/><\/figure><\/div>\n\n\n\n<p><\/p>\n\n\n\n<p><strong>Informe nacional<\/strong><\/p>\n\n\n\n<p>Hoy fueron confirmados 13.924 nuevos casos de COVID-19. Con estos registros, suman 1.130.533 positivos en el pa\u00eds, de los cuales 931.147 son pacientes recuperados y 169.315 son casos confirmados activos. En las \u00faltimas 24 hs fueron realizados 32.827 testeos y desde el inicio del brote se realizaron 2.915.776 pruebas diagn\u00f3sticas para esta enfermedad, lo que equivale a 64.257 muestras por mill\u00f3n de habitantes.<\/p>\n\n\n\n<p>Detalle por provincia (N\u00ba de confirmados | N\u00ba de acumulados): Buenos Aires 4.238 | 539.473 Ciudad de Buenos Aires 641 | 145.744 Catamarca 54 | 720 Chaco 186 | 13.580 Chubut 295 | 13.594 C\u00f3rdoba 1.848 | 80.933 Corrientes 69 | 2.469 Entre R\u00edos 343 | 15.030 Formosa 1 | 149 Jujuy 53 | 17.740 La Pampa 161 | 2.829 La Rioja 90 | 7.386 Mendoza 675 | 45.047 Misiones 9 | 249 Neuqu\u00e9n 384 | 20.576 R\u00edo Negro 450 | 22.999 Salta 219 | 18.252 San Juan 144 | 1.580 San Luis 167 | 6.242 Santa Cruz 239 | 8.885 Santa Fe 2.003 | 100.477 Santiago del Estero 292 | 9.061 Tierra del Fuego* 236 | 10.824 y Tucum\u00e1n 1.127 | 46.694<\/p>\n\n\n\n<p>En las \u00faltimas 24 horas, se notificaron 345 nuevas muertes, son 190 hombres y 155 mujeres. Al momento la cantidad de personas fallecidas es 30.071. Cuatro personas residentes en la provincia de Buenos Aires (1 mujer), en la provincia de La Pampa (2 hombres) y en la provincia de Tierra del Fuego (1 hombre) fueron reclasificadas.<\/p>\n","protected":false},"excerpt":{"rendered":"<p>Informe oficial &#8211; En el d\u00eda de la fecha el Laboratorio de Virolog\u00eda Molecular Municipal por medio de los procesos &#8230; <a title=\"Coronavirus: Cinco positivos en Mercedes\" class=\"read-more\" href=\"https:\/\/www.hoymercedes.com.ar\/principal\/2020\/10\/28\/coronavirus-cinco-positivos-en-mercedes\/\" aria-label=\"Leer m\u00e1s sobre Coronavirus: Cinco positivos en Mercedes\">Leer m\u00e1s<\/a><\/p>\n","protected":false},"author":5,"featured_media":119155,"comment_status":"closed","ping_status":"open","sticky":false,"template":"","format":"standard","meta":{"_monsterinsights_skip_tracking":false,"_monsterinsights_sitenote_active":false,"_monsterinsights_sitenote_note":"","_monsterinsights_sitenote_category":0,"jetpack_post_was_ever_published":false,"_jetpack_newsletter_access":"","_jetpack_dont_email_post_to_subs":false,"_jetpack_newsletter_tier_id":0,"_jetpack_memberships_contains_paywalled_content":false,"_jetpack_memberships_contains_paid_content":false,"footnotes":"","jetpack_publicize_message":"","jetpack_publicize_feature_enabled":true,"jetpack_social_post_already_shared":true,"jetpack_social_options":{"image_generator_settings":{"template":"highway","default_image_id":0,"font":"","enabled":false},"version":2},"_wpas_customize_per_network":false},"categories":[9791],"tags":[],"class_list":["post-119154","post","type-post","status-publish","format-standard","has-post-thumbnail","hentry","category-salud","generate-columns","tablet-grid-50","mobile-grid-100","grid-parent","grid-50"],"jetpack_publicize_connections":[],"jetpack_featured_media_url":"https:\/\/www.hoymercedes.com.ar\/principal\/wp-content\/uploads\/2020\/10\/WhatsApp-Image-2020-10-28-at-21.14.52.jpeg","wps_subtitle":"Cierre del d\u00eda","jetpack_sharing_enabled":true,"_links":{"self":[{"href":"https:\/\/www.hoymercedes.com.ar\/principal\/wp-json\/wp\/v2\/posts\/119154","targetHints":{"allow":["GET"]}}],"collection":[{"href":"https:\/\/www.hoymercedes.com.ar\/principal\/wp-json\/wp\/v2\/posts"}],"about":[{"href":"https:\/\/www.hoymercedes.com.ar\/principal\/wp-json\/wp\/v2\/types\/post"}],"author":[{"embeddable":true,"href":"https:\/\/www.hoymercedes.com.ar\/principal\/wp-json\/wp\/v2\/users\/5"}],"replies":[{"embeddable":true,"href":"https:\/\/www.hoymercedes.com.ar\/principal\/wp-json\/wp\/v2\/comments?post=119154"}],"version-history":[{"count":0,"href":"https:\/\/www.hoymercedes.com.ar\/principal\/wp-json\/wp\/v2\/posts\/119154\/revisions"}],"wp:featuredmedia":[{"embeddable":true,"href":"https:\/\/www.hoymercedes.com.ar\/principal\/wp-json\/wp\/v2\/media\/119155"}],"wp:attachment":[{"href":"https:\/\/www.hoymercedes.com.ar\/principal\/wp-json\/wp\/v2\/media?parent=119154"}],"wp:term":[{"taxonomy":"category","embeddable":true,"href":"https:\/\/www.hoymercedes.com.ar\/principal\/wp-json\/wp\/v2\/categories?post=119154"},{"taxonomy":"post_tag","embeddable":true,"href":"https:\/\/www.hoymercedes.com.ar\/principal\/wp-json\/wp\/v2\/tags?post=119154"}],"curies":[{"name":"wp","href":"https:\/\/api.w.org\/{rel}","templated":true}]}}