{"id":119169,"date":"2020-10-29T10:33:34","date_gmt":"2020-10-29T13:33:34","guid":{"rendered":"http:\/\/www.hoymercedes.com.ar\/principal\/?p=119169"},"modified":"2020-10-29T10:33:38","modified_gmt":"2020-10-29T13:33:38","slug":"estaria-terminado-el-hormigoneado-de-la-obra-en-avenida-2-para-el-fin-de-semana","status":"publish","type":"post","link":"https:\/\/www.hoymercedes.com.ar\/principal\/2020\/10\/29\/estaria-terminado-el-hormigoneado-de-la-obra-en-avenida-2-para-el-fin-de-semana\/","title":{"rendered":"Estar\u00eda terminado el hormigoneado de la obra en avenida 2 para el fin de semana"},"content":{"rendered":"\n<p>De acuerdo a la informaci\u00f3n enviada por el Municipio de Mercedes, \u00abeste fin de semana se estar\u00eda terminando el hormigonado en las avenidas 2 y 1 y faltar\u00eda cerca de un mes para poder transitarla\u00bb. \u00a0<\/p>\n\n\n\n<p>Las \u00faltimas informaciones sobre la obra de pavimentaci\u00f3n de la avenida 2 enviadas por la comuna dicen que por estos d\u00edas concluir\u00edan con la rotonda de la 2 y 1. \u201cHemos avanzado mucho en los trabajos. Ahora dependemos del clima para concretar el final del hormigonado. El s\u00e1bado, Dios mediante y si el clima nos acompa\u00f1a, estar\u00edamos terminando con el hormigonado\u201d, cont\u00f3 el presidente del Concejo Deliberante Mat\u00edas Dematei que cuando se inici\u00f3 la obra estuvo a cargo del \u00e1rea hasta su reelecci\u00f3n como concejal. <\/p>\n\n\n\n<p>Seg\u00fan inform\u00f3 Dematei, luego del final del hormigonado la obra debe tener unos 28 d\u00edas de corrido de \u201ccurado\u201d, con lo cual todav\u00eda no se va a poder transitar. \u201cEn ese transcurso vamos a realizar el corte y sellado de juntas, el calzado de banquina, la carga al centro de la rotonda con material de suelo (tierra negra) para luego realizar la colocaci\u00f3n de pasto. Adem\u00e1s, hay que hacer la construcci\u00f3n de sumideros, la demarcaci\u00f3n y todos los detalles que conlleva la obra\u201d, cont\u00f3 el presidente del Concejo. \u00a0<\/p>\n\n\n\n<div class=\"wp-block-image\"><figure class=\"aligncenter size-large\"><img loading=\"lazy\" decoding=\"async\" width=\"800\" height=\"523\" data-attachment-id=\"119170\" data-permalink=\"https:\/\/www.hoymercedes.com.ar\/principal\/2020\/10\/29\/estaria-terminado-el-hormigoneado-de-la-obra-en-avenida-2-para-el-fin-de-semana\/29-avenida2\/#main\" data-orig-file=\"https:\/\/www.hoymercedes.com.ar\/principal\/wp-content\/uploads\/2020\/10\/29-Avenida2.jpeg\" data-orig-size=\"800,523\" data-comments-opened=\"0\" data-image-meta=\"{&quot;aperture&quot;:&quot;0&quot;,&quot;credit&quot;:&quot;&quot;,&quot;camera&quot;:&quot;&quot;,&quot;caption&quot;:&quot;&quot;,&quot;created_timestamp&quot;:&quot;0&quot;,&quot;copyright&quot;:&quot;&quot;,&quot;focal_length&quot;:&quot;0&quot;,&quot;iso&quot;:&quot;0&quot;,&quot;shutter_speed&quot;:&quot;0&quot;,&quot;title&quot;:&quot;&quot;,&quot;orientation&quot;:&quot;0&quot;}\" data-image-title=\"29 Avenida2\" data-image-description=\"\" data-image-caption=\"\" data-large-file=\"https:\/\/www.hoymercedes.com.ar\/principal\/wp-content\/uploads\/2020\/10\/29-Avenida2.jpeg\" src=\"https:\/\/www.hoymercedes.com.ar\/principal\/wp-content\/uploads\/2020\/10\/29-Avenida2.jpeg\" alt=\"\" class=\"wp-image-119170\" srcset=\"https:\/\/www.hoymercedes.com.ar\/principal\/wp-content\/uploads\/2020\/10\/29-Avenida2.jpeg 800w, https:\/\/www.hoymercedes.com.ar\/principal\/wp-content\/uploads\/2020\/10\/29-Avenida2-630x412.jpeg 630w, https:\/\/www.hoymercedes.com.ar\/principal\/wp-content\/uploads\/2020\/10\/29-Avenida2-150x98.jpeg 150w\" sizes=\"auto, (max-width: 800px) 100vw, 800px\" \/><\/figure><\/div>\n","protected":false},"excerpt":{"rendered":"<p>De acuerdo a la informaci\u00f3n enviada por el Municipio de Mercedes, \u00abeste fin de semana se estar\u00eda terminando el hormigonado &#8230; <a title=\"Estar\u00eda terminado el hormigoneado de la obra en avenida 2 para el fin de semana\" class=\"read-more\" href=\"https:\/\/www.hoymercedes.com.ar\/principal\/2020\/10\/29\/estaria-terminado-el-hormigoneado-de-la-obra-en-avenida-2-para-el-fin-de-semana\/\" aria-label=\"Leer m\u00e1s sobre Estar\u00eda terminado el hormigoneado de la obra en avenida 2 para el fin de semana\">Leer m\u00e1s<\/a><\/p>\n","protected":false},"author":1,"featured_media":119170,"comment_status":"closed","ping_status":"open","sticky":false,"template":"","format":"standard","meta":{"_monsterinsights_skip_tracking":false,"_monsterinsights_sitenote_active":false,"_monsterinsights_sitenote_note":"","_monsterinsights_sitenote_category":0,"jetpack_post_was_ever_published":false,"_jetpack_newsletter_access":"","_jetpack_dont_email_post_to_subs":false,"_jetpack_newsletter_tier_id":0,"_jetpack_memberships_contains_paywalled_content":false,"_jetpack_memberships_contains_paid_content":false,"footnotes":"","jetpack_publicize_message":"","jetpack_publicize_feature_enabled":true,"jetpack_social_post_already_shared":true,"jetpack_social_options":{"image_generator_settings":{"template":"highway","default_image_id":0,"font":"","enabled":false},"version":2},"_wpas_customize_per_network":false},"categories":[30],"tags":[],"class_list":["post-119169","post","type-post","status-publish","format-standard","has-post-thumbnail","hentry","category-municipio","generate-columns","tablet-grid-50","mobile-grid-100","grid-parent","grid-50"],"jetpack_publicize_connections":[],"jetpack_featured_media_url":"https:\/\/www.hoymercedes.com.ar\/principal\/wp-content\/uploads\/2020\/10\/29-Avenida2.jpeg","wps_subtitle":"","jetpack_sharing_enabled":true,"_links":{"self":[{"href":"https:\/\/www.hoymercedes.com.ar\/principal\/wp-json\/wp\/v2\/posts\/119169","targetHints":{"allow":["GET"]}}],"collection":[{"href":"https:\/\/www.hoymercedes.com.ar\/principal\/wp-json\/wp\/v2\/posts"}],"about":[{"href":"https:\/\/www.hoymercedes.com.ar\/principal\/wp-json\/wp\/v2\/types\/post"}],"author":[{"embeddable":true,"href":"https:\/\/www.hoymercedes.com.ar\/principal\/wp-json\/wp\/v2\/users\/1"}],"replies":[{"embeddable":true,"href":"https:\/\/www.hoymercedes.com.ar\/principal\/wp-json\/wp\/v2\/comments?post=119169"}],"version-history":[{"count":0,"href":"https:\/\/www.hoymercedes.com.ar\/principal\/wp-json\/wp\/v2\/posts\/119169\/revisions"}],"wp:featuredmedia":[{"embeddable":true,"href":"https:\/\/www.hoymercedes.com.ar\/principal\/wp-json\/wp\/v2\/media\/119170"}],"wp:attachment":[{"href":"https:\/\/www.hoymercedes.com.ar\/principal\/wp-json\/wp\/v2\/media?parent=119169"}],"wp:term":[{"taxonomy":"category","embeddable":true,"href":"https:\/\/www.hoymercedes.com.ar\/principal\/wp-json\/wp\/v2\/categories?post=119169"},{"taxonomy":"post_tag","embeddable":true,"href":"https:\/\/www.hoymercedes.com.ar\/principal\/wp-json\/wp\/v2\/tags?post=119169"}],"curies":[{"name":"wp","href":"https:\/\/api.w.org\/{rel}","templated":true}]}}