{"id":119176,"date":"2020-10-29T14:03:22","date_gmt":"2020-10-29T17:03:22","guid":{"rendered":"http:\/\/www.hoymercedes.com.ar\/principal\/?p=119176"},"modified":"2020-11-02T09:20:22","modified_gmt":"2020-11-02T12:20:22","slug":"rodrigo-torres-jugara-en-douglas-haig-de-pergamino","status":"publish","type":"post","link":"https:\/\/www.hoymercedes.com.ar\/principal\/2020\/10\/29\/rodrigo-torres-jugara-en-douglas-haig-de-pergamino\/","title":{"rendered":"Rodrigo Torres jugar\u00e1 en Douglas Haig de Pergamino"},"content":{"rendered":"\n<p>Tras estar algunas temporadas en Defensores de Salto, donde jug\u00f3 Federal B, Regional Amateur y Liga local, Rodrigo Torres contin\u00faa en el norte de la provincia de Buenos Aires pero en este caso para jugar en Douglas Haig de Pergamino, equipo que milita en el Federal A y que se prepara para iniciar en las pr\u00f3ximas semanas el certamen rumbo a la Primera Nacional.<\/p>\n\n\n\n<div class=\"wp-block-image\"><figure class=\"aligncenter size-large\"><img loading=\"lazy\" decoding=\"async\" width=\"720\" height=\"649\" data-attachment-id=\"119178\" data-permalink=\"https:\/\/www.hoymercedes.com.ar\/principal\/2020\/10\/29\/rodrigo-torres-jugara-en-douglas-haig-de-pergamino\/rodrigo-torres-1\/#main\" data-orig-file=\"https:\/\/www.hoymercedes.com.ar\/principal\/wp-content\/uploads\/2020\/10\/Rodrigo-Torres-1.jpg\" data-orig-size=\"720,649\" data-comments-opened=\"0\" data-image-meta=\"{&quot;aperture&quot;:&quot;0&quot;,&quot;credit&quot;:&quot;&quot;,&quot;camera&quot;:&quot;&quot;,&quot;caption&quot;:&quot;&quot;,&quot;created_timestamp&quot;:&quot;0&quot;,&quot;copyright&quot;:&quot;&quot;,&quot;focal_length&quot;:&quot;0&quot;,&quot;iso&quot;:&quot;0&quot;,&quot;shutter_speed&quot;:&quot;0&quot;,&quot;title&quot;:&quot;&quot;,&quot;orientation&quot;:&quot;0&quot;}\" data-image-title=\"Rodrigo-Torres-1\" data-image-description=\"\" data-image-caption=\"\" data-large-file=\"https:\/\/www.hoymercedes.com.ar\/principal\/wp-content\/uploads\/2020\/10\/Rodrigo-Torres-1.jpg\" src=\"https:\/\/www.hoymercedes.com.ar\/principal\/wp-content\/uploads\/2020\/10\/Rodrigo-Torres-1.jpg\" alt=\"\" class=\"wp-image-119178\" srcset=\"https:\/\/www.hoymercedes.com.ar\/principal\/wp-content\/uploads\/2020\/10\/Rodrigo-Torres-1.jpg 720w, https:\/\/www.hoymercedes.com.ar\/principal\/wp-content\/uploads\/2020\/10\/Rodrigo-Torres-1-630x568.jpg 630w, https:\/\/www.hoymercedes.com.ar\/principal\/wp-content\/uploads\/2020\/10\/Rodrigo-Torres-1-150x135.jpg 150w\" sizes=\"auto, (max-width: 720px) 100vw, 720px\" \/><\/figure><\/div>\n\n\n\n<p>El volante surgi\u00f3 en las inferiores de Comunicaciones, donde volvi\u00f3 en 2017 para jugar el Federaci\u00f3n Norte y luego pas\u00f3 por Club Mercedes para continuar en Flandria. Luego, continu\u00f3 su carrera en River y Racing, donde hizo inferiores hasta jugar en Reserva y tener la posibilidad de entrenar con el plantel profesional.<\/p>\n\n\n\n<p>Douglas, que hasta hace algunos a\u00f1os estaba en la B Nacional, al inicio de la pandemia estaba en la sexta colocaci\u00f3n en la Zona 1 del Federal A junto a Defensores de Pronunciamiento con 31 puntos.<\/p>\n\n\n\n<p>Torres, de 24 a\u00f1os, es el s\u00e9ptimo refuerzo del Fogonero, que tiene como DT a Gabriel Nasta. Los restantes son Fernando Tantoni, Joaqu\u00edn Fern\u00e1ndez, Fausto Fiol, Robertino Canavesio, Franco Stella y Eugenio Grosso.<\/p>\n","protected":false},"excerpt":{"rendered":"<p>Tras estar algunas temporadas en Defensores de Salto, donde jug\u00f3 Federal B, Regional Amateur y Liga local, Rodrigo Torres contin\u00faa &#8230; <a title=\"Rodrigo Torres jugar\u00e1 en Douglas Haig de Pergamino\" class=\"read-more\" href=\"https:\/\/www.hoymercedes.com.ar\/principal\/2020\/10\/29\/rodrigo-torres-jugara-en-douglas-haig-de-pergamino\/\" aria-label=\"Leer m\u00e1s sobre Rodrigo Torres jugar\u00e1 en Douglas Haig de Pergamino\">Leer m\u00e1s<\/a><\/p>\n","protected":false},"author":1,"featured_media":119178,"comment_status":"closed","ping_status":"open","sticky":false,"template":"","format":"standard","meta":{"_monsterinsights_skip_tracking":false,"_monsterinsights_sitenote_active":false,"_monsterinsights_sitenote_note":"","_monsterinsights_sitenote_category":0,"jetpack_post_was_ever_published":false,"_jetpack_newsletter_access":"","_jetpack_dont_email_post_to_subs":false,"_jetpack_newsletter_tier_id":0,"_jetpack_memberships_contains_paywalled_content":false,"_jetpack_memberships_contains_paid_content":false,"footnotes":"","jetpack_publicize_message":"","jetpack_publicize_feature_enabled":true,"jetpack_social_post_already_shared":true,"jetpack_social_options":{"image_generator_settings":{"template":"highway","default_image_id":0,"font":"","enabled":false},"version":2},"_wpas_customize_per_network":false},"categories":[21],"tags":[13764],"class_list":["post-119176","post","type-post","status-publish","format-standard","has-post-thumbnail","hentry","category-deportes","tag-rodrigo-torres","generate-columns","tablet-grid-50","mobile-grid-100","grid-parent","grid-50"],"jetpack_publicize_connections":[],"jetpack_featured_media_url":"https:\/\/www.hoymercedes.com.ar\/principal\/wp-content\/uploads\/2020\/10\/Rodrigo-Torres-1.jpg","wps_subtitle":"La Legi\u00f3n","jetpack_sharing_enabled":true,"_links":{"self":[{"href":"https:\/\/www.hoymercedes.com.ar\/principal\/wp-json\/wp\/v2\/posts\/119176","targetHints":{"allow":["GET"]}}],"collection":[{"href":"https:\/\/www.hoymercedes.com.ar\/principal\/wp-json\/wp\/v2\/posts"}],"about":[{"href":"https:\/\/www.hoymercedes.com.ar\/principal\/wp-json\/wp\/v2\/types\/post"}],"author":[{"embeddable":true,"href":"https:\/\/www.hoymercedes.com.ar\/principal\/wp-json\/wp\/v2\/users\/1"}],"replies":[{"embeddable":true,"href":"https:\/\/www.hoymercedes.com.ar\/principal\/wp-json\/wp\/v2\/comments?post=119176"}],"version-history":[{"count":0,"href":"https:\/\/www.hoymercedes.com.ar\/principal\/wp-json\/wp\/v2\/posts\/119176\/revisions"}],"wp:featuredmedia":[{"embeddable":true,"href":"https:\/\/www.hoymercedes.com.ar\/principal\/wp-json\/wp\/v2\/media\/119178"}],"wp:attachment":[{"href":"https:\/\/www.hoymercedes.com.ar\/principal\/wp-json\/wp\/v2\/media?parent=119176"}],"wp:term":[{"taxonomy":"category","embeddable":true,"href":"https:\/\/www.hoymercedes.com.ar\/principal\/wp-json\/wp\/v2\/categories?post=119176"},{"taxonomy":"post_tag","embeddable":true,"href":"https:\/\/www.hoymercedes.com.ar\/principal\/wp-json\/wp\/v2\/tags?post=119176"}],"curies":[{"name":"wp","href":"https:\/\/api.w.org\/{rel}","templated":true}]}}