{"id":119278,"date":"2020-10-31T14:48:26","date_gmt":"2020-10-31T17:48:26","guid":{"rendered":"http:\/\/www.hoymercedes.com.ar\/principal\/?p=119278"},"modified":"2020-11-01T11:18:42","modified_gmt":"2020-11-01T14:18:42","slug":"inauguran-tres-pabellones-literarios-para-promover-la-lectura-y-escritura-en-las-carceles-bonaerenses","status":"publish","type":"post","link":"https:\/\/www.hoymercedes.com.ar\/principal\/2020\/10\/31\/inauguran-tres-pabellones-literarios-para-promover-la-lectura-y-escritura-en-las-carceles-bonaerenses\/","title":{"rendered":"Inauguran tres pabellones literarios para promover la lectura y escritura en las c\u00e1rceles bonaerenses"},"content":{"rendered":"\n<p>nmarcado en el programa cultural denominado \u201cCorredor Literario\u201d que se desarrolla en las c\u00e1rceles bonaerenses, se inauguraron este jueves tres pabellones literarios en las Unidades 1 Olmos, 5 Mercedes y 16 Jun\u00edn. La propuesta incluir\u00e1 talleres de lectura y alfabetizaci\u00f3n para las personas que se encuentran privadas de su libertad.<\/p>\n\n\n\n<div class=\"wp-block-image\"><figure class=\"aligncenter size-large\"><img loading=\"lazy\" decoding=\"async\" width=\"800\" height=\"450\" data-attachment-id=\"119280\" data-permalink=\"https:\/\/www.hoymercedes.com.ar\/principal\/2020\/10\/31\/inauguran-tres-pabellones-literarios-para-promover-la-lectura-y-escritura-en-las-carceles-bonaerenses\/31-carcel-2\/#main\" data-orig-file=\"https:\/\/www.hoymercedes.com.ar\/principal\/wp-content\/uploads\/2020\/10\/31-carcel-2.jpg\" data-orig-size=\"800,450\" data-comments-opened=\"0\" data-image-meta=\"{&quot;aperture&quot;:&quot;0&quot;,&quot;credit&quot;:&quot;&quot;,&quot;camera&quot;:&quot;&quot;,&quot;caption&quot;:&quot;&quot;,&quot;created_timestamp&quot;:&quot;0&quot;,&quot;copyright&quot;:&quot;&quot;,&quot;focal_length&quot;:&quot;0&quot;,&quot;iso&quot;:&quot;0&quot;,&quot;shutter_speed&quot;:&quot;0&quot;,&quot;title&quot;:&quot;&quot;,&quot;orientation&quot;:&quot;0&quot;}\" data-image-title=\"31 carcel 2\" data-image-description=\"\" data-image-caption=\"\" data-large-file=\"https:\/\/www.hoymercedes.com.ar\/principal\/wp-content\/uploads\/2020\/10\/31-carcel-2.jpg\" src=\"https:\/\/www.hoymercedes.com.ar\/principal\/wp-content\/uploads\/2020\/10\/31-carcel-2.jpg\" alt=\"\" class=\"wp-image-119280\" srcset=\"https:\/\/www.hoymercedes.com.ar\/principal\/wp-content\/uploads\/2020\/10\/31-carcel-2.jpg 800w, https:\/\/www.hoymercedes.com.ar\/principal\/wp-content\/uploads\/2020\/10\/31-carcel-2-630x354.jpg 630w, https:\/\/www.hoymercedes.com.ar\/principal\/wp-content\/uploads\/2020\/10\/31-carcel-2-150x84.jpg 150w\" sizes=\"auto, (max-width: 800px) 100vw, 800px\" \/><\/figure><\/div>\n\n\n\n<p>El acto se realiz\u00f3 en forma virtual por la plataforma Zoom, y cont\u00f3 con la presencia de funcionarios judiciales, del Ministerio de Justicia y DDHH, autoridades de las Unidades involucradas, talleristas e internos.<\/p>\n\n\n\n<p>El moderador del encuentro y uno de los promotores de esta iniciativa, el Dr.\u00a0<strong>Roberto Conti<\/strong>, juez y Vicepresidente del Centro de Estudios Judiciales de la Universidad Nacional de Lomas de Zamora, destac\u00f3 la fuerza de estos espacios culturales que han demostrado un efecto multiplicador<em><strong>\u00a0\u201cgenerando no solo que se sigan sumando internos sin tambi\u00e9n talleristas voluntarios dispuestos a colaborar\u201d<\/strong><\/em>\u00a0en esta cruzada literaria.1414<\/p>\n\n\n\n<p>Adem\u00e1s del magistrado participaron de la inauguraci\u00f3n la asesora del Ministro de Justicia y DDHH,&nbsp;<strong>Julia Lescano<\/strong>, el Director de Pol\u00edticas de Inclusi\u00f3n&nbsp;<strong>Marcelo Iafolla<\/strong>, el Capell\u00e1n General del Servicio Penitenciario Bonaerense&nbsp;<strong>Carlos Pont<\/strong>, la jefa del Departamento Cultura<strong>&nbsp;Gabriela R\u00edos<\/strong>&nbsp;y los directores<strong>&nbsp;Horacio Maldonado<\/strong>&nbsp;y&nbsp;<strong>Edgardo Gumarelli<\/strong>&nbsp;de las Unidades 5 y 16 respectivamente,&nbsp;<strong>Rodrigo Ledesma<\/strong>, subdirector de la Unidad 1, y la jefa del Anexo Femenino de la Unidad 5&nbsp;<strong>Liliana Rodr\u00edguez<\/strong>.<\/p>\n\n\n\n<p>Muchos de los talleristas que trabajar\u00e1n con los 61 privados de la libertad de Olmos que se suman a esta iniciativa pertenecen a la Asociaci\u00f3n Civil \u201cSinergia\u201d, que se dedica al fortalecimiento de lo educativo en c\u00e1rceles, en tanto que en la Unidad de Mercedes la tallerista<strong>\u00a0Luc\u00eda Lascano<\/strong>, trabajar\u00e1 no solo con 103 internos del Pabell\u00f3n 4, sino con 24 internas del Anexo Femenino. Por su parte en Jun\u00edn la tallerista Susana se ocupar\u00e1 del pabell\u00f3n 3, con 37 internos.<\/p>\n\n\n\n<div class=\"wp-block-image\"><figure class=\"aligncenter size-large\"><img loading=\"lazy\" decoding=\"async\" width=\"800\" height=\"534\" data-attachment-id=\"119279\" data-permalink=\"https:\/\/www.hoymercedes.com.ar\/principal\/2020\/10\/31\/inauguran-tres-pabellones-literarios-para-promover-la-lectura-y-escritura-en-las-carceles-bonaerenses\/31-carcel-1\/#main\" data-orig-file=\"https:\/\/www.hoymercedes.com.ar\/principal\/wp-content\/uploads\/2020\/10\/31-carcel-1.jpg\" data-orig-size=\"800,534\" data-comments-opened=\"0\" data-image-meta=\"{&quot;aperture&quot;:&quot;0&quot;,&quot;credit&quot;:&quot;&quot;,&quot;camera&quot;:&quot;&quot;,&quot;caption&quot;:&quot;&quot;,&quot;created_timestamp&quot;:&quot;0&quot;,&quot;copyright&quot;:&quot;&quot;,&quot;focal_length&quot;:&quot;0&quot;,&quot;iso&quot;:&quot;0&quot;,&quot;shutter_speed&quot;:&quot;0&quot;,&quot;title&quot;:&quot;&quot;,&quot;orientation&quot;:&quot;0&quot;}\" data-image-title=\"31 carcel 1\" data-image-description=\"\" data-image-caption=\"\" data-large-file=\"https:\/\/www.hoymercedes.com.ar\/principal\/wp-content\/uploads\/2020\/10\/31-carcel-1.jpg\" src=\"https:\/\/www.hoymercedes.com.ar\/principal\/wp-content\/uploads\/2020\/10\/31-carcel-1.jpg\" alt=\"\" class=\"wp-image-119279\" srcset=\"https:\/\/www.hoymercedes.com.ar\/principal\/wp-content\/uploads\/2020\/10\/31-carcel-1.jpg 800w, https:\/\/www.hoymercedes.com.ar\/principal\/wp-content\/uploads\/2020\/10\/31-carcel-1-630x421.jpg 630w, https:\/\/www.hoymercedes.com.ar\/principal\/wp-content\/uploads\/2020\/10\/31-carcel-1-150x100.jpg 150w\" sizes=\"auto, (max-width: 800px) 100vw, 800px\" \/><\/figure><\/div>\n\n\n\n<p>Cabe destacar que los internos referentes de los pabellones pudieron expresarse online y contar c\u00f3mo el acercamiento a los libros les estaba cambiando su realidad. Inclusive el interno&nbsp;<strong>Carlos S.<\/strong>, referente del pabell\u00f3n 4 de la Unidad 5 cont\u00f3 que&nbsp;<em><strong>\u201cnunca hubo un pabell\u00f3n as\u00ed en la Unidad. Entonces organizamos un grupo de alfabetizaci\u00f3n, porque hab\u00eda compa\u00f1eros que no sab\u00edan leer ni escribir.&nbsp; Nos estamos ayudando entre todos, para poder aprovechar esta oportunidad\u201d<\/strong><\/em>. Y agreg\u00f3 que&nbsp;<em><strong>\u201ces una lucha para una mejor calidad de vida (\u2026) Hoy nos entregamos a la literatura\u201d<\/strong><\/em><\/p>\n\n\n\n<p>Luego de escuchar lo expresado por varios internos,&nbsp;<strong>Lescano<\/strong>&nbsp;describi\u00f3 la experiencia que estaban viviendo como&nbsp;<em><strong>\u201cuna invasi\u00f3n de libros en las c\u00e1rceles para que haya m\u00e1s paz y mejor vida (\u2026) Somos un conjunto de personas que creemos que ustedes est\u00e1n pasando un momento muy dif\u00edcil de incomunicaci\u00f3n pero que con este herramienta que le vamos a acercar le va hacer mucho m\u00e1s llevadero el momento (\u2026) Adem\u00e1s les va a dejar fortaleza interna. Las personas que podemos defender lo que pensamos, nos sentimos fuertes, sin tener que usar la violencia, sino a trav\u00e9s de esta herramienta que es la cultura\u201d<\/strong><\/em>.<\/p>\n\n\n\n<p>&nbsp;Al respecto,&nbsp;<strong>R\u00edos<\/strong>&nbsp;agreg\u00f3 que&nbsp;<em>\u201clibro es la mejor compa\u00f1\u00eda que pueden tener, para que se puedan llevar algo positivo de este paso por el penal, y as\u00ed cuando salgan en libertad puedan tener una herramienta que los ayude a relacionarse de otra forma con la sociedad\u201d<\/em>&nbsp;y subray\u00f3 la importancia de&nbsp;<em><strong>\u201cllegar con estas actividades a los internos de la poblaci\u00f3n com\u00fan, como es el caso del segundo piso de la Unidad de Olmos\u201d<\/strong><\/em>.<\/p>\n\n\n\n<p>Desde la Unidad 1,&nbsp;<strong>Iafolla<\/strong>&nbsp;destac\u00f3 el crecimiento de esta experiencia mancomunada entre el \u00e1mbito judicial, ministerial y religioso, y se refiri\u00f3 a&nbsp;<em><strong>\u201clo importante de haberle otorgado a estos pabellones literarios, un marco, un encuadre para ser reconocidos formalmente dentro de las unidades, porque ya se puede ver lo positivo que genera\u201d<\/strong>&nbsp;<\/em>ya que a&nbsp;<em><strong>\u201calgunos&nbsp; (detenidos) les sirvi\u00f3 para adquirir un nuevo lenguaje, a otros para tener m\u00e1s conocimientos, a otros para sentirse m\u00e1s libres en este contexto de encierro.\u201d<\/strong><\/em><\/p>\n\n\n\n<p>Por \u00faltimo, el Capell\u00e1n General se\u00f1al\u00f3 que este espacio es principalmente&nbsp;<em><strong>\u201cuna apuesta por la autonom\u00eda de las personas, y por sus capacidades, para que todos puedan desplegar su brillantez.\u201d<\/strong><\/em><\/p>\n\n\n\n<p>Con la inauguraci\u00f3n de estos tres nuevos pabellones literarios, ya son 20 los penales que participan de esta experiencia: 28 Magdalena, 40 Lomas de Zamora, 30 General Alvear, 31 y 32 Florencio Varela, 45 Melchor Romero, 50 Bat\u00e1n, 57 Campana, 48 San Mart\u00edn, dos en la Unidad 9 La Plata; 8 y 33 de mujeres Los Hornos, 2 Sierra Chica, 10 Melchor Romero, 1 Olmos, 5 Mercedes y 16 Jun\u00edn.<\/p>\n","protected":false},"excerpt":{"rendered":"<p>nmarcado en el programa cultural denominado \u201cCorredor Literario\u201d que se desarrolla en las c\u00e1rceles bonaerenses, se inauguraron este jueves tres &#8230; <a title=\"Inauguran tres pabellones literarios para promover la lectura y escritura en las c\u00e1rceles bonaerenses\" class=\"read-more\" href=\"https:\/\/www.hoymercedes.com.ar\/principal\/2020\/10\/31\/inauguran-tres-pabellones-literarios-para-promover-la-lectura-y-escritura-en-las-carceles-bonaerenses\/\" aria-label=\"Leer m\u00e1s sobre Inauguran tres pabellones literarios para promover la lectura y escritura en las c\u00e1rceles bonaerenses\">Leer m\u00e1s<\/a><\/p>\n","protected":false},"author":1,"featured_media":119279,"comment_status":"closed","ping_status":"open","sticky":false,"template":"","format":"standard","meta":{"_monsterinsights_skip_tracking":false,"_monsterinsights_sitenote_active":false,"_monsterinsights_sitenote_note":"","_monsterinsights_sitenote_category":0,"jetpack_post_was_ever_published":false,"_jetpack_newsletter_access":"","_jetpack_dont_email_post_to_subs":false,"_jetpack_newsletter_tier_id":0,"_jetpack_memberships_contains_paywalled_content":false,"_jetpack_memberships_contains_paid_content":false,"footnotes":"","jetpack_publicize_message":"","jetpack_publicize_feature_enabled":true,"jetpack_social_post_already_shared":true,"jetpack_social_options":{"image_generator_settings":{"template":"highway","default_image_id":0,"font":"","enabled":false},"version":2},"_wpas_customize_per_network":false},"categories":[8],"tags":[1011,17231,17232,113],"class_list":["post-119278","post","type-post","status-publish","format-standard","has-post-thumbnail","hentry","category-sociedad","tag-carcel","tag-pabellones-literarios","tag-talleres-de-escrituras","tag-unidad-5","generate-columns","tablet-grid-50","mobile-grid-100","grid-parent","grid-50"],"jetpack_publicize_connections":[],"jetpack_featured_media_url":"https:\/\/www.hoymercedes.com.ar\/principal\/wp-content\/uploads\/2020\/10\/31-carcel-1.jpg","wps_subtitle":"Talleres en la Unidad 5","jetpack_sharing_enabled":true,"_links":{"self":[{"href":"https:\/\/www.hoymercedes.com.ar\/principal\/wp-json\/wp\/v2\/posts\/119278","targetHints":{"allow":["GET"]}}],"collection":[{"href":"https:\/\/www.hoymercedes.com.ar\/principal\/wp-json\/wp\/v2\/posts"}],"about":[{"href":"https:\/\/www.hoymercedes.com.ar\/principal\/wp-json\/wp\/v2\/types\/post"}],"author":[{"embeddable":true,"href":"https:\/\/www.hoymercedes.com.ar\/principal\/wp-json\/wp\/v2\/users\/1"}],"replies":[{"embeddable":true,"href":"https:\/\/www.hoymercedes.com.ar\/principal\/wp-json\/wp\/v2\/comments?post=119278"}],"version-history":[{"count":0,"href":"https:\/\/www.hoymercedes.com.ar\/principal\/wp-json\/wp\/v2\/posts\/119278\/revisions"}],"wp:featuredmedia":[{"embeddable":true,"href":"https:\/\/www.hoymercedes.com.ar\/principal\/wp-json\/wp\/v2\/media\/119279"}],"wp:attachment":[{"href":"https:\/\/www.hoymercedes.com.ar\/principal\/wp-json\/wp\/v2\/media?parent=119278"}],"wp:term":[{"taxonomy":"category","embeddable":true,"href":"https:\/\/www.hoymercedes.com.ar\/principal\/wp-json\/wp\/v2\/categories?post=119278"},{"taxonomy":"post_tag","embeddable":true,"href":"https:\/\/www.hoymercedes.com.ar\/principal\/wp-json\/wp\/v2\/tags?post=119278"}],"curies":[{"name":"wp","href":"https:\/\/api.w.org\/{rel}","templated":true}]}}