{"id":119305,"date":"2020-11-01T07:31:35","date_gmt":"2020-11-01T10:31:35","guid":{"rendered":"http:\/\/www.hoymercedes.com.ar\/principal\/?p=119305"},"modified":"2020-11-01T11:04:01","modified_gmt":"2020-11-01T14:04:01","slug":"proyectan-recuperacion-de-la-estacion-de-tren-del-sarminto","status":"publish","type":"post","link":"https:\/\/www.hoymercedes.com.ar\/principal\/2020\/11\/01\/proyectan-recuperacion-de-la-estacion-de-tren-del-sarminto\/","title":{"rendered":"Proyectan recuperaci\u00f3n de la estaci\u00f3n de tren del Sarminto"},"content":{"rendered":"\n<p>El jefe comunal de Mercedes Juan Ignacio Ustarroz recorri\u00f3 junto a funcionarios el predio de la Estaci\u00f3n Sarmiento donde se avanza en la planificaci\u00f3n de las obras que demandar\u00e1 su recuperaci\u00f3n, jerarquizaci\u00f3n y puesta en valor para que los mercedinos podamos disfrutarlo. \u00a0<\/p>\n\n\n\n<p>All\u00ed \u201cTrenes Argentinos\u201d le dio potestad a la Comuna para que lo valorice y de una jerarquizaci\u00f3n que apunte a lo educativo, cultural, juvenil y bajo un fin de inclusi\u00f3n. &nbsp;<\/p>\n\n\n\n<p>Vale recordar que tiempo atr\u00e1s hab\u00edan visitado al jefe comunal funcionarios nacionales con el objetivo de rubricar el convenio sobre el cual ya empiezan a darse los primeros pasos en firme. &nbsp;<\/p>\n\n\n\n<p>All\u00ed tambi\u00e9n funcionar\u00e1 el estudio de grabaci\u00f3n municipal que estar\u00e1 al servicio de los m\u00fasicos y artistas de la comunidad. Un \u00e1rea para la juventud tambi\u00e9n ser\u00e1 un eje importante. &nbsp;<\/p>\n\n\n\n<p>Se prev\u00e9 la obra demandar\u00e1 un tiempo dado que son varias e importantes las mejoras a concretar, pero tambi\u00e9n se sabe que se podr\u00e1 poner en valor un sitio hist\u00f3rico de nuestra localidad. &nbsp;<\/p>\n\n\n\n<p>En la recorrida por el predio y las instalaciones de la Estaci\u00f3n estuvieron presentes la secretaria de desarrollo social, Jorgelina Silva, el secretario de obras, Manuel P\u00e9rez Carreras, la sub directora de juventud, Eugenia C\u00f3dega, Nicol\u00e1s Zeballos, del CDR, Luis Ponce, de Servicios P\u00fcblicos, entre otros integrantes de las mencionadas \u00e1reas. &nbsp;<\/p>\n","protected":false},"excerpt":{"rendered":"<p>El jefe comunal de Mercedes Juan Ignacio Ustarroz recorri\u00f3 junto a funcionarios el predio de la Estaci\u00f3n Sarmiento donde se &#8230; <a title=\"Proyectan recuperaci\u00f3n de la estaci\u00f3n de tren del Sarminto\" class=\"read-more\" href=\"https:\/\/www.hoymercedes.com.ar\/principal\/2020\/11\/01\/proyectan-recuperacion-de-la-estacion-de-tren-del-sarminto\/\" aria-label=\"Leer m\u00e1s sobre Proyectan recuperaci\u00f3n de la estaci\u00f3n de tren del Sarminto\">Leer m\u00e1s<\/a><\/p>\n","protected":false},"author":1,"featured_media":119306,"comment_status":"closed","ping_status":"open","sticky":false,"template":"","format":"standard","meta":{"_monsterinsights_skip_tracking":false,"_monsterinsights_sitenote_active":false,"_monsterinsights_sitenote_note":"","_monsterinsights_sitenote_category":0,"jetpack_post_was_ever_published":false,"_jetpack_newsletter_access":"","_jetpack_dont_email_post_to_subs":false,"_jetpack_newsletter_tier_id":0,"_jetpack_memberships_contains_paywalled_content":false,"_jetpack_memberships_contains_paid_content":false,"footnotes":"","jetpack_publicize_message":"","jetpack_publicize_feature_enabled":true,"jetpack_social_post_already_shared":true,"jetpack_social_options":{"image_generator_settings":{"template":"highway","default_image_id":0,"font":"","enabled":false},"version":2},"_wpas_customize_per_network":false},"categories":[30],"tags":[244,10002,9271],"class_list":["post-119305","post","type-post","status-publish","format-standard","has-post-thumbnail","hentry","category-municipio","tag-municipio-2","tag-recuperacion","tag-tren-sarmiento","generate-columns","tablet-grid-50","mobile-grid-100","grid-parent","grid-50"],"jetpack_publicize_connections":[],"jetpack_featured_media_url":"https:\/\/www.hoymercedes.com.ar\/principal\/wp-content\/uploads\/2020\/11\/01-sarmiento.jpg","wps_subtitle":"Obras p\u00fablicas","jetpack_sharing_enabled":true,"_links":{"self":[{"href":"https:\/\/www.hoymercedes.com.ar\/principal\/wp-json\/wp\/v2\/posts\/119305","targetHints":{"allow":["GET"]}}],"collection":[{"href":"https:\/\/www.hoymercedes.com.ar\/principal\/wp-json\/wp\/v2\/posts"}],"about":[{"href":"https:\/\/www.hoymercedes.com.ar\/principal\/wp-json\/wp\/v2\/types\/post"}],"author":[{"embeddable":true,"href":"https:\/\/www.hoymercedes.com.ar\/principal\/wp-json\/wp\/v2\/users\/1"}],"replies":[{"embeddable":true,"href":"https:\/\/www.hoymercedes.com.ar\/principal\/wp-json\/wp\/v2\/comments?post=119305"}],"version-history":[{"count":0,"href":"https:\/\/www.hoymercedes.com.ar\/principal\/wp-json\/wp\/v2\/posts\/119305\/revisions"}],"wp:featuredmedia":[{"embeddable":true,"href":"https:\/\/www.hoymercedes.com.ar\/principal\/wp-json\/wp\/v2\/media\/119306"}],"wp:attachment":[{"href":"https:\/\/www.hoymercedes.com.ar\/principal\/wp-json\/wp\/v2\/media?parent=119305"}],"wp:term":[{"taxonomy":"category","embeddable":true,"href":"https:\/\/www.hoymercedes.com.ar\/principal\/wp-json\/wp\/v2\/categories?post=119305"},{"taxonomy":"post_tag","embeddable":true,"href":"https:\/\/www.hoymercedes.com.ar\/principal\/wp-json\/wp\/v2\/tags?post=119305"}],"curies":[{"name":"wp","href":"https:\/\/api.w.org\/{rel}","templated":true}]}}