{"id":119309,"date":"2020-10-31T17:00:22","date_gmt":"2020-10-31T20:00:22","guid":{"rendered":"http:\/\/www.hoymercedes.com.ar\/principal\/?p=119309"},"modified":"2020-11-01T11:14:28","modified_gmt":"2020-11-01T14:14:28","slug":"mercedes-seleccionada-para-la-red-federal-de-municipios-por-el-fortalecimiento-de-los-dd-hh","status":"publish","type":"post","link":"https:\/\/www.hoymercedes.com.ar\/principal\/2020\/10\/31\/mercedes-seleccionada-para-la-red-federal-de-municipios-por-el-fortalecimiento-de-los-dd-hh\/","title":{"rendered":"Mercedes seleccionada para la Red Federal de Municipios por el Fortalecimiento de los DD HH"},"content":{"rendered":"\n<p>El intendente municipal Juan Ignacio Ustarroz fue parte del lanzamiento. La iniciativa apunta crear un espacio para el impulso de pol\u00edticas p\u00fablicas de gobiernos locales con enfoque en los Derechos Humanos. El jefe comunal estuvo acompa\u00f1ado del coordinador de DDHH Sergio Carini. Fue a trav\u00e9s de teleconferencia. \u00a0<\/p>\n\n\n\n<div class=\"wp-block-image\"><figure class=\"aligncenter size-large\"><img loading=\"lazy\" decoding=\"async\" width=\"800\" height=\"533\" data-attachment-id=\"119310\" data-permalink=\"https:\/\/www.hoymercedes.com.ar\/principal\/2020\/10\/31\/mercedes-seleccionada-para-la-red-federal-de-municipios-por-el-fortalecimiento-de-los-dd-hh\/31-muni-ddhh\/#main\" data-orig-file=\"https:\/\/www.hoymercedes.com.ar\/principal\/wp-content\/uploads\/2020\/11\/31-muni-DDhh.jpg\" data-orig-size=\"800,533\" data-comments-opened=\"0\" data-image-meta=\"{&quot;aperture&quot;:&quot;0&quot;,&quot;credit&quot;:&quot;&quot;,&quot;camera&quot;:&quot;&quot;,&quot;caption&quot;:&quot;&quot;,&quot;created_timestamp&quot;:&quot;0&quot;,&quot;copyright&quot;:&quot;&quot;,&quot;focal_length&quot;:&quot;0&quot;,&quot;iso&quot;:&quot;0&quot;,&quot;shutter_speed&quot;:&quot;0&quot;,&quot;title&quot;:&quot;&quot;,&quot;orientation&quot;:&quot;0&quot;}\" data-image-title=\"31 muni DDhh\" data-image-description=\"\" data-image-caption=\"\" data-large-file=\"https:\/\/www.hoymercedes.com.ar\/principal\/wp-content\/uploads\/2020\/11\/31-muni-DDhh.jpg\" src=\"https:\/\/www.hoymercedes.com.ar\/principal\/wp-content\/uploads\/2020\/11\/31-muni-DDhh.jpg\" alt=\"\" class=\"wp-image-119310\" srcset=\"https:\/\/www.hoymercedes.com.ar\/principal\/wp-content\/uploads\/2020\/11\/31-muni-DDhh.jpg 800w, https:\/\/www.hoymercedes.com.ar\/principal\/wp-content\/uploads\/2020\/11\/31-muni-DDhh-630x420.jpg 630w, https:\/\/www.hoymercedes.com.ar\/principal\/wp-content\/uploads\/2020\/11\/31-muni-DDhh-150x100.jpg 150w, https:\/\/www.hoymercedes.com.ar\/principal\/wp-content\/uploads\/2020\/11\/31-muni-DDhh-700x465.jpg 700w\" sizes=\"auto, (max-width: 800px) 100vw, 800px\" \/><\/figure><\/div>\n\n\n\n<p>La Secretar\u00eda de Derechos Humanos de la Naci\u00f3n realiz\u00f3 la presentaci\u00f3n de la Red Federal de Municipios por el Fortalecimiento de los Derechos Humano con la participaron 36 Intendentes e Intendentas de todo el pa\u00eds. &nbsp;<\/p>\n\n\n\n<p>\u201cEstamos muy agradecidos a la secretar\u00eda, al ministerio, a cada \u00e1rea del gobierno nacional por tener presente a nuestra ciudad y a nuestro vecino y ministro del interior, Wado de Pedro, que siempre nos est\u00e1 acompa\u00f1ando y asistiendo para poder concretar gestiones pensando en su pueblo\u201d, sostuvo Sergio Carini. &nbsp;<\/p>\n\n\n\n<p>Por su parte el jefe comunal destac\u00f3 que es \u201cmuy importante este tipo de pol\u00edticas de Estado\u201d impulsadas por \u201cel gobierno nacional\u201d en pos de seguir \u201cconstruyendo una sociedad m\u00e1s inclusiva, igualitaria y unida\u201d. La conducci\u00f3n del encuentro estuvo a cargo del Secretario Ejecutivo del Consejo Federal de DDHH, Agust\u00edn Di Toffino. Tambi\u00e9n estuvieron presentes Pablo Giles, subsecretario de Relaciones Municipales del\u00a0Ministerio del Interior, Natalia Barreiro, Subsecretaria de Promoci\u00f3n de Derechos Humanos de la Naci\u00f3n y por supuesto el Secretario Horacio Pietragalla Corti. \u00a0<\/p>\n\n\n\n<p>\u201cManifestamos el inter\u00e9s de que cada municipio pueda fortalecer sus \u00e1reas de derechos humanos para trabajar transversalmente en una agenda federal\u201d sostuvo Di Toffino. &nbsp;<\/p>\n\n\n\n<p>Por otro lado, \u201cen la teleconferencia todos los intendentes coincidieron en reconocer la importancia del trabajo que viene realizando la Naci\u00f3n desde el Ministerio del Interior, a cargo de Wado De Pedro, a trav\u00e9s de la Subsecretar\u00eda de Asuntos Municipales, a quienes agradecieron siempre la atenci\u00f3n prestada a los problemas de sus localidades\u201d destac\u00f3 Carini. &nbsp;<\/p>\n\n\n\n<p>En el cierre hizo uso de la palabra el Secretario de Derechos Humanos de la Naci\u00f3n Horacio Pietragalla, quien celebr\u00f3 estar conduciendo la presentaci\u00f3n desde el Predio del ex centro clandestino de detenci\u00f3n ESMA, donde hoy funciona la Secretar\u00eda de Derechos Humanos de la Naci\u00f3n, adem\u00e1s de ponderar la importancia del encuentro y el lanzamiento. &nbsp;<\/p>\n","protected":false},"excerpt":{"rendered":"<p>El intendente municipal Juan Ignacio Ustarroz fue parte del lanzamiento. La iniciativa apunta crear un espacio para el impulso de &#8230; <a title=\"Mercedes seleccionada para la Red Federal de Municipios por el Fortalecimiento de los DD HH\" class=\"read-more\" href=\"https:\/\/www.hoymercedes.com.ar\/principal\/2020\/10\/31\/mercedes-seleccionada-para-la-red-federal-de-municipios-por-el-fortalecimiento-de-los-dd-hh\/\" aria-label=\"Leer m\u00e1s sobre Mercedes seleccionada para la Red Federal de Municipios por el Fortalecimiento de los DD HH\">Leer m\u00e1s<\/a><\/p>\n","protected":false},"author":1,"featured_media":119310,"comment_status":"closed","ping_status":"open","sticky":false,"template":"","format":"standard","meta":{"_monsterinsights_skip_tracking":false,"_monsterinsights_sitenote_active":false,"_monsterinsights_sitenote_note":"","_monsterinsights_sitenote_category":0,"jetpack_post_was_ever_published":false,"_jetpack_newsletter_access":"","_jetpack_dont_email_post_to_subs":false,"_jetpack_newsletter_tier_id":0,"_jetpack_memberships_contains_paywalled_content":false,"_jetpack_memberships_contains_paid_content":false,"footnotes":"","jetpack_publicize_message":"","jetpack_publicize_feature_enabled":true,"jetpack_social_post_already_shared":true,"jetpack_social_options":{"image_generator_settings":{"template":"highway","default_image_id":0,"font":"","enabled":false},"version":2},"_wpas_customize_per_network":false},"categories":[30],"tags":[9311,244],"class_list":["post-119309","post","type-post","status-publish","format-standard","has-post-thumbnail","hentry","category-municipio","tag-ddhh","tag-municipio-2","generate-columns","tablet-grid-50","mobile-grid-100","grid-parent","grid-50"],"jetpack_publicize_connections":[],"jetpack_featured_media_url":"https:\/\/www.hoymercedes.com.ar\/principal\/wp-content\/uploads\/2020\/11\/31-muni-DDhh.jpg","wps_subtitle":"Reuni\u00f3n virtual","jetpack_sharing_enabled":true,"_links":{"self":[{"href":"https:\/\/www.hoymercedes.com.ar\/principal\/wp-json\/wp\/v2\/posts\/119309","targetHints":{"allow":["GET"]}}],"collection":[{"href":"https:\/\/www.hoymercedes.com.ar\/principal\/wp-json\/wp\/v2\/posts"}],"about":[{"href":"https:\/\/www.hoymercedes.com.ar\/principal\/wp-json\/wp\/v2\/types\/post"}],"author":[{"embeddable":true,"href":"https:\/\/www.hoymercedes.com.ar\/principal\/wp-json\/wp\/v2\/users\/1"}],"replies":[{"embeddable":true,"href":"https:\/\/www.hoymercedes.com.ar\/principal\/wp-json\/wp\/v2\/comments?post=119309"}],"version-history":[{"count":0,"href":"https:\/\/www.hoymercedes.com.ar\/principal\/wp-json\/wp\/v2\/posts\/119309\/revisions"}],"wp:featuredmedia":[{"embeddable":true,"href":"https:\/\/www.hoymercedes.com.ar\/principal\/wp-json\/wp\/v2\/media\/119310"}],"wp:attachment":[{"href":"https:\/\/www.hoymercedes.com.ar\/principal\/wp-json\/wp\/v2\/media?parent=119309"}],"wp:term":[{"taxonomy":"category","embeddable":true,"href":"https:\/\/www.hoymercedes.com.ar\/principal\/wp-json\/wp\/v2\/categories?post=119309"},{"taxonomy":"post_tag","embeddable":true,"href":"https:\/\/www.hoymercedes.com.ar\/principal\/wp-json\/wp\/v2\/tags?post=119309"}],"curies":[{"name":"wp","href":"https:\/\/api.w.org\/{rel}","templated":true}]}}