{"id":119370,"date":"2020-11-02T09:58:51","date_gmt":"2020-11-02T12:58:51","guid":{"rendered":"http:\/\/www.hoymercedes.com.ar\/principal\/?p=119370"},"modified":"2020-11-02T09:58:51","modified_gmt":"2020-11-02T12:58:51","slug":"goles-de-biglia-y-lertora-lescano-fue-titular-victorias-para-malano-y-desima-y-positivo-para-dematei","status":"publish","type":"post","link":"https:\/\/www.hoymercedes.com.ar\/principal\/2020\/11\/02\/goles-de-biglia-y-lertora-lescano-fue-titular-victorias-para-malano-y-desima-y-positivo-para-dematei\/","title":{"rendered":"Goles de Biglia y L\u00e9rtora, Lescano fue titular, victorias para Malano y D\u00e9sima y positivo para Dematei"},"content":{"rendered":"\n<p>Van pasando las semanas y los futbolistas de la Legi\u00f3n Mercedina van teniendo m\u00e1s actividad. Durante el fin de semana muchos jugaron en forma oficial y otros de manera amistosa. En Turqu\u00eda, Lucas Biglia debut\u00f3 en la red con un gol de penal en la goleada del Karagumruk sobre BB Erzurumspor y tras tres partidos volvi\u00f3 a sumar de a tres para quedar en la cuarta colocaci\u00f3n con once unidades, a cinco del l\u00edder Alanyaspor.<\/p>\n\n\n\n<div class=\"wp-block-image\"><figure class=\"aligncenter size-large\"><img loading=\"lazy\" decoding=\"async\" width=\"640\" height=\"382\" data-attachment-id=\"119371\" data-permalink=\"https:\/\/www.hoymercedes.com.ar\/principal\/2020\/11\/02\/goles-de-biglia-y-lertora-lescano-fue-titular-victorias-para-malano-y-desima-y-positivo-para-dematei\/federico-lertora-gol-defensa-0-colon-3\/#main\" data-orig-file=\"https:\/\/www.hoymercedes.com.ar\/principal\/wp-content\/uploads\/2020\/11\/Federico-Lertora-Gol-Defensa-0-Colon-3.jpg\" data-orig-size=\"640,382\" data-comments-opened=\"0\" data-image-meta=\"{&quot;aperture&quot;:&quot;0&quot;,&quot;credit&quot;:&quot;&quot;,&quot;camera&quot;:&quot;&quot;,&quot;caption&quot;:&quot;&quot;,&quot;created_timestamp&quot;:&quot;0&quot;,&quot;copyright&quot;:&quot;&quot;,&quot;focal_length&quot;:&quot;0&quot;,&quot;iso&quot;:&quot;0&quot;,&quot;shutter_speed&quot;:&quot;0&quot;,&quot;title&quot;:&quot;&quot;,&quot;orientation&quot;:&quot;0&quot;}\" data-image-title=\"Federico-Lertora-Gol-Defensa-0-Colon-3\" data-image-description=\"\" data-image-caption=\"\" data-large-file=\"https:\/\/www.hoymercedes.com.ar\/principal\/wp-content\/uploads\/2020\/11\/Federico-Lertora-Gol-Defensa-0-Colon-3.jpg\" src=\"https:\/\/www.hoymercedes.com.ar\/principal\/wp-content\/uploads\/2020\/11\/Federico-Lertora-Gol-Defensa-0-Colon-3.jpg\" alt=\"\" class=\"wp-image-119371\" srcset=\"https:\/\/www.hoymercedes.com.ar\/principal\/wp-content\/uploads\/2020\/11\/Federico-Lertora-Gol-Defensa-0-Colon-3.jpg 640w, https:\/\/www.hoymercedes.com.ar\/principal\/wp-content\/uploads\/2020\/11\/Federico-Lertora-Gol-Defensa-0-Colon-3-630x376.jpg 630w, https:\/\/www.hoymercedes.com.ar\/principal\/wp-content\/uploads\/2020\/11\/Federico-Lertora-Gol-Defensa-0-Colon-3-150x90.jpg 150w, https:\/\/www.hoymercedes.com.ar\/principal\/wp-content\/uploads\/2020\/11\/Federico-Lertora-Gol-Defensa-0-Colon-3-445x265.jpg 445w\" sizes=\"auto, (max-width: 640px) 100vw, 640px\" \/><\/figure><\/div>\n\n\n\n<p>El otro que marc\u00f3 fue Federico L\u00e9rtora, quien puso el 1 a 0 de la goleada de Col\u00f3n de Santa Fe por 3 a 0 ante Defensa y Justicia en Florencio Varela, por la primera fecha de la Copa de la Liga Profesional de F\u00fatbol. El volante central es uno de los pilares del equipo comandado ahora por Eduardo Dom\u00ednguez.<\/p>\n\n\n\n<p>En Italia, Facundo Lescano fue por primera vez titular en Sambenedettese, que ya no tiene a Paolo Montero como entrenador. El conjunto del mercedino empat\u00f3 cero a cero con FC Sudtirol en el debut de Mauro Zironelli y comparti\u00f3 delantera con Maxi L\u00f3pez.<\/p>\n\n\n\n<p>Otros que disfrutaron de la victoria fueron Santiago Malano y Facundo D\u00e9sima. El volante ex Racing, Audax Italiano, entre otros equipos, fue titular en el triunfo por 2 a 1 de Valletta FC ante Senglea y con seis fechas disputadas est\u00e1 s\u00e9ptimo con once puntos, a cinco del l\u00edder de la Premier League maltesa, Hibernians.<\/p>\n\n\n\n<p>En cuanto al D\u00e9sima, jug\u00f3 el segundo partido del amistoso ante Gimnasia de Mendoza en el estadio Malvinas Argentinas de la provincia cuyana. Su Deportivo Maip\u00fa, que hab\u00eda perdido 2 a 0 en el primer encuentro, con el mercedino en el arco gan\u00f3 1 a 0.<\/p>\n\n\n\n<p>En cuanto a la Primera Nacional, Agropecuario de Carlos Casares sigue sin entrenar debido a que 20 jugadores dieron positivo de Covid 19, entre ellos el defensor mercedino Nicol\u00e1s Dematei. Por el lado de Quilmes, empat\u00f3 1 a 1 ante Ferro en Caballito y Juan Emmanuel Culio fue parte del equipo titular.<\/p>\n","protected":false},"excerpt":{"rendered":"<p>Van pasando las semanas y los futbolistas de la Legi\u00f3n Mercedina van teniendo m\u00e1s actividad. Durante el fin de semana &#8230; <a title=\"Goles de Biglia y L\u00e9rtora, Lescano fue titular, victorias para Malano y D\u00e9sima y positivo para Dematei\" class=\"read-more\" href=\"https:\/\/www.hoymercedes.com.ar\/principal\/2020\/11\/02\/goles-de-biglia-y-lertora-lescano-fue-titular-victorias-para-malano-y-desima-y-positivo-para-dematei\/\" aria-label=\"Leer m\u00e1s sobre Goles de Biglia y L\u00e9rtora, Lescano fue titular, victorias para Malano y D\u00e9sima y positivo para Dematei\">Leer m\u00e1s<\/a><\/p>\n","protected":false},"author":1,"featured_media":119371,"comment_status":"closed","ping_status":"open","sticky":false,"template":"","format":"standard","meta":{"_monsterinsights_skip_tracking":false,"_monsterinsights_sitenote_active":false,"_monsterinsights_sitenote_note":"","_monsterinsights_sitenote_category":0,"jetpack_post_was_ever_published":false,"_jetpack_newsletter_access":"","_jetpack_dont_email_post_to_subs":false,"_jetpack_newsletter_tier_id":0,"_jetpack_memberships_contains_paywalled_content":false,"_jetpack_memberships_contains_paid_content":false,"footnotes":"","jetpack_publicize_message":"","jetpack_publicize_feature_enabled":true,"jetpack_social_post_already_shared":true,"jetpack_social_options":{"image_generator_settings":{"template":"highway","default_image_id":0,"font":"","enabled":false},"version":2},"_wpas_customize_per_network":false},"categories":[21],"tags":[16953],"class_list":["post-119370","post","type-post","status-publish","format-standard","has-post-thumbnail","hentry","category-deportes","tag-juan-emmanuel-culio","generate-columns","tablet-grid-50","mobile-grid-100","grid-parent","grid-50"],"jetpack_publicize_connections":[],"jetpack_featured_media_url":"https:\/\/www.hoymercedes.com.ar\/principal\/wp-content\/uploads\/2020\/11\/Federico-Lertora-Gol-Defensa-0-Colon-3.jpg","wps_subtitle":"","jetpack_sharing_enabled":true,"_links":{"self":[{"href":"https:\/\/www.hoymercedes.com.ar\/principal\/wp-json\/wp\/v2\/posts\/119370","targetHints":{"allow":["GET"]}}],"collection":[{"href":"https:\/\/www.hoymercedes.com.ar\/principal\/wp-json\/wp\/v2\/posts"}],"about":[{"href":"https:\/\/www.hoymercedes.com.ar\/principal\/wp-json\/wp\/v2\/types\/post"}],"author":[{"embeddable":true,"href":"https:\/\/www.hoymercedes.com.ar\/principal\/wp-json\/wp\/v2\/users\/1"}],"replies":[{"embeddable":true,"href":"https:\/\/www.hoymercedes.com.ar\/principal\/wp-json\/wp\/v2\/comments?post=119370"}],"version-history":[{"count":0,"href":"https:\/\/www.hoymercedes.com.ar\/principal\/wp-json\/wp\/v2\/posts\/119370\/revisions"}],"wp:featuredmedia":[{"embeddable":true,"href":"https:\/\/www.hoymercedes.com.ar\/principal\/wp-json\/wp\/v2\/media\/119371"}],"wp:attachment":[{"href":"https:\/\/www.hoymercedes.com.ar\/principal\/wp-json\/wp\/v2\/media?parent=119370"}],"wp:term":[{"taxonomy":"category","embeddable":true,"href":"https:\/\/www.hoymercedes.com.ar\/principal\/wp-json\/wp\/v2\/categories?post=119370"},{"taxonomy":"post_tag","embeddable":true,"href":"https:\/\/www.hoymercedes.com.ar\/principal\/wp-json\/wp\/v2\/tags?post=119370"}],"curies":[{"name":"wp","href":"https:\/\/api.w.org\/{rel}","templated":true}]}}