{"id":119374,"date":"2020-11-02T10:36:37","date_gmt":"2020-11-02T13:36:37","guid":{"rendered":"http:\/\/www.hoymercedes.com.ar\/principal\/?p=119374"},"modified":"2020-11-02T10:36:43","modified_gmt":"2020-11-02T13:36:43","slug":"juan-ignacio-menendez-y-franco-gatti-los-mercedinos-que-buscaran-el-ascenso-con-independiente-de-chivilcoy","status":"publish","type":"post","link":"https:\/\/www.hoymercedes.com.ar\/principal\/2020\/11\/02\/juan-ignacio-menendez-y-franco-gatti-los-mercedinos-que-buscaran-el-ascenso-con-independiente-de-chivilcoy\/","title":{"rendered":"Juan Ignacio Menendez y Franco Gatti, los mercedinos que buscar\u00e1n el ascenso con Independiente de Chivilcoy"},"content":{"rendered":"\n<p>Poco a poco va tomando forma el torneo Regional Amateur, certamen que qued\u00f3 por la mitad al iniciarse la pandemia. Los clubes de todo el pa\u00eds tuvieron que enviar una nota de confirmaci\u00f3n por s\u00ed o por no indicando si continuaban con la participaci\u00f3n e Independiente de Chivilcoy es uno de los tantos que respondi\u00f3 por la positiva, por lo que comenz\u00f3 a reforzarse de cara a lo que se viene.<\/p>\n\n\n\n<figure class=\"wp-block-image size-large\"><img loading=\"lazy\" decoding=\"async\" width=\"766\" height=\"1024\" data-attachment-id=\"119375\" data-permalink=\"https:\/\/www.hoymercedes.com.ar\/principal\/2020\/11\/02\/juan-ignacio-menendez-y-franco-gatti-los-mercedinos-que-buscaran-el-ascenso-con-independiente-de-chivilcoy\/juan-ignacio-menendez-independiente-chivilcoy-regional-amateur\/#main\" data-orig-file=\"https:\/\/www.hoymercedes.com.ar\/principal\/wp-content\/uploads\/2020\/11\/Juan-Ignacio-Menendez-Independiente-Chivilcoy-Regional-Amateur.jpeg\" data-orig-size=\"958,1280\" data-comments-opened=\"0\" data-image-meta=\"{&quot;aperture&quot;:&quot;0&quot;,&quot;credit&quot;:&quot;&quot;,&quot;camera&quot;:&quot;&quot;,&quot;caption&quot;:&quot;&quot;,&quot;created_timestamp&quot;:&quot;0&quot;,&quot;copyright&quot;:&quot;&quot;,&quot;focal_length&quot;:&quot;0&quot;,&quot;iso&quot;:&quot;0&quot;,&quot;shutter_speed&quot;:&quot;0&quot;,&quot;title&quot;:&quot;&quot;,&quot;orientation&quot;:&quot;0&quot;}\" data-image-title=\"Juan-Ignacio-Menendez-Independiente-Chivilcoy-Regional-Amateur\" data-image-description=\"\" data-image-caption=\"\" data-large-file=\"https:\/\/www.hoymercedes.com.ar\/principal\/wp-content\/uploads\/2020\/11\/Juan-Ignacio-Menendez-Independiente-Chivilcoy-Regional-Amateur-766x1024.jpeg\" src=\"https:\/\/www.hoymercedes.com.ar\/principal\/wp-content\/uploads\/2020\/11\/Juan-Ignacio-Menendez-Independiente-Chivilcoy-Regional-Amateur-766x1024.jpeg\" alt=\"\" class=\"wp-image-119375\" srcset=\"https:\/\/www.hoymercedes.com.ar\/principal\/wp-content\/uploads\/2020\/11\/Juan-Ignacio-Menendez-Independiente-Chivilcoy-Regional-Amateur-766x1024.jpeg 766w, https:\/\/www.hoymercedes.com.ar\/principal\/wp-content\/uploads\/2020\/11\/Juan-Ignacio-Menendez-Independiente-Chivilcoy-Regional-Amateur-464x620.jpeg 464w, https:\/\/www.hoymercedes.com.ar\/principal\/wp-content\/uploads\/2020\/11\/Juan-Ignacio-Menendez-Independiente-Chivilcoy-Regional-Amateur-112x150.jpeg 112w, https:\/\/www.hoymercedes.com.ar\/principal\/wp-content\/uploads\/2020\/11\/Juan-Ignacio-Menendez-Independiente-Chivilcoy-Regional-Amateur.jpeg 958w\" sizes=\"auto, (max-width: 766px) 100vw, 766px\" \/><\/figure>\n\n\n\n<p>Es por eso que comenz\u00f3 a reforzarse y entre los que llegaron est\u00e1 el delantero Franco Gatti, quien se encontraba entrenando con Club Mercedes luego de no continuar en Luj\u00e1n, donde particip\u00f3 de varios partidos en la Primera C. El otro que lleg\u00f3 es Juan Ignacio Menendez, pero en este caso para ser parte del cuerpo t\u00e9cnico de Alberto Salvaggio. El entrenador no contin\u00faa con el f\u00fatbol masculino en Trocha pero s\u00ed con el Femenino que por el momento s\u00f3lo entrena y no tiene competencia, adem\u00e1s de coordinar toda la actividad en la Carbonilla. <\/p>\n\n\n\n<p>En la Regi\u00f3n Pampeana Norte s\u00f3lo El Linque\u00f1o anunci\u00f3 que no participar\u00e1. El resto dijo que s\u00ed: Defensores de Glew (Liga Platense), Defensores de Salto, Juventud de Pergamino, Regatas de San Nicol\u00e1s, Roma de Tigre (Liga Escobarense) y Unidos de Olmos (Liga Platense). \u00a0<\/p>\n\n\n\n<p>En tanto, en la Regi\u00f3n Pampeana Sur s\u00f3lo jugar\u00e1n Bella Vista y Liniers de Bah\u00eda Blanca m\u00e1s Ciudad de Bolivar y Racing de Olavarr\u00eda.<\/p>\n","protected":false},"excerpt":{"rendered":"<p>Poco a poco va tomando forma el torneo Regional Amateur, certamen que qued\u00f3 por la mitad al iniciarse la pandemia. &#8230; <a title=\"Juan Ignacio Menendez y Franco Gatti, los mercedinos que buscar\u00e1n el ascenso con Independiente de Chivilcoy\" class=\"read-more\" href=\"https:\/\/www.hoymercedes.com.ar\/principal\/2020\/11\/02\/juan-ignacio-menendez-y-franco-gatti-los-mercedinos-que-buscaran-el-ascenso-con-independiente-de-chivilcoy\/\" aria-label=\"Leer m\u00e1s sobre Juan Ignacio Menendez y Franco Gatti, los mercedinos que buscar\u00e1n el ascenso con Independiente de Chivilcoy\">Leer m\u00e1s<\/a><\/p>\n","protected":false},"author":1,"featured_media":119375,"comment_status":"closed","ping_status":"open","sticky":false,"template":"","format":"standard","meta":{"_monsterinsights_skip_tracking":false,"_monsterinsights_sitenote_active":false,"_monsterinsights_sitenote_note":"","_monsterinsights_sitenote_category":0,"jetpack_post_was_ever_published":false,"_jetpack_newsletter_access":"","_jetpack_dont_email_post_to_subs":false,"_jetpack_newsletter_tier_id":0,"_jetpack_memberships_contains_paywalled_content":false,"_jetpack_memberships_contains_paid_content":false,"footnotes":"","jetpack_publicize_message":"","jetpack_publicize_feature_enabled":true,"jetpack_social_post_already_shared":true,"jetpack_social_options":{"image_generator_settings":{"template":"highway","default_image_id":0,"font":"","enabled":false},"version":2},"_wpas_customize_per_network":false},"categories":[21],"tags":[14293],"class_list":["post-119374","post","type-post","status-publish","format-standard","has-post-thumbnail","hentry","category-deportes","tag-juan-ignacio-menendez-2","generate-columns","tablet-grid-50","mobile-grid-100","grid-parent","grid-50"],"jetpack_publicize_connections":[],"jetpack_featured_media_url":"https:\/\/www.hoymercedes.com.ar\/principal\/wp-content\/uploads\/2020\/11\/Juan-Ignacio-Menendez-Independiente-Chivilcoy-Regional-Amateur.jpeg","wps_subtitle":"Regional Amateur","jetpack_sharing_enabled":true,"_links":{"self":[{"href":"https:\/\/www.hoymercedes.com.ar\/principal\/wp-json\/wp\/v2\/posts\/119374","targetHints":{"allow":["GET"]}}],"collection":[{"href":"https:\/\/www.hoymercedes.com.ar\/principal\/wp-json\/wp\/v2\/posts"}],"about":[{"href":"https:\/\/www.hoymercedes.com.ar\/principal\/wp-json\/wp\/v2\/types\/post"}],"author":[{"embeddable":true,"href":"https:\/\/www.hoymercedes.com.ar\/principal\/wp-json\/wp\/v2\/users\/1"}],"replies":[{"embeddable":true,"href":"https:\/\/www.hoymercedes.com.ar\/principal\/wp-json\/wp\/v2\/comments?post=119374"}],"version-history":[{"count":0,"href":"https:\/\/www.hoymercedes.com.ar\/principal\/wp-json\/wp\/v2\/posts\/119374\/revisions"}],"wp:featuredmedia":[{"embeddable":true,"href":"https:\/\/www.hoymercedes.com.ar\/principal\/wp-json\/wp\/v2\/media\/119375"}],"wp:attachment":[{"href":"https:\/\/www.hoymercedes.com.ar\/principal\/wp-json\/wp\/v2\/media?parent=119374"}],"wp:term":[{"taxonomy":"category","embeddable":true,"href":"https:\/\/www.hoymercedes.com.ar\/principal\/wp-json\/wp\/v2\/categories?post=119374"},{"taxonomy":"post_tag","embeddable":true,"href":"https:\/\/www.hoymercedes.com.ar\/principal\/wp-json\/wp\/v2\/tags?post=119374"}],"curies":[{"name":"wp","href":"https:\/\/api.w.org\/{rel}","templated":true}]}}