{"id":119382,"date":"2020-11-02T18:50:19","date_gmt":"2020-11-02T21:50:19","guid":{"rendered":"http:\/\/www.hoymercedes.com.ar\/principal\/?p=119382"},"modified":"2020-11-02T11:13:32","modified_gmt":"2020-11-02T14:13:32","slug":"german-dimaro-hizo-doble-podio-en-la-formula-4-nueva-generacion","status":"publish","type":"post","link":"https:\/\/www.hoymercedes.com.ar\/principal\/2020\/11\/02\/german-dimaro-hizo-doble-podio-en-la-formula-4-nueva-generacion\/","title":{"rendered":"Germ\u00e1n Dimaro hizo doble podio en la F\u00f3rmula 4 Nueva Generaci\u00f3n"},"content":{"rendered":"\n<p>En la jornada del s\u00e1bado, la F\u00f3rmula 4 Nueva Generaci\u00f3n cumpli\u00f3 una nueva fecha de su calendario, en este caso en el circuito de La Plata, donde estuvo la presencia del mercedino Germ\u00e1n Dimaro. Despu\u00e9s de las etapas de entrenamiento donde Dimaro termin\u00f3 quinto, lleg\u00f3 el momento de la final, en la que finalmente tuvo al mercedino en la tercera colocaci\u00f3n. El ganador de la carrera fue Mauro Pitetti y en segundo lugar lleg\u00f3 Lucas P\u00e9rsico.<\/p>\n\n\n\n<figure class=\"wp-block-image size-large\"><img loading=\"lazy\" decoding=\"async\" width=\"1024\" height=\"683\" data-attachment-id=\"119383\" data-permalink=\"https:\/\/www.hoymercedes.com.ar\/principal\/2020\/11\/02\/german-dimaro-hizo-doble-podio-en-la-formula-4-nueva-generacion\/german-dimaro-tercero-mouras-la-plata\/#main\" data-orig-file=\"https:\/\/www.hoymercedes.com.ar\/principal\/wp-content\/uploads\/2020\/11\/German-Dimaro-tercero-Mouras-La-Plata.jpg\" data-orig-size=\"1536,1024\" data-comments-opened=\"0\" data-image-meta=\"{&quot;aperture&quot;:&quot;0&quot;,&quot;credit&quot;:&quot;&quot;,&quot;camera&quot;:&quot;&quot;,&quot;caption&quot;:&quot;&quot;,&quot;created_timestamp&quot;:&quot;0&quot;,&quot;copyright&quot;:&quot;&quot;,&quot;focal_length&quot;:&quot;0&quot;,&quot;iso&quot;:&quot;0&quot;,&quot;shutter_speed&quot;:&quot;0&quot;,&quot;title&quot;:&quot;&quot;,&quot;orientation&quot;:&quot;0&quot;}\" data-image-title=\"German-Dimaro-tercero-Mouras-La-Plata\" data-image-description=\"\" data-image-caption=\"\" data-large-file=\"https:\/\/www.hoymercedes.com.ar\/principal\/wp-content\/uploads\/2020\/11\/German-Dimaro-tercero-Mouras-La-Plata-1024x683.jpg\" src=\"https:\/\/www.hoymercedes.com.ar\/principal\/wp-content\/uploads\/2020\/11\/German-Dimaro-tercero-Mouras-La-Plata-1024x683.jpg\" alt=\"\" class=\"wp-image-119383\" srcset=\"https:\/\/www.hoymercedes.com.ar\/principal\/wp-content\/uploads\/2020\/11\/German-Dimaro-tercero-Mouras-La-Plata-1024x683.jpg 1024w, https:\/\/www.hoymercedes.com.ar\/principal\/wp-content\/uploads\/2020\/11\/German-Dimaro-tercero-Mouras-La-Plata-630x420.jpg 630w, https:\/\/www.hoymercedes.com.ar\/principal\/wp-content\/uploads\/2020\/11\/German-Dimaro-tercero-Mouras-La-Plata-150x100.jpg 150w, https:\/\/www.hoymercedes.com.ar\/principal\/wp-content\/uploads\/2020\/11\/German-Dimaro-tercero-Mouras-La-Plata.jpg 1536w\" sizes=\"auto, (max-width: 1024px) 100vw, 1024px\" \/><\/figure>\n\n\n\n<p>El domingo, tras 12 vueltas disputadas, Mart\u00edn Molina fue quien se qued\u00f3 con la competencia y Germ\u00e1n Dimaro nuevamente tercero.<\/p>\n\n\n\n<p><strong>S\u00e1bado 31<\/strong><br>1\u00b0 Mauro Pitetti 18\u2019 29\u201d.<br>2\u00b0 Lucas Persico 18\u2019 35\u201d.<br>3\u00b0 Germ\u00e1n Dimaro 18\u2019 42\u201d.<\/p>\n\n\n\n<p><strong>Domingo 1<\/strong><br>1\u00b0 Mart\u00edn Molina 20\u2019 1\u201d..<br>2\u00b0 Marcos Persico 20\u2019 2\u201d..<br>3\u00b0 Germ\u00e1n Dimaro 20\u2019 4\u201d.<\/p>\n","protected":false},"excerpt":{"rendered":"<p>En la jornada del s\u00e1bado, la F\u00f3rmula 4 Nueva Generaci\u00f3n cumpli\u00f3 una nueva fecha de su calendario, en este caso &#8230; <a title=\"Germ\u00e1n Dimaro hizo doble podio en la F\u00f3rmula 4 Nueva Generaci\u00f3n\" class=\"read-more\" href=\"https:\/\/www.hoymercedes.com.ar\/principal\/2020\/11\/02\/german-dimaro-hizo-doble-podio-en-la-formula-4-nueva-generacion\/\" aria-label=\"Leer m\u00e1s sobre Germ\u00e1n Dimaro hizo doble podio en la F\u00f3rmula 4 Nueva Generaci\u00f3n\">Leer m\u00e1s<\/a><\/p>\n","protected":false},"author":1,"featured_media":119383,"comment_status":"closed","ping_status":"open","sticky":false,"template":"","format":"standard","meta":{"_monsterinsights_skip_tracking":false,"_monsterinsights_sitenote_active":false,"_monsterinsights_sitenote_note":"","_monsterinsights_sitenote_category":0,"jetpack_post_was_ever_published":false,"_jetpack_newsletter_access":"","_jetpack_dont_email_post_to_subs":false,"_jetpack_newsletter_tier_id":0,"_jetpack_memberships_contains_paywalled_content":false,"_jetpack_memberships_contains_paid_content":false,"footnotes":"","jetpack_publicize_message":"","jetpack_publicize_feature_enabled":true,"jetpack_social_post_already_shared":true,"jetpack_social_options":{"image_generator_settings":{"template":"highway","default_image_id":0,"font":"","enabled":false},"version":2},"_wpas_customize_per_network":false},"categories":[21],"tags":[14644,17237],"class_list":["post-119382","post","type-post","status-publish","format-standard","has-post-thumbnail","hentry","category-deportes","tag-formula-4-nueva-generacion","tag-german-dimaro-2","generate-columns","tablet-grid-50","mobile-grid-100","grid-parent","grid-50"],"jetpack_publicize_connections":[],"jetpack_featured_media_url":"https:\/\/www.hoymercedes.com.ar\/principal\/wp-content\/uploads\/2020\/11\/German-Dimaro-tercero-Mouras-La-Plata.jpg","wps_subtitle":"Automovilismo","jetpack_sharing_enabled":true,"_links":{"self":[{"href":"https:\/\/www.hoymercedes.com.ar\/principal\/wp-json\/wp\/v2\/posts\/119382","targetHints":{"allow":["GET"]}}],"collection":[{"href":"https:\/\/www.hoymercedes.com.ar\/principal\/wp-json\/wp\/v2\/posts"}],"about":[{"href":"https:\/\/www.hoymercedes.com.ar\/principal\/wp-json\/wp\/v2\/types\/post"}],"author":[{"embeddable":true,"href":"https:\/\/www.hoymercedes.com.ar\/principal\/wp-json\/wp\/v2\/users\/1"}],"replies":[{"embeddable":true,"href":"https:\/\/www.hoymercedes.com.ar\/principal\/wp-json\/wp\/v2\/comments?post=119382"}],"version-history":[{"count":0,"href":"https:\/\/www.hoymercedes.com.ar\/principal\/wp-json\/wp\/v2\/posts\/119382\/revisions"}],"wp:featuredmedia":[{"embeddable":true,"href":"https:\/\/www.hoymercedes.com.ar\/principal\/wp-json\/wp\/v2\/media\/119383"}],"wp:attachment":[{"href":"https:\/\/www.hoymercedes.com.ar\/principal\/wp-json\/wp\/v2\/media?parent=119382"}],"wp:term":[{"taxonomy":"category","embeddable":true,"href":"https:\/\/www.hoymercedes.com.ar\/principal\/wp-json\/wp\/v2\/categories?post=119382"},{"taxonomy":"post_tag","embeddable":true,"href":"https:\/\/www.hoymercedes.com.ar\/principal\/wp-json\/wp\/v2\/tags?post=119382"}],"curies":[{"name":"wp","href":"https:\/\/api.w.org\/{rel}","templated":true}]}}