{"id":119403,"date":"2020-11-03T07:14:50","date_gmt":"2020-11-03T10:14:50","guid":{"rendered":"http:\/\/www.hoymercedes.com.ar\/principal\/?p=119403"},"modified":"2020-11-02T21:45:51","modified_gmt":"2020-11-03T00:45:51","slug":"75-familias-plantaron-sus-arboles-en-el-bosque-de-mil-dias","status":"publish","type":"post","link":"https:\/\/www.hoymercedes.com.ar\/principal\/2020\/11\/03\/75-familias-plantaron-sus-arboles-en-el-bosque-de-mil-dias\/","title":{"rendered":"75 familias plantaron sus \u00e1rboles en el \u00abBosque de Mil D\u00edas\u00bb"},"content":{"rendered":"\n<p>A orillas del r\u00edo Luj\u00e1n en las inmeadiaciones del Parque Municipal, crece el \u201cBosque de los Mil D\u00edas\u201d. Mediante los protocolos sanitarios vigentes, 75 familias de la ciudad pudieron congregarse y plantar su \u00e1rbol.\u00a0\u00a0<\/p>\n\n\n\n<p>\u201cFuimos coordinando a trav\u00e9s de los n\u00fameros de WhatsApp que tenemos de las familias que integran el programa \u201cPrimeros Mil D\u00edas\u201d, donde estuvimos diagramando las plantaciones por tandas, con horarios y turnos fijos para poder cumplir con los protocolos sanitarios\u201d se\u00f1alaron desde el \u00e1rea de salud. &nbsp;<\/p>\n\n\n\n<p>Las familias de cada ni\u00f1o que nace en el marco del programa Primeros Mil D\u00edas tienen la posibilidad de llevar a cabo esta acci\u00f3n, coloc\u00e1ndole al \u00e1rbol su nombre, ayud\u00e1ndolo a crecer, fomentando, adem\u00e1s, la salud del medio ambiente.&nbsp;&nbsp;&nbsp;&nbsp;<\/p>\n\n\n\n<p>De la misma manera, el pr\u00f3ximo 7 de noviembre se llevar\u00e1 adelante esta acci\u00f3n en el predio de la estaci\u00f3n Gowland bajo la consigna \u201ccuidar la infancia, cuidar el bosque, contar historias\u201d. Quienes quieran participar pueden hacerlo inscribi\u00e9ndose en el Facebook Primeros Mil D\u00edas Mercedes. \u00a0<\/p>\n\n\n\n<p>Fuente: Prensa Municipal<\/p>\n\n\n\n<div class=\"wp-block-image\"><figure class=\"aligncenter size-large\"><img loading=\"lazy\" decoding=\"async\" width=\"800\" height=\"533\" data-attachment-id=\"119411\" data-permalink=\"https:\/\/www.hoymercedes.com.ar\/principal\/2020\/11\/03\/75-familias-plantaron-sus-arboles-en-el-bosque-de-mil-dias\/sja_5385\/#main\" data-orig-file=\"https:\/\/www.hoymercedes.com.ar\/principal\/wp-content\/uploads\/2020\/11\/SJA_5385.jpg\" data-orig-size=\"800,533\" data-comments-opened=\"0\" data-image-meta=\"{&quot;aperture&quot;:&quot;0&quot;,&quot;credit&quot;:&quot;&quot;,&quot;camera&quot;:&quot;&quot;,&quot;caption&quot;:&quot;&quot;,&quot;created_timestamp&quot;:&quot;0&quot;,&quot;copyright&quot;:&quot;&quot;,&quot;focal_length&quot;:&quot;0&quot;,&quot;iso&quot;:&quot;0&quot;,&quot;shutter_speed&quot;:&quot;0&quot;,&quot;title&quot;:&quot;&quot;,&quot;orientation&quot;:&quot;0&quot;}\" data-image-title=\"SJA_5385\" data-image-description=\"\" data-image-caption=\"\" data-large-file=\"https:\/\/www.hoymercedes.com.ar\/principal\/wp-content\/uploads\/2020\/11\/SJA_5385.jpg\" src=\"https:\/\/www.hoymercedes.com.ar\/principal\/wp-content\/uploads\/2020\/11\/SJA_5385.jpg\" alt=\"\" class=\"wp-image-119411\" srcset=\"https:\/\/www.hoymercedes.com.ar\/principal\/wp-content\/uploads\/2020\/11\/SJA_5385.jpg 800w, https:\/\/www.hoymercedes.com.ar\/principal\/wp-content\/uploads\/2020\/11\/SJA_5385-630x420.jpg 630w, https:\/\/www.hoymercedes.com.ar\/principal\/wp-content\/uploads\/2020\/11\/SJA_5385-150x100.jpg 150w, https:\/\/www.hoymercedes.com.ar\/principal\/wp-content\/uploads\/2020\/11\/SJA_5385-700x465.jpg 700w\" sizes=\"auto, (max-width: 800px) 100vw, 800px\" \/><\/figure><\/div>\n","protected":false},"excerpt":{"rendered":"<p>A orillas del r\u00edo Luj\u00e1n en las inmeadiaciones del Parque Municipal, crece el \u201cBosque de los Mil D\u00edas\u201d. Mediante los &#8230; <a title=\"75 familias plantaron sus \u00e1rboles en el \u00abBosque de Mil D\u00edas\u00bb\" class=\"read-more\" href=\"https:\/\/www.hoymercedes.com.ar\/principal\/2020\/11\/03\/75-familias-plantaron-sus-arboles-en-el-bosque-de-mil-dias\/\" aria-label=\"Leer m\u00e1s sobre 75 familias plantaron sus \u00e1rboles en el \u00abBosque de Mil D\u00edas\u00bb\">Leer m\u00e1s<\/a><\/p>\n","protected":false},"author":5,"featured_media":119411,"comment_status":"closed","ping_status":"open","sticky":false,"template":"","format":"standard","meta":{"_monsterinsights_skip_tracking":false,"_monsterinsights_sitenote_active":false,"_monsterinsights_sitenote_note":"","_monsterinsights_sitenote_category":0,"jetpack_post_was_ever_published":false,"_jetpack_newsletter_access":"","_jetpack_dont_email_post_to_subs":false,"_jetpack_newsletter_tier_id":0,"_jetpack_memberships_contains_paywalled_content":false,"_jetpack_memberships_contains_paid_content":false,"footnotes":"","jetpack_publicize_message":"","jetpack_publicize_feature_enabled":true,"jetpack_social_post_already_shared":true,"jetpack_social_options":{"image_generator_settings":{"template":"highway","default_image_id":0,"font":"","enabled":false},"version":2},"_wpas_customize_per_network":false},"categories":[30],"tags":[244,11343,134],"class_list":["post-119403","post","type-post","status-publish","format-standard","has-post-thumbnail","hentry","category-municipio","tag-municipio-2","tag-programa","tag-salud","generate-columns","tablet-grid-50","mobile-grid-100","grid-parent","grid-50"],"jetpack_publicize_connections":[],"jetpack_featured_media_url":"https:\/\/www.hoymercedes.com.ar\/principal\/wp-content\/uploads\/2020\/11\/SJA_5385.jpg","wps_subtitle":"Medio ambiente municipal","jetpack_sharing_enabled":true,"_links":{"self":[{"href":"https:\/\/www.hoymercedes.com.ar\/principal\/wp-json\/wp\/v2\/posts\/119403","targetHints":{"allow":["GET"]}}],"collection":[{"href":"https:\/\/www.hoymercedes.com.ar\/principal\/wp-json\/wp\/v2\/posts"}],"about":[{"href":"https:\/\/www.hoymercedes.com.ar\/principal\/wp-json\/wp\/v2\/types\/post"}],"author":[{"embeddable":true,"href":"https:\/\/www.hoymercedes.com.ar\/principal\/wp-json\/wp\/v2\/users\/5"}],"replies":[{"embeddable":true,"href":"https:\/\/www.hoymercedes.com.ar\/principal\/wp-json\/wp\/v2\/comments?post=119403"}],"version-history":[{"count":0,"href":"https:\/\/www.hoymercedes.com.ar\/principal\/wp-json\/wp\/v2\/posts\/119403\/revisions"}],"wp:featuredmedia":[{"embeddable":true,"href":"https:\/\/www.hoymercedes.com.ar\/principal\/wp-json\/wp\/v2\/media\/119411"}],"wp:attachment":[{"href":"https:\/\/www.hoymercedes.com.ar\/principal\/wp-json\/wp\/v2\/media?parent=119403"}],"wp:term":[{"taxonomy":"category","embeddable":true,"href":"https:\/\/www.hoymercedes.com.ar\/principal\/wp-json\/wp\/v2\/categories?post=119403"},{"taxonomy":"post_tag","embeddable":true,"href":"https:\/\/www.hoymercedes.com.ar\/principal\/wp-json\/wp\/v2\/tags?post=119403"}],"curies":[{"name":"wp","href":"https:\/\/api.w.org\/{rel}","templated":true}]}}