{"id":119407,"date":"2020-11-02T21:31:05","date_gmt":"2020-11-03T00:31:05","guid":{"rendered":"http:\/\/www.hoymercedes.com.ar\/principal\/?p=119407"},"modified":"2020-11-02T21:31:12","modified_gmt":"2020-11-03T00:31:12","slug":"visitas-familiares-en-las-carceles-bonarenses","status":"publish","type":"post","link":"https:\/\/www.hoymercedes.com.ar\/principal\/2020\/11\/02\/visitas-familiares-en-las-carceles-bonarenses\/","title":{"rendered":"Visitas familiares en las c\u00e1rceles bonarenses"},"content":{"rendered":"\n<p>Desde la Unidad Penitenciaria N\u00b0 5 de Mercedes informaron que \u00abel Servicio Penitenciario Bonaerense comunica que el s\u00e1bado 14 de noviembre se habilitar\u00e1n las visitas a la Unidades penitenciarias de la Provincia, dando estricto cumplimiento a los protocolos de bioseguridad para la preservaci\u00f3n de la salud p\u00fablica\u00bb.\u00a0<\/p>\n\n\n\n<p>\u00abSe pudo arribar a este acuerdo a trav\u00e9s del funcionamiento de las mesas de di\u00e1logo que se conformaron en los penales de la Provincia y en donde participaron autoridades del Ministerio de Justicia y DD HH, representantes del Poder Judicial y organismos de Derechos Humanos\u00bb, agrega la comunicaci\u00f3n. <\/p>\n\n\n\n<p>\u00abLas visitas de familiares de internos fueron suspendidas en un acuerdo voluntario entre autoridades e internos el 12 de marzo de este a\u00f1o, de conformidad a la normativa nacional y provincial que estableci\u00f3 el Aislamiento Social Preventivo y Obligatorio para evitar la propagaci\u00f3n del COVID 19 en las c\u00e1rceles\u00bb, resaltan. \u00a0<\/p>\n\n\n\n<p>Durante la jornada del spabado pasado el Ministerio de Justicia y DD HH, el Servicio Penitenciario y el Ministerio de Salud de la Provincia \u00abajustaron todos los detalles del protocolo de bioseguridad que ya rige en contexto de encierro desde el 12 de marzo, para que la reanudaci\u00f3n de las visitas se haga respetando todos los requerimientos necesarios la preservaci\u00f3n de la salud p\u00fablica\u00bb.\u00a0<\/p>\n","protected":false},"excerpt":{"rendered":"<p>Desde la Unidad Penitenciaria N\u00b0 5 de Mercedes informaron que \u00abel Servicio Penitenciario Bonaerense comunica que el s\u00e1bado 14 de &#8230; <a title=\"Visitas familiares en las c\u00e1rceles bonarenses\" class=\"read-more\" href=\"https:\/\/www.hoymercedes.com.ar\/principal\/2020\/11\/02\/visitas-familiares-en-las-carceles-bonarenses\/\" aria-label=\"Leer m\u00e1s sobre Visitas familiares en las c\u00e1rceles bonarenses\">Leer m\u00e1s<\/a><\/p>\n","protected":false},"author":5,"featured_media":117374,"comment_status":"closed","ping_status":"open","sticky":false,"template":"","format":"standard","meta":{"_monsterinsights_skip_tracking":false,"_monsterinsights_sitenote_active":false,"_monsterinsights_sitenote_note":"","_monsterinsights_sitenote_category":0,"jetpack_post_was_ever_published":false,"_jetpack_newsletter_access":"","_jetpack_dont_email_post_to_subs":false,"_jetpack_newsletter_tier_id":0,"_jetpack_memberships_contains_paywalled_content":false,"_jetpack_memberships_contains_paid_content":false,"footnotes":"","jetpack_publicize_message":"","jetpack_publicize_feature_enabled":true,"jetpack_social_post_already_shared":true,"jetpack_social_options":{"image_generator_settings":{"template":"highway","default_image_id":0,"font":"","enabled":false},"version":2},"_wpas_customize_per_network":false},"categories":[8],"tags":[],"class_list":["post-119407","post","type-post","status-publish","format-standard","has-post-thumbnail","hentry","category-sociedad","generate-columns","tablet-grid-50","mobile-grid-100","grid-parent","grid-50"],"jetpack_publicize_connections":[],"jetpack_featured_media_url":"https:\/\/www.hoymercedes.com.ar\/principal\/wp-content\/uploads\/2020\/09\/carcel-mercedes.png","wps_subtitle":"Comunicaci\u00f3n oficial","jetpack_sharing_enabled":true,"_links":{"self":[{"href":"https:\/\/www.hoymercedes.com.ar\/principal\/wp-json\/wp\/v2\/posts\/119407","targetHints":{"allow":["GET"]}}],"collection":[{"href":"https:\/\/www.hoymercedes.com.ar\/principal\/wp-json\/wp\/v2\/posts"}],"about":[{"href":"https:\/\/www.hoymercedes.com.ar\/principal\/wp-json\/wp\/v2\/types\/post"}],"author":[{"embeddable":true,"href":"https:\/\/www.hoymercedes.com.ar\/principal\/wp-json\/wp\/v2\/users\/5"}],"replies":[{"embeddable":true,"href":"https:\/\/www.hoymercedes.com.ar\/principal\/wp-json\/wp\/v2\/comments?post=119407"}],"version-history":[{"count":0,"href":"https:\/\/www.hoymercedes.com.ar\/principal\/wp-json\/wp\/v2\/posts\/119407\/revisions"}],"wp:featuredmedia":[{"embeddable":true,"href":"https:\/\/www.hoymercedes.com.ar\/principal\/wp-json\/wp\/v2\/media\/117374"}],"wp:attachment":[{"href":"https:\/\/www.hoymercedes.com.ar\/principal\/wp-json\/wp\/v2\/media?parent=119407"}],"wp:term":[{"taxonomy":"category","embeddable":true,"href":"https:\/\/www.hoymercedes.com.ar\/principal\/wp-json\/wp\/v2\/categories?post=119407"},{"taxonomy":"post_tag","embeddable":true,"href":"https:\/\/www.hoymercedes.com.ar\/principal\/wp-json\/wp\/v2\/tags?post=119407"}],"curies":[{"name":"wp","href":"https:\/\/api.w.org\/{rel}","templated":true}]}}