{"id":11941,"date":"2012-04-02T14:31:03","date_gmt":"2012-04-02T14:31:03","guid":{"rendered":"http:\/\/www.hoymercedes.com.ar\/principal\/?p=11941"},"modified":"2012-04-02T14:31:03","modified_gmt":"2012-04-02T14:31:03","slug":"mas-de-cien-jovenes-en-jornada-de-reflexion-ciudadana","status":"publish","type":"post","link":"https:\/\/www.hoymercedes.com.ar\/principal\/2012\/04\/02\/mas-de-cien-jovenes-en-jornada-de-reflexion-ciudadana\/","title":{"rendered":"M\u00e1s de cien j\u00f3venes en jornada de reflexi\u00f3n ciudadana"},"content":{"rendered":"<p><a href=\"https:\/\/www.hoymercedes.com.ar\/principal\/wp-content\/uploads\/2012\/04\/Plenario.jpg\"><img loading=\"lazy\" decoding=\"async\" data-attachment-id=\"11943\" data-permalink=\"https:\/\/www.hoymercedes.com.ar\/principal\/2012\/04\/02\/mas-de-cien-jovenes-en-jornada-de-reflexion-ciudadana\/plenario\/#main\" data-orig-file=\"https:\/\/www.hoymercedes.com.ar\/principal\/wp-content\/uploads\/2012\/04\/Plenario.jpg\" data-orig-size=\"612,459\" data-comments-opened=\"1\" data-image-meta=\"{&quot;aperture&quot;:&quot;2.8&quot;,&quot;credit&quot;:&quot;&quot;,&quot;camera&quot;:&quot;KODAK EASYSHARE M753 ZOOM DIGITAL CAMERA&quot;,&quot;caption&quot;:&quot;&quot;,&quot;created_timestamp&quot;:&quot;1333210946&quot;,&quot;copyright&quot;:&quot;&quot;,&quot;focal_length&quot;:&quot;6.2&quot;,&quot;iso&quot;:&quot;160&quot;,&quot;shutter_speed&quot;:&quot;0.015625&quot;,&quot;title&quot;:&quot;&quot;}\" data-image-title=\"Plenario\" data-image-description=\"\" data-image-caption=\"\" data-large-file=\"https:\/\/www.hoymercedes.com.ar\/principal\/wp-content\/uploads\/2012\/04\/Plenario.jpg\" class=\"aligncenter size-full wp-image-11943\" title=\"Plenario\" src=\"https:\/\/www.hoymercedes.com.ar\/principal\/wp-content\/uploads\/2012\/04\/Plenario.jpg\" alt=\"\" width=\"612\" height=\"459\" \/><\/a><\/p>\n<p>M\u00e1s de un centenar de j\u00f3venes fueron parte de la Primera Jornada de Reflexi\u00f3n Juvenil Ciudadana llevada a cabo este s\u00e1bado 31 de marzo en instalaciones de la Universidad de Buenos Aires aprovechando los salones que se nutrieron de mercedinos predispuestos a debatir y reflexionar sobre m\u00faltiples temas que hacen a la vida cotidiana, la participaci\u00f3n popular y la gesti\u00f3n comunal.<\/p>\n<p>La idea central era la generaci\u00f3n de propuestas e inquietudes para ser trasladadas al ejecutivo local en pos de una futura implementaci\u00f3n buscando se vuelvan una realidad. Las voces de la juventud en debate siendo elemento dinamizador de las pol\u00edticas comunales. Un v\u00ednculo directo entre el gobierno local y los m\u00e1s j\u00f3venes de nuestra comunidad.<\/p>\n<p>La convocatoria parti\u00f3 de la Juventud de la Agrupaci\u00f3n 17 de Octubre que conduce el intendente local Carlos Selva, pero, desde un principio fue abierta a toda la comunidad.<\/p>\n<p><a href=\"https:\/\/www.hoymercedes.com.ar\/principal\/wp-content\/uploads\/2012\/04\/DuranteAlmuerzo.jpg\"><img loading=\"lazy\" decoding=\"async\" data-attachment-id=\"11944\" data-permalink=\"https:\/\/www.hoymercedes.com.ar\/principal\/2012\/04\/02\/mas-de-cien-jovenes-en-jornada-de-reflexion-ciudadana\/durantealmuerzo\/#main\" data-orig-file=\"https:\/\/www.hoymercedes.com.ar\/principal\/wp-content\/uploads\/2012\/04\/DuranteAlmuerzo.jpg\" data-orig-size=\"612,459\" data-comments-opened=\"1\" data-image-meta=\"{&quot;aperture&quot;:&quot;5.6&quot;,&quot;credit&quot;:&quot;&quot;,&quot;camera&quot;:&quot;KODAK EASYSHARE M753 ZOOM DIGITAL CAMERA&quot;,&quot;caption&quot;:&quot;&quot;,&quot;created_timestamp&quot;:&quot;1333207260&quot;,&quot;copyright&quot;:&quot;&quot;,&quot;focal_length&quot;:&quot;6.2&quot;,&quot;iso&quot;:&quot;80&quot;,&quot;shutter_speed&quot;:&quot;0.003092&quot;,&quot;title&quot;:&quot;&quot;}\" data-image-title=\"DuranteAlmuerzo\" data-image-description=\"\" data-image-caption=\"\" data-large-file=\"https:\/\/www.hoymercedes.com.ar\/principal\/wp-content\/uploads\/2012\/04\/DuranteAlmuerzo.jpg\" class=\"aligncenter size-full wp-image-11944\" title=\"DuranteAlmuerzo\" src=\"https:\/\/www.hoymercedes.com.ar\/principal\/wp-content\/uploads\/2012\/04\/DuranteAlmuerzo.jpg\" alt=\"\" width=\"612\" height=\"459\" srcset=\"https:\/\/www.hoymercedes.com.ar\/principal\/wp-content\/uploads\/2012\/04\/DuranteAlmuerzo.jpg 612w, https:\/\/www.hoymercedes.com.ar\/principal\/wp-content\/uploads\/2012\/04\/DuranteAlmuerzo-300x225.jpg 300w\" sizes=\"auto, (max-width: 612px) 100vw, 612px\" \/><\/a><\/p>\n<p>Desde las 10.30hs empezaron a arribar quienes fueron parte del encuentro. Estuvieron presentes diversos funcionarios que actuaron de agentes informantes para luego desarrollar un debate e intercambio de opini\u00f3n en cada sal\u00f3n que era identificado a partir de una clasificaci\u00f3n tem\u00e1tica, Cultura y Educaci\u00f3n, Turismo, Obras P\u00fablicas, Salud y Deportes, etc. As\u00ed los asistentes se ubicaron en el espacio que m\u00e1s le interesaba.<\/p>\n<p>A las 14.00hs se hizo un corte para almorzar todos juntos donde empezaron a verse los primeros intercambios de quienes sal\u00edan de cada eje. Luego se retom\u00f3 a un amplio sal\u00f3n contando nuevamente con la presencia del intendente local quien escuch\u00f3 un resumen de lo analizado por cada grupo prometiendo luego nuevos encuentros ya con hombres de su gesti\u00f3n para que los j\u00f3venes ampl\u00eden las inquietudes y \u00e9stas se conviertan en una realidad, en una obra de gobierno.<\/p>\n<p><a href=\"https:\/\/www.hoymercedes.com.ar\/principal\/wp-content\/uploads\/2012\/04\/En-EJe.jpg\"><img loading=\"lazy\" decoding=\"async\" data-attachment-id=\"11945\" data-permalink=\"https:\/\/www.hoymercedes.com.ar\/principal\/2012\/04\/02\/mas-de-cien-jovenes-en-jornada-de-reflexion-ciudadana\/en-eje\/#main\" data-orig-file=\"https:\/\/www.hoymercedes.com.ar\/principal\/wp-content\/uploads\/2012\/04\/En-EJe.jpg\" data-orig-size=\"612,459\" data-comments-opened=\"1\" data-image-meta=\"{&quot;aperture&quot;:&quot;2.8&quot;,&quot;credit&quot;:&quot;&quot;,&quot;camera&quot;:&quot;KODAK EASYSHARE M753 ZOOM DIGITAL CAMERA&quot;,&quot;caption&quot;:&quot;&quot;,&quot;created_timestamp&quot;:&quot;1333201535&quot;,&quot;copyright&quot;:&quot;&quot;,&quot;focal_length&quot;:&quot;6.2&quot;,&quot;iso&quot;:&quot;400&quot;,&quot;shutter_speed&quot;:&quot;0.007812&quot;,&quot;title&quot;:&quot;&quot;}\" data-image-title=\"En EJe\" data-image-description=\"\" data-image-caption=\"\" data-large-file=\"https:\/\/www.hoymercedes.com.ar\/principal\/wp-content\/uploads\/2012\/04\/En-EJe.jpg\" class=\"aligncenter size-full wp-image-11945\" title=\"En EJe\" src=\"https:\/\/www.hoymercedes.com.ar\/principal\/wp-content\/uploads\/2012\/04\/En-EJe.jpg\" alt=\"\" width=\"612\" height=\"459\" srcset=\"https:\/\/www.hoymercedes.com.ar\/principal\/wp-content\/uploads\/2012\/04\/En-EJe.jpg 612w, https:\/\/www.hoymercedes.com.ar\/principal\/wp-content\/uploads\/2012\/04\/En-EJe-300x225.jpg 300w\" sizes=\"auto, (max-width: 612px) 100vw, 612px\" \/><\/a><\/p>\n<p>En las palabras finales el intendente destac\u00f3 el nivel de participaci\u00f3n, el de debate desplegado y la importancia social que el acontecimiento tuvo con una repercusi\u00f3n y acogimiento de los j\u00f3venes m\u00e1s que valiosa.<\/p>\n<p>De la jornada sali\u00f3 la promesa de pronto volver a encontrarse dado que el clima, los temas, las inquietudes y los deseos dejaron un n\u00fameros de caminos al futuro que los propios j\u00f3venes desean recorrer. Queda demostrado que la voz de la juventud no s\u00f3lo es valiosa e inteligente, sino, necesaria.<\/p>\n","protected":false},"excerpt":{"rendered":"<p>M\u00e1s de un centenar de j\u00f3venes fueron parte de la Primera Jornada de Reflexi\u00f3n Juvenil Ciudadana llevada a cabo este &#8230; <a title=\"M\u00e1s de cien j\u00f3venes en jornada de reflexi\u00f3n ciudadana\" class=\"read-more\" href=\"https:\/\/www.hoymercedes.com.ar\/principal\/2012\/04\/02\/mas-de-cien-jovenes-en-jornada-de-reflexion-ciudadana\/\" aria-label=\"Leer m\u00e1s sobre M\u00e1s de cien j\u00f3venes en jornada de reflexi\u00f3n ciudadana\">Leer m\u00e1s<\/a><\/p>\n","protected":false},"author":1,"featured_media":0,"comment_status":"open","ping_status":"open","sticky":false,"template":"","format":"standard","meta":{"_monsterinsights_skip_tracking":false,"_monsterinsights_sitenote_active":false,"_monsterinsights_sitenote_note":"","_monsterinsights_sitenote_category":0,"jetpack_post_was_ever_published":false,"_jetpack_newsletter_access":"","_jetpack_dont_email_post_to_subs":false,"_jetpack_newsletter_tier_id":0,"_jetpack_memberships_contains_paywalled_content":false,"_jetpack_memberships_contains_paid_content":false,"footnotes":"","jetpack_publicize_message":"","jetpack_publicize_feature_enabled":true,"jetpack_social_post_already_shared":false,"jetpack_social_options":{"image_generator_settings":{"template":"highway","default_image_id":0,"font":"","enabled":false},"version":2},"_wpas_customize_per_network":false},"categories":[5],"tags":[2019],"class_list":["post-11941","post","type-post","status-publish","format-standard","hentry","category-politica","tag-jornada-17-de-octubre","generate-columns","tablet-grid-50","mobile-grid-100","grid-parent","grid-50"],"jetpack_publicize_connections":[],"jetpack_featured_media_url":"","wps_subtitle":"","jetpack_sharing_enabled":true,"_links":{"self":[{"href":"https:\/\/www.hoymercedes.com.ar\/principal\/wp-json\/wp\/v2\/posts\/11941","targetHints":{"allow":["GET"]}}],"collection":[{"href":"https:\/\/www.hoymercedes.com.ar\/principal\/wp-json\/wp\/v2\/posts"}],"about":[{"href":"https:\/\/www.hoymercedes.com.ar\/principal\/wp-json\/wp\/v2\/types\/post"}],"author":[{"embeddable":true,"href":"https:\/\/www.hoymercedes.com.ar\/principal\/wp-json\/wp\/v2\/users\/1"}],"replies":[{"embeddable":true,"href":"https:\/\/www.hoymercedes.com.ar\/principal\/wp-json\/wp\/v2\/comments?post=11941"}],"version-history":[{"count":0,"href":"https:\/\/www.hoymercedes.com.ar\/principal\/wp-json\/wp\/v2\/posts\/11941\/revisions"}],"wp:attachment":[{"href":"https:\/\/www.hoymercedes.com.ar\/principal\/wp-json\/wp\/v2\/media?parent=11941"}],"wp:term":[{"taxonomy":"category","embeddable":true,"href":"https:\/\/www.hoymercedes.com.ar\/principal\/wp-json\/wp\/v2\/categories?post=11941"},{"taxonomy":"post_tag","embeddable":true,"href":"https:\/\/www.hoymercedes.com.ar\/principal\/wp-json\/wp\/v2\/tags?post=11941"}],"curies":[{"name":"wp","href":"https:\/\/api.w.org\/{rel}","templated":true}]}}