{"id":119416,"date":"2020-11-02T22:22:01","date_gmt":"2020-11-03T01:22:01","guid":{"rendered":"http:\/\/www.hoymercedes.com.ar\/principal\/?p=119416"},"modified":"2020-11-02T22:22:09","modified_gmt":"2020-11-03T01:22:09","slug":"coronavirus-fallece-otra-persona-el-virus-y-12-confirman-su-diagnostico-positivo","status":"publish","type":"post","link":"https:\/\/www.hoymercedes.com.ar\/principal\/2020\/11\/02\/coronavirus-fallece-otra-persona-el-virus-y-12-confirman-su-diagnostico-positivo\/","title":{"rendered":"Coronavirus: Fallece otra persona el virus y 12 confirman su diagn\u00f3stico positivo"},"content":{"rendered":"\n<p>El informe oficial de las autoridades sanitarias de Mercedes confirman el fallecimiento de una pacientes de 74 a\u00f1os de edad portadora del virus SARS-Cov2. Asimismo, 12 pacientes locales recibieron el resultado positivo de sus hisopados entre los 75 test realizados por el Laboratorio del Dubarry. <\/p>\n\n\n\n<div class=\"wp-block-image\"><figure class=\"aligncenter size-large\"><img loading=\"lazy\" decoding=\"async\" width=\"800\" height=\"800\" data-attachment-id=\"119418\" data-permalink=\"https:\/\/www.hoymercedes.com.ar\/principal\/2020\/11\/02\/coronavirus-fallece-otra-persona-el-virus-y-12-confirman-su-diagnostico-positivo\/whatsapp-image-2020-11-02-at-21-58-18\/#main\" data-orig-file=\"https:\/\/www.hoymercedes.com.ar\/principal\/wp-content\/uploads\/2020\/11\/WhatsApp-Image-2020-11-02-at-21.58.18.jpeg\" data-orig-size=\"800,800\" data-comments-opened=\"0\" data-image-meta=\"{&quot;aperture&quot;:&quot;0&quot;,&quot;credit&quot;:&quot;&quot;,&quot;camera&quot;:&quot;&quot;,&quot;caption&quot;:&quot;&quot;,&quot;created_timestamp&quot;:&quot;0&quot;,&quot;copyright&quot;:&quot;&quot;,&quot;focal_length&quot;:&quot;0&quot;,&quot;iso&quot;:&quot;0&quot;,&quot;shutter_speed&quot;:&quot;0&quot;,&quot;title&quot;:&quot;&quot;,&quot;orientation&quot;:&quot;0&quot;}\" data-image-title=\"WhatsApp Image 2020-11-02 at 21.58.18\" data-image-description=\"\" data-image-caption=\"\" data-large-file=\"https:\/\/www.hoymercedes.com.ar\/principal\/wp-content\/uploads\/2020\/11\/WhatsApp-Image-2020-11-02-at-21.58.18.jpeg\" src=\"https:\/\/www.hoymercedes.com.ar\/principal\/wp-content\/uploads\/2020\/11\/WhatsApp-Image-2020-11-02-at-21.58.18.jpeg\" alt=\"\" class=\"wp-image-119418\" srcset=\"https:\/\/www.hoymercedes.com.ar\/principal\/wp-content\/uploads\/2020\/11\/WhatsApp-Image-2020-11-02-at-21.58.18.jpeg 800w, https:\/\/www.hoymercedes.com.ar\/principal\/wp-content\/uploads\/2020\/11\/WhatsApp-Image-2020-11-02-at-21.58.18-620x620.jpeg 620w, https:\/\/www.hoymercedes.com.ar\/principal\/wp-content\/uploads\/2020\/11\/WhatsApp-Image-2020-11-02-at-21.58.18-150x150.jpeg 150w\" sizes=\"auto, (max-width: 800px) 100vw, 800px\" \/><\/figure><\/div>\n\n\n\n<p>Informe Sanitario de Mercedes &#8211; \u00abEn el d\u00eda de la fecha el Laboratorio de Virolog\u00eda Molecular Municipal por medio de los procesos cient\u00edficos que lleva adelante cotidianamente confirm\u00f3 12 nuevos casos para covid. <br>Lamentamos informar el fallecimiento de una paciente de 74 a\u00f1os de edad.<br>Al d\u00eda de la fecha tenemos 64 casos activos con 10 altas m\u00e9dicas. Por su parte 1606 casos se registraron desde iniciada la pandemia con 1508 pacientes recuperados del virus.<br>En cuanto al Centro de Aislamiento Sanitario II con todas las normas socio sanitarias y un fuerte trabajo de Salud, Protecci\u00f3n Civil, SAME, Seguridad, Desarrollo Social y Servicios P\u00fablicos no tiene pacientes alojados, aislados y monitoreados\u00bb.<\/p>\n\n\n\n<p><\/p>\n\n\n\n<p><strong>Informe nacional:<\/strong> Fueron confirmados 9.598 nuevos casos de COVID-19. Con estos registros, suman 1.183.131 positivos en el pa\u00eds, de los cuales 998.016 son pacientes recuperados y 153.492 son casos confirmados activos. En las \u00faltimas 24 hs fueron realizados 24.864 testeos y desde el inicio del brote se realizaron 3.047.313 pruebas diagn\u00f3sticas para esta enfermedad, lo que equivale a 67.155 muestras por mill\u00f3n de habitantes.<\/p>\n\n\n\n<p>Detalle por provincia (N\u00ba de confirmados | N\u00ba de acumulados): Buenos Aires 3.021 | 553.960 Ciudad de Buenos Aires 425 | 147.884 Catamarca 45 | 980 Chaco 73 | 14.264 Chubut 316 | 14.791 C\u00f3rdoba 633 | 86.951 Corrientes 40 | 2.593 Entre R\u00edos 231 | 16.426 Formosa 7 | 158 Jujuy 34 | 17.918 La Pampa 119 | 3.480 La Rioja 36 | 7.640 Mendoza 513 | 47.793 Misiones 4 | 282 Neuqu\u00e9n 250 | 22.744 R\u00edo Negro 275 | 24.412 Salta 64 | 18.949 San Juan 304 | 2.729 San Luis 380 | 7.609 Santa Cruz 131 | 9.815 Santa Fe 1.793 | 107.311 Santiago del Estero 111 | 10.092 Tierra del Fuego 127 | 11.708 y Tucum\u00e1n 666 | 50.642<\/p>\n\n\n\n<p>En las \u00faltimas 24 horas, se notificaron 483 nuevas muertes, son 285 hombres y 195 mujeres. Al momento la cantidad de personas fallecidas es 31.623. Tres personas notificadas como fallecida, residentes en la Ciudad de Buenos Aires (1), la provincia de Buenos Aires (1) y la provincia de Entre R\u00edos (1), no registran dato de sexo.<\/p>\n","protected":false},"excerpt":{"rendered":"<p>El informe oficial de las autoridades sanitarias de Mercedes confirman el fallecimiento de una pacientes de 74 a\u00f1os de edad &#8230; <a title=\"Coronavirus: Fallece otra persona el virus y 12 confirman su diagn\u00f3stico positivo\" class=\"read-more\" href=\"https:\/\/www.hoymercedes.com.ar\/principal\/2020\/11\/02\/coronavirus-fallece-otra-persona-el-virus-y-12-confirman-su-diagnostico-positivo\/\" aria-label=\"Leer m\u00e1s sobre Coronavirus: Fallece otra persona el virus y 12 confirman su diagn\u00f3stico positivo\">Leer m\u00e1s<\/a><\/p>\n","protected":false},"author":5,"featured_media":119418,"comment_status":"closed","ping_status":"open","sticky":false,"template":"","format":"standard","meta":{"_monsterinsights_skip_tracking":false,"_monsterinsights_sitenote_active":false,"_monsterinsights_sitenote_note":"","_monsterinsights_sitenote_category":0,"jetpack_post_was_ever_published":false,"_jetpack_newsletter_access":"","_jetpack_dont_email_post_to_subs":false,"_jetpack_newsletter_tier_id":0,"_jetpack_memberships_contains_paywalled_content":false,"_jetpack_memberships_contains_paid_content":false,"footnotes":"","jetpack_publicize_message":"","jetpack_publicize_feature_enabled":true,"jetpack_social_post_already_shared":true,"jetpack_social_options":{"image_generator_settings":{"template":"highway","default_image_id":0,"font":"","enabled":false},"version":2},"_wpas_customize_per_network":false},"categories":[9791],"tags":[16175],"class_list":["post-119416","post","type-post","status-publish","format-standard","has-post-thumbnail","hentry","category-salud","tag-coronavirus","generate-columns","tablet-grid-50","mobile-grid-100","grid-parent","grid-50"],"jetpack_publicize_connections":[],"jetpack_featured_media_url":"https:\/\/www.hoymercedes.com.ar\/principal\/wp-content\/uploads\/2020\/11\/WhatsApp-Image-2020-11-02-at-21.58.18.jpeg","wps_subtitle":"Cierre del d\u00eda","jetpack_sharing_enabled":true,"_links":{"self":[{"href":"https:\/\/www.hoymercedes.com.ar\/principal\/wp-json\/wp\/v2\/posts\/119416","targetHints":{"allow":["GET"]}}],"collection":[{"href":"https:\/\/www.hoymercedes.com.ar\/principal\/wp-json\/wp\/v2\/posts"}],"about":[{"href":"https:\/\/www.hoymercedes.com.ar\/principal\/wp-json\/wp\/v2\/types\/post"}],"author":[{"embeddable":true,"href":"https:\/\/www.hoymercedes.com.ar\/principal\/wp-json\/wp\/v2\/users\/5"}],"replies":[{"embeddable":true,"href":"https:\/\/www.hoymercedes.com.ar\/principal\/wp-json\/wp\/v2\/comments?post=119416"}],"version-history":[{"count":0,"href":"https:\/\/www.hoymercedes.com.ar\/principal\/wp-json\/wp\/v2\/posts\/119416\/revisions"}],"wp:featuredmedia":[{"embeddable":true,"href":"https:\/\/www.hoymercedes.com.ar\/principal\/wp-json\/wp\/v2\/media\/119418"}],"wp:attachment":[{"href":"https:\/\/www.hoymercedes.com.ar\/principal\/wp-json\/wp\/v2\/media?parent=119416"}],"wp:term":[{"taxonomy":"category","embeddable":true,"href":"https:\/\/www.hoymercedes.com.ar\/principal\/wp-json\/wp\/v2\/categories?post=119416"},{"taxonomy":"post_tag","embeddable":true,"href":"https:\/\/www.hoymercedes.com.ar\/principal\/wp-json\/wp\/v2\/tags?post=119416"}],"curies":[{"name":"wp","href":"https:\/\/api.w.org\/{rel}","templated":true}]}}