{"id":119454,"date":"2020-11-04T07:10:24","date_gmt":"2020-11-04T10:10:24","guid":{"rendered":"http:\/\/www.hoymercedes.com.ar\/principal\/?p=119454"},"modified":"2020-11-03T20:27:43","modified_gmt":"2020-11-03T23:27:43","slug":"retoma-la-atencion-odontologica-en-caps-y-cic","status":"publish","type":"post","link":"https:\/\/www.hoymercedes.com.ar\/principal\/2020\/11\/04\/retoma-la-atencion-odontologica-en-caps-y-cic\/","title":{"rendered":"Retoma la atenci\u00f3n odontol\u00f3gica en CAPS y CIC"},"content":{"rendered":"\n<p>La Secretar\u00eda de Salud del Municipio de Mercedes confirm\u00f3 la reactivaci\u00f3n de la atenci\u00f3n odontol\u00f3gica. Con protocolos de seguridad sanitaria, nuevos d\u00edas y horarios, la atenci\u00f3n a pacientes volvi\u00f3 en los Centros de Atenci\u00f3n Primaria que cuentan con este servicio y retoman la guardia odontol\u00f3gica en el CIC.\u00a0\u00a0\u00a0<\/p>\n\n\n\n<p>El Secretario de Salud Municipal, el m\u00e9dico N\u00e9stor Pisapia explic\u00f3 que organizaron la atenci\u00f3n odontol\u00f3gica, servicio  que debi\u00f3 dejar de prestarse con la propagaci\u00f3n del covid-19.  \u00a0\u00abLa atenci\u00f3n arranc\u00f3 en los CAPS de los barrios G\u00fcemes, San Jos\u00e9 y Altamira. Los otros consultorios est\u00e1n afectados a la emergencia del COVID. En el CIC tambi\u00e9n se va a atender, y adem\u00e1s, se va a contar con una guardia de emergencia, desde las 12 de la noche hasta 6 de la ma\u00f1ana\u201d, cont\u00f3 el pediatra a cargo del \u00e1rea de Salud. \u00a0<\/p>\n\n\n\n<p>\u201cVamos a tratar de brindar una prestaci\u00f3n integral y cuando pase la pandemia vamos a restaurar los CAPS que antes estaban con atenci\u00f3n Desde la Universidad de La Plata se nos envi\u00f3 el protocolo de seguridad y nosotros garantizamos el mismo para la atenci\u00f3n, no s\u00f3lo para la protecci\u00f3n del profesional, sino tambi\u00e9n, del paciente\u201d, agreg\u00f3 Pisapia. \u00a0<\/p>\n\n\n\n<p>Fuente: Prensa Municipal<\/p>\n","protected":false},"excerpt":{"rendered":"<p>La Secretar\u00eda de Salud del Municipio de Mercedes confirm\u00f3 la reactivaci\u00f3n de la atenci\u00f3n odontol\u00f3gica. Con protocolos de seguridad sanitaria, &#8230; <a title=\"Retoma la atenci\u00f3n odontol\u00f3gica en CAPS y CIC\" class=\"read-more\" href=\"https:\/\/www.hoymercedes.com.ar\/principal\/2020\/11\/04\/retoma-la-atencion-odontologica-en-caps-y-cic\/\" aria-label=\"Leer m\u00e1s sobre Retoma la atenci\u00f3n odontol\u00f3gica en CAPS y CIC\">Leer m\u00e1s<\/a><\/p>\n","protected":false},"author":1,"featured_media":119459,"comment_status":"closed","ping_status":"open","sticky":false,"template":"","format":"standard","meta":{"_monsterinsights_skip_tracking":false,"_monsterinsights_sitenote_active":false,"_monsterinsights_sitenote_note":"","_monsterinsights_sitenote_category":0,"jetpack_post_was_ever_published":false,"_jetpack_newsletter_access":"","_jetpack_dont_email_post_to_subs":false,"_jetpack_newsletter_tier_id":0,"_jetpack_memberships_contains_paywalled_content":false,"_jetpack_memberships_contains_paid_content":false,"footnotes":"","jetpack_publicize_message":"","jetpack_publicize_feature_enabled":true,"jetpack_social_post_already_shared":true,"jetpack_social_options":{"image_generator_settings":{"template":"highway","default_image_id":0,"font":"","enabled":false},"version":2},"_wpas_customize_per_network":false},"categories":[30],"tags":[1078,773,244,9778,134],"class_list":["post-119454","post","type-post","status-publish","format-standard","has-post-thumbnail","hentry","category-municipio","tag-caps","tag-cic","tag-municipio-2","tag-odontologia","tag-salud","generate-columns","tablet-grid-50","mobile-grid-100","grid-parent","grid-50"],"jetpack_publicize_connections":[],"jetpack_featured_media_url":"https:\/\/www.hoymercedes.com.ar\/principal\/wp-content\/uploads\/2020\/11\/03-Pisapia.jpg","wps_subtitle":"Salud Municipal","jetpack_sharing_enabled":true,"_links":{"self":[{"href":"https:\/\/www.hoymercedes.com.ar\/principal\/wp-json\/wp\/v2\/posts\/119454","targetHints":{"allow":["GET"]}}],"collection":[{"href":"https:\/\/www.hoymercedes.com.ar\/principal\/wp-json\/wp\/v2\/posts"}],"about":[{"href":"https:\/\/www.hoymercedes.com.ar\/principal\/wp-json\/wp\/v2\/types\/post"}],"author":[{"embeddable":true,"href":"https:\/\/www.hoymercedes.com.ar\/principal\/wp-json\/wp\/v2\/users\/1"}],"replies":[{"embeddable":true,"href":"https:\/\/www.hoymercedes.com.ar\/principal\/wp-json\/wp\/v2\/comments?post=119454"}],"version-history":[{"count":0,"href":"https:\/\/www.hoymercedes.com.ar\/principal\/wp-json\/wp\/v2\/posts\/119454\/revisions"}],"wp:featuredmedia":[{"embeddable":true,"href":"https:\/\/www.hoymercedes.com.ar\/principal\/wp-json\/wp\/v2\/media\/119459"}],"wp:attachment":[{"href":"https:\/\/www.hoymercedes.com.ar\/principal\/wp-json\/wp\/v2\/media?parent=119454"}],"wp:term":[{"taxonomy":"category","embeddable":true,"href":"https:\/\/www.hoymercedes.com.ar\/principal\/wp-json\/wp\/v2\/categories?post=119454"},{"taxonomy":"post_tag","embeddable":true,"href":"https:\/\/www.hoymercedes.com.ar\/principal\/wp-json\/wp\/v2\/tags?post=119454"}],"curies":[{"name":"wp","href":"https:\/\/api.w.org\/{rel}","templated":true}]}}