{"id":119463,"date":"2020-11-03T21:04:30","date_gmt":"2020-11-04T00:04:30","guid":{"rendered":"http:\/\/www.hoymercedes.com.ar\/principal\/?p=119463"},"modified":"2020-11-04T10:03:55","modified_gmt":"2020-11-04T13:03:55","slug":"dos-aprehendidos-tras-allanamientos","status":"publish","type":"post","link":"https:\/\/www.hoymercedes.com.ar\/principal\/2020\/11\/03\/dos-aprehendidos-tras-allanamientos\/","title":{"rendered":"Dos aprehendidos tras allanamientos"},"content":{"rendered":"\n<p>En la jornada del martes 2 de noviembre se realizaron tres allanamientos en la localidad de Patricios, partido de 9 de Julio. Fue por un hecho de hurto denunciado en una vivienda de la zona, que recay\u00f3 en la Unidad Funcional de Instrucci\u00f3n y Juicio N\u00b0 6, a cargo del Dr. Luis Carcagno, del Departamento Judicial Mercedes.<\/p>\n\n\n\n<figure class=\"wp-block-image size-large\"><img loading=\"lazy\" decoding=\"async\" width=\"800\" height=\"533\" data-attachment-id=\"119467\" data-permalink=\"https:\/\/www.hoymercedes.com.ar\/principal\/2020\/11\/03\/dos-aprehendidos-tras-allanamientos\/03-policial-patricios-9dejulio-3\/#main\" data-orig-file=\"https:\/\/www.hoymercedes.com.ar\/principal\/wp-content\/uploads\/2020\/11\/03-Policial-Patricios-9dejulio-3.jpg\" data-orig-size=\"800,533\" data-comments-opened=\"0\" data-image-meta=\"{&quot;aperture&quot;:&quot;0&quot;,&quot;credit&quot;:&quot;&quot;,&quot;camera&quot;:&quot;&quot;,&quot;caption&quot;:&quot;&quot;,&quot;created_timestamp&quot;:&quot;0&quot;,&quot;copyright&quot;:&quot;&quot;,&quot;focal_length&quot;:&quot;0&quot;,&quot;iso&quot;:&quot;0&quot;,&quot;shutter_speed&quot;:&quot;0&quot;,&quot;title&quot;:&quot;&quot;,&quot;orientation&quot;:&quot;0&quot;}\" data-image-title=\"03 Policial-Patricios 9dejulio 3\" data-image-description=\"\" data-image-caption=\"\" data-large-file=\"https:\/\/www.hoymercedes.com.ar\/principal\/wp-content\/uploads\/2020\/11\/03-Policial-Patricios-9dejulio-3.jpg\" src=\"https:\/\/www.hoymercedes.com.ar\/principal\/wp-content\/uploads\/2020\/11\/03-Policial-Patricios-9dejulio-3.jpg\" alt=\"\" class=\"wp-image-119467\" srcset=\"https:\/\/www.hoymercedes.com.ar\/principal\/wp-content\/uploads\/2020\/11\/03-Policial-Patricios-9dejulio-3.jpg 800w, https:\/\/www.hoymercedes.com.ar\/principal\/wp-content\/uploads\/2020\/11\/03-Policial-Patricios-9dejulio-3-630x420.jpg 630w, https:\/\/www.hoymercedes.com.ar\/principal\/wp-content\/uploads\/2020\/11\/03-Policial-Patricios-9dejulio-3-150x100.jpg 150w, https:\/\/www.hoymercedes.com.ar\/principal\/wp-content\/uploads\/2020\/11\/03-Policial-Patricios-9dejulio-3-700x465.jpg 700w\" sizes=\"auto, (max-width: 800px) 100vw, 800px\" \/><\/figure>\n\n\n\n<p>Los denunciantes dieron cuenta del faltante de una caja de herramientas, tres bicicletas, muebles y electrodom\u00e9sticos y herramientas de trabajo varios, entre otros elementos.<\/p>\n\n\n\n<p>Tras las taras investigativas, desde el Ministerio P\u00fablico se solicit\u00f3 al Juzgado de Garant\u00edas N\u00ba 1 del Dpto. Judicial Mercedes una orden de allanamiento para tres domicilios de la misma localidad donde aconteci\u00f3 el il\u00edcito, a fin de dar con los elementos sustra\u00eddos as\u00ed como con los dos sospechosos de haber cometido el hecho.<\/p>\n\n\n\n<p>En el procedimiento, un sujeto de 20 a\u00f1os de edad qued\u00f3 aprehendido, siendo uno de los imputados por el il\u00edcito. En tanto, en el mismo acto, tambi\u00e9n se procedi\u00f3 a la aprehensi\u00f3n de otro sujeto de 41 a\u00f1os (familiar del anterior) por encontrarse en su domicilio dos armas de fuego (dos rifles calibre 14) sin contar con la debida autorizaci\u00f3n legal para ello,<\/p>\n\n\n\n<p>Por el delito de \u201cHurto simple\u201d el primero compareci\u00f3 ante el agente fiscal en el marco la audiencia de declaraci\u00f3n en los t\u00e9rminos del art. 308 del C\u00f3digo Procesal Penal este mi\u00e9rcoles.<\/p>\n\n\n\n<p>En tanto, el hombre de 41 a\u00f1os fue imputado del delito de \u201cTenencia ilegal de arma de fuego de uso civil\u201d. En la misma jornada, se solicit\u00f3 por ante el Juzgado actuante la conversi\u00f3n de su aprehensi\u00f3n en detenci\u00f3n por contar tambi\u00e9n con antecedentes y condena por delitos de similares caracter\u00edsticas.<\/p>\n\n\n\n<p>Fuente: Ministerio P\u00fablico Fiscal &#8211; Depto Judicial Mercedes<br>Fotograf\u00edas: Cadena Nueve <\/p>\n","protected":false},"excerpt":{"rendered":"<p>En la jornada del martes 2 de noviembre se realizaron tres allanamientos en la localidad de Patricios, partido de 9 &#8230; <a title=\"Dos aprehendidos tras allanamientos\" class=\"read-more\" href=\"https:\/\/www.hoymercedes.com.ar\/principal\/2020\/11\/03\/dos-aprehendidos-tras-allanamientos\/\" aria-label=\"Leer m\u00e1s sobre Dos aprehendidos tras allanamientos\">Leer m\u00e1s<\/a><\/p>\n","protected":false},"author":1,"featured_media":119466,"comment_status":"closed","ping_status":"open","sticky":false,"template":"","format":"standard","meta":{"_monsterinsights_skip_tracking":false,"_monsterinsights_sitenote_active":false,"_monsterinsights_sitenote_note":"","_monsterinsights_sitenote_category":0,"jetpack_post_was_ever_published":false,"_jetpack_newsletter_access":"","_jetpack_dont_email_post_to_subs":false,"_jetpack_newsletter_tier_id":0,"_jetpack_memberships_contains_paywalled_content":false,"_jetpack_memberships_contains_paid_content":false,"footnotes":"","jetpack_publicize_message":"","jetpack_publicize_feature_enabled":true,"jetpack_social_post_already_shared":true,"jetpack_social_options":{"image_generator_settings":{"template":"highway","default_image_id":0,"font":"","enabled":false},"version":2},"_wpas_customize_per_network":false},"categories":[85],"tags":[10581,96,1057],"class_list":["post-119463","post","type-post","status-publish","format-standard","has-post-thumbnail","hentry","category-policial","tag-fiscalia","tag-policial-2","tag-regional","generate-columns","tablet-grid-50","mobile-grid-100","grid-parent","grid-50"],"jetpack_publicize_connections":[],"jetpack_featured_media_url":"https:\/\/www.hoymercedes.com.ar\/principal\/wp-content\/uploads\/2020\/11\/03-Policial-Patricios-9dejulio-1.jpg","wps_subtitle":"En 9 de Julio","jetpack_sharing_enabled":true,"_links":{"self":[{"href":"https:\/\/www.hoymercedes.com.ar\/principal\/wp-json\/wp\/v2\/posts\/119463","targetHints":{"allow":["GET"]}}],"collection":[{"href":"https:\/\/www.hoymercedes.com.ar\/principal\/wp-json\/wp\/v2\/posts"}],"about":[{"href":"https:\/\/www.hoymercedes.com.ar\/principal\/wp-json\/wp\/v2\/types\/post"}],"author":[{"embeddable":true,"href":"https:\/\/www.hoymercedes.com.ar\/principal\/wp-json\/wp\/v2\/users\/1"}],"replies":[{"embeddable":true,"href":"https:\/\/www.hoymercedes.com.ar\/principal\/wp-json\/wp\/v2\/comments?post=119463"}],"version-history":[{"count":0,"href":"https:\/\/www.hoymercedes.com.ar\/principal\/wp-json\/wp\/v2\/posts\/119463\/revisions"}],"wp:featuredmedia":[{"embeddable":true,"href":"https:\/\/www.hoymercedes.com.ar\/principal\/wp-json\/wp\/v2\/media\/119466"}],"wp:attachment":[{"href":"https:\/\/www.hoymercedes.com.ar\/principal\/wp-json\/wp\/v2\/media?parent=119463"}],"wp:term":[{"taxonomy":"category","embeddable":true,"href":"https:\/\/www.hoymercedes.com.ar\/principal\/wp-json\/wp\/v2\/categories?post=119463"},{"taxonomy":"post_tag","embeddable":true,"href":"https:\/\/www.hoymercedes.com.ar\/principal\/wp-json\/wp\/v2\/tags?post=119463"}],"curies":[{"name":"wp","href":"https:\/\/api.w.org\/{rel}","templated":true}]}}