{"id":119472,"date":"2020-11-03T21:55:04","date_gmt":"2020-11-04T00:55:04","guid":{"rendered":"http:\/\/www.hoymercedes.com.ar\/principal\/?p=119472"},"modified":"2020-11-04T10:03:28","modified_gmt":"2020-11-04T13:03:28","slug":"coronavirus-confirman-8-nuevos-positivos","status":"publish","type":"post","link":"https:\/\/www.hoymercedes.com.ar\/principal\/2020\/11\/03\/coronavirus-confirman-8-nuevos-positivos\/","title":{"rendered":"Coronavirus: confirman 8 nuevos positivos"},"content":{"rendered":"\n<p>La informaci\u00f3n oficial en Mercedes confirma que 8 pacientes de la ciudad recibieron su resultado positivo de covid-19. Asimismo, confirmaron el alta de 15 pacientes que cumplieron con el tiempo estipulado de seguridad sanitaria. <\/p>\n\n\n\n<div class=\"wp-block-image\"><figure class=\"aligncenter size-large\"><img loading=\"lazy\" decoding=\"async\" width=\"800\" height=\"800\" data-attachment-id=\"119481\" data-permalink=\"https:\/\/www.hoymercedes.com.ar\/principal\/2020\/11\/03\/coronavirus-confirman-8-nuevos-positivos\/03-cierre-covid\/#main\" data-orig-file=\"https:\/\/www.hoymercedes.com.ar\/principal\/wp-content\/uploads\/2020\/11\/03-cierre-covid.jpeg\" data-orig-size=\"800,800\" data-comments-opened=\"0\" data-image-meta=\"{&quot;aperture&quot;:&quot;0&quot;,&quot;credit&quot;:&quot;&quot;,&quot;camera&quot;:&quot;&quot;,&quot;caption&quot;:&quot;&quot;,&quot;created_timestamp&quot;:&quot;0&quot;,&quot;copyright&quot;:&quot;&quot;,&quot;focal_length&quot;:&quot;0&quot;,&quot;iso&quot;:&quot;0&quot;,&quot;shutter_speed&quot;:&quot;0&quot;,&quot;title&quot;:&quot;&quot;,&quot;orientation&quot;:&quot;0&quot;}\" data-image-title=\"03 cierre covid\" data-image-description=\"\" data-image-caption=\"\" data-large-file=\"https:\/\/www.hoymercedes.com.ar\/principal\/wp-content\/uploads\/2020\/11\/03-cierre-covid.jpeg\" src=\"https:\/\/www.hoymercedes.com.ar\/principal\/wp-content\/uploads\/2020\/11\/03-cierre-covid.jpeg\" alt=\"\" class=\"wp-image-119481\" srcset=\"https:\/\/www.hoymercedes.com.ar\/principal\/wp-content\/uploads\/2020\/11\/03-cierre-covid.jpeg 800w, https:\/\/www.hoymercedes.com.ar\/principal\/wp-content\/uploads\/2020\/11\/03-cierre-covid-620x620.jpeg 620w, https:\/\/www.hoymercedes.com.ar\/principal\/wp-content\/uploads\/2020\/11\/03-cierre-covid-150x150.jpeg 150w\" sizes=\"auto, (max-width: 800px) 100vw, 800px\" \/><\/figure><\/div>\n\n\n\n<p><strong>Informe Sanitario Local:<\/strong> \u00abEn el d\u00eda de la fecha el Laboratorio de Virolog\u00eda Molecular Municipal por medio de los procesos cient\u00edficos que lleva adelante cotidianamente realiz\u00f3 8 test cuyo resultado ser\u00e1 procesado el pr\u00f3ximo d\u00eda lunes.<br>Al d\u00eda de la fecha tenemos 57 casos activos con 15 altas m\u00e9dicas. Por su parte 1614 casos se registraron desde iniciada la pandemia con 1523 pacientes recuperados del virus.<br>En cuanto al Centro de Aislamiento Sanitario II con todas las normas socio sanitarias y un fuerte trabajo de Salud, Protecci\u00f3n Civil, SAME, Seguridad, Desarrollo Social y Servicios P\u00fablicos no tiene pacientes alojados, aislados y monitoreados\u00bb.<\/p>\n\n\n\n<p><strong>Informe nacional<\/strong>: Fueron confirmados 12.145 nuevos casos de COVID-19. Con estos registros, suman 1.195.276 positivos en el pa\u00eds, de los cuales 1.009.278 son pacientes recuperados y 153.946 son casos confirmados activos. En las \u00faltimas 24 hs fueron realizados 30.999 testeos y desde el inicio del brote se realizaron 3.078.312 pruebas diagn\u00f3sticas para esta enfermedad, lo que equivale a 67.838 muestras por mill\u00f3n de habitantes.<\/p>\n\n\n\n<p>Detalle por provincia (N\u00ba de confirmados | N\u00ba de acumulados): Buenos Aires 3.615 | 557.575; Ciudad de Buenos Aires 460 | 148.344; Catamarca 31 | 1.011; Chaco 131 | 14.395; Chubut 421 | 15.212; C\u00f3rdoba 1.339 | 88.290; Corrientes 26 | 2.619; Entre R\u00edos 258 | 16.684; Formosa 0 | 158; Jujuy 22 | 17.940; La Pampa 84 | 3.564; La Rioja 42 | 7.682; Mendoza 515 | 48.308; Misiones 16 | 298; Neuqu\u00e9n 934 | 23.678; R\u00edo Negro 395 | 24.807;  Salta 110 | 19.059; San Juan 164 | 2.893; San Luis 247 | 7.856; Santa Cruz 250 | 10.065; Santa Fe 1.764 | 111.075; Santiago del Estero 82 | 10.174; Tierra del Fuego 266 | 11.974 y Tucum\u00e1n 973 | 51.615<\/p>\n\n\n\n<p>En las \u00faltimas 24 horas, se notificaron 430 nuevas muertes, son 250 hombres y 178 mujeres. Al momento la cantidad de personas fallecidas es 32.052. Una persona, residente en la provincia de Buenos Aires, fue reclasificada. Dos personas notificadas como fallecidas, residentes en la provincia de Buenos Aires, no registran dato de sexo.<\/p>\n","protected":false},"excerpt":{"rendered":"<p>La informaci\u00f3n oficial en Mercedes confirma que 8 pacientes de la ciudad recibieron su resultado positivo de covid-19. Asimismo, confirmaron &#8230; <a title=\"Coronavirus: confirman 8 nuevos positivos\" class=\"read-more\" href=\"https:\/\/www.hoymercedes.com.ar\/principal\/2020\/11\/03\/coronavirus-confirman-8-nuevos-positivos\/\" aria-label=\"Leer m\u00e1s sobre Coronavirus: confirman 8 nuevos positivos\">Leer m\u00e1s<\/a><\/p>\n","protected":false},"author":1,"featured_media":119481,"comment_status":"closed","ping_status":"open","sticky":false,"template":"","format":"standard","meta":{"_monsterinsights_skip_tracking":false,"_monsterinsights_sitenote_active":false,"_monsterinsights_sitenote_note":"","_monsterinsights_sitenote_category":0,"jetpack_post_was_ever_published":false,"_jetpack_newsletter_access":"","_jetpack_dont_email_post_to_subs":false,"_jetpack_newsletter_tier_id":0,"_jetpack_memberships_contains_paywalled_content":false,"_jetpack_memberships_contains_paid_content":false,"footnotes":"","jetpack_publicize_message":"","jetpack_publicize_feature_enabled":true,"jetpack_social_post_already_shared":true,"jetpack_social_options":{"image_generator_settings":{"template":"highway","default_image_id":0,"font":"","enabled":false},"version":2},"_wpas_customize_per_network":false},"categories":[9791],"tags":[16428,16561,16175,16313],"class_list":["post-119472","post","type-post","status-publish","format-standard","has-post-thumbnail","hentry","category-salud","tag-casos-positivos","tag-cierre-del-dia","tag-coronavirus","tag-covid-19","generate-columns","tablet-grid-50","mobile-grid-100","grid-parent","grid-50"],"jetpack_publicize_connections":[],"jetpack_featured_media_url":"https:\/\/www.hoymercedes.com.ar\/principal\/wp-content\/uploads\/2020\/11\/03-cierre-covid.jpeg","wps_subtitle":"Cierre del d\u00eda","jetpack_sharing_enabled":true,"_links":{"self":[{"href":"https:\/\/www.hoymercedes.com.ar\/principal\/wp-json\/wp\/v2\/posts\/119472","targetHints":{"allow":["GET"]}}],"collection":[{"href":"https:\/\/www.hoymercedes.com.ar\/principal\/wp-json\/wp\/v2\/posts"}],"about":[{"href":"https:\/\/www.hoymercedes.com.ar\/principal\/wp-json\/wp\/v2\/types\/post"}],"author":[{"embeddable":true,"href":"https:\/\/www.hoymercedes.com.ar\/principal\/wp-json\/wp\/v2\/users\/1"}],"replies":[{"embeddable":true,"href":"https:\/\/www.hoymercedes.com.ar\/principal\/wp-json\/wp\/v2\/comments?post=119472"}],"version-history":[{"count":0,"href":"https:\/\/www.hoymercedes.com.ar\/principal\/wp-json\/wp\/v2\/posts\/119472\/revisions"}],"wp:featuredmedia":[{"embeddable":true,"href":"https:\/\/www.hoymercedes.com.ar\/principal\/wp-json\/wp\/v2\/media\/119481"}],"wp:attachment":[{"href":"https:\/\/www.hoymercedes.com.ar\/principal\/wp-json\/wp\/v2\/media?parent=119472"}],"wp:term":[{"taxonomy":"category","embeddable":true,"href":"https:\/\/www.hoymercedes.com.ar\/principal\/wp-json\/wp\/v2\/categories?post=119472"},{"taxonomy":"post_tag","embeddable":true,"href":"https:\/\/www.hoymercedes.com.ar\/principal\/wp-json\/wp\/v2\/tags?post=119472"}],"curies":[{"name":"wp","href":"https:\/\/api.w.org\/{rel}","templated":true}]}}