{"id":119473,"date":"2020-11-03T18:15:45","date_gmt":"2020-11-03T21:15:45","guid":{"rendered":"http:\/\/www.hoymercedes.com.ar\/principal\/?p=119473"},"modified":"2020-11-04T10:04:21","modified_gmt":"2020-11-04T13:04:21","slug":"seguridad-vial-lanzo-nueva-etapa-de-campana-local","status":"publish","type":"post","link":"https:\/\/www.hoymercedes.com.ar\/principal\/2020\/11\/03\/seguridad-vial-lanzo-nueva-etapa-de-campana-local\/","title":{"rendered":"Seguridad Vial lanz\u00f3 nueva etapa de campa\u00f1a local"},"content":{"rendered":"\n<p>El responsable de la Agencia de Seguridad Vial Nacional, Pablo Mart\u00ednez Carignano, se hizo presente en Mercedes con el fin de darle continuidad a la campa\u00f1a de seguridad vial orientada a motociclista iniciada en julio pasado junto al Municipio. Durante la jornada del martes, un cami\u00f3n con aula y pantalla  ofreci\u00f3 videos y capacitaci\u00f3n para los transe\u00fantes de la plaza San Mart\u00edn. <\/p>\n\n\n\n<div class=\"wp-block-image\"><figure class=\"aligncenter size-large\"><img loading=\"lazy\" decoding=\"async\" width=\"800\" height=\"450\" data-attachment-id=\"119477\" data-permalink=\"https:\/\/www.hoymercedes.com.ar\/principal\/2020\/11\/03\/seguridad-vial-lanzo-nueva-etapa-de-campana-local\/03-seg-vial-2\/#main\" data-orig-file=\"https:\/\/www.hoymercedes.com.ar\/principal\/wp-content\/uploads\/2020\/11\/03-seg-vial-2.jpg\" data-orig-size=\"800,450\" data-comments-opened=\"0\" data-image-meta=\"{&quot;aperture&quot;:&quot;0&quot;,&quot;credit&quot;:&quot;&quot;,&quot;camera&quot;:&quot;&quot;,&quot;caption&quot;:&quot;&quot;,&quot;created_timestamp&quot;:&quot;0&quot;,&quot;copyright&quot;:&quot;&quot;,&quot;focal_length&quot;:&quot;0&quot;,&quot;iso&quot;:&quot;0&quot;,&quot;shutter_speed&quot;:&quot;0&quot;,&quot;title&quot;:&quot;&quot;,&quot;orientation&quot;:&quot;0&quot;}\" data-image-title=\"03 seg vial 2\" data-image-description=\"\" data-image-caption=\"\" data-large-file=\"https:\/\/www.hoymercedes.com.ar\/principal\/wp-content\/uploads\/2020\/11\/03-seg-vial-2.jpg\" src=\"https:\/\/www.hoymercedes.com.ar\/principal\/wp-content\/uploads\/2020\/11\/03-seg-vial-2.jpg\" alt=\"\" class=\"wp-image-119477\" srcset=\"https:\/\/www.hoymercedes.com.ar\/principal\/wp-content\/uploads\/2020\/11\/03-seg-vial-2.jpg 800w, https:\/\/www.hoymercedes.com.ar\/principal\/wp-content\/uploads\/2020\/11\/03-seg-vial-2-630x354.jpg 630w, https:\/\/www.hoymercedes.com.ar\/principal\/wp-content\/uploads\/2020\/11\/03-seg-vial-2-150x84.jpg 150w\" sizes=\"auto, (max-width: 800px) 100vw, 800px\" \/><\/figure><\/div>\n\n\n\n<p>La campa\u00f1a que dio inicio meses atr\u00e1s, comenz\u00f3 con capacitaci\u00f3n especial para el personal de seguridad y acondicionamiento de los veh\u00edculos del \u00e1rea. Adem\u00e1s, de una campa\u00f1a gr\u00e1fica para instar a los motociclistas a utilizar el casco que se distribuy\u00f3 por los comercios de la ciudad. <\/p>\n\n\n\n<p>El acto que oficializ\u00f3 una segunda etapa fue encabezado por Mart\u00ednez Carignano y el Intendente Municipal Juan Ignacio Ustarroz, junto a las autoridades locales del \u00e1rea, representantes de los agentes de tr\u00e1nsito y referentes del Grupo Estrellas Amarillas Mercedes. <\/p>\n\n\n\n<p>\u00abDesde el \u00e1rea de Seguridad se han hecho los esfuerzos, pero sin duda a\u00fan no logramos alcanzar el objetivo, de tener una ciudad donde la gente use el casco y donde sea m\u00e1s respetuosa y responsable con respecto a las normativas. Esta es una oportunidad para poder llevar adelante un relanzamiento y poder mirarnos entre todos y comprometernos realmente y podamos ir forjando y construyendo una sociedad mejor\u201d expres\u00f3 el intendente Ustarroz durante el acto.<\/p>\n\n\n\n<p>Por su parte, el director de la Agencia de Seguridad Vial de Naci\u00f3n expres\u00f3: \u201cTodos sabemos que la realidad de los motociclistas en cuanto a un siniestro vial ha crecido much\u00edsimo en los \u00faltimos a\u00f1os. Desde la ciudad de Mercedes nos trasladaron una inquietud -que nosotros compartimos- que no podemos ser indiferentes ante un motociclista sin casco\u201d. <\/p>\n\n\n\n<p>\u00abIniciamos este trabajo que tiene varias aristas, un trabajo muy fuerte en educaci\u00f3n realizando capacitaciones a aquellos que deben evaluar antes de dar una licencia de conducir, capacitamos a los inspectores de tr\u00e1nsito, se concientiz\u00f3 a la sociedad a trav\u00e9s de diferentes campa\u00f1as, para que cuando un mercedino vea a alguien sin casco les pueda decir &#8216;por favor ponete un casco&#8217; depende de todos que el cambio se produzca\u201d, expres\u00f3. <\/p>\n\n\n\n<div class=\"wp-block-image\"><figure class=\"aligncenter size-large\"><img loading=\"lazy\" decoding=\"async\" width=\"800\" height=\"450\" data-attachment-id=\"119478\" data-permalink=\"https:\/\/www.hoymercedes.com.ar\/principal\/2020\/11\/03\/seguridad-vial-lanzo-nueva-etapa-de-campana-local\/03-serg-vial-1\/#main\" data-orig-file=\"https:\/\/www.hoymercedes.com.ar\/principal\/wp-content\/uploads\/2020\/11\/03-serg-vial-1.jpg\" data-orig-size=\"800,450\" data-comments-opened=\"0\" data-image-meta=\"{&quot;aperture&quot;:&quot;0&quot;,&quot;credit&quot;:&quot;&quot;,&quot;camera&quot;:&quot;&quot;,&quot;caption&quot;:&quot;&quot;,&quot;created_timestamp&quot;:&quot;0&quot;,&quot;copyright&quot;:&quot;&quot;,&quot;focal_length&quot;:&quot;0&quot;,&quot;iso&quot;:&quot;0&quot;,&quot;shutter_speed&quot;:&quot;0&quot;,&quot;title&quot;:&quot;&quot;,&quot;orientation&quot;:&quot;0&quot;}\" data-image-title=\"03 serg vial 1\" data-image-description=\"\" data-image-caption=\"\" data-large-file=\"https:\/\/www.hoymercedes.com.ar\/principal\/wp-content\/uploads\/2020\/11\/03-serg-vial-1.jpg\" src=\"https:\/\/www.hoymercedes.com.ar\/principal\/wp-content\/uploads\/2020\/11\/03-serg-vial-1.jpg\" alt=\"\" class=\"wp-image-119478\" srcset=\"https:\/\/www.hoymercedes.com.ar\/principal\/wp-content\/uploads\/2020\/11\/03-serg-vial-1.jpg 800w, https:\/\/www.hoymercedes.com.ar\/principal\/wp-content\/uploads\/2020\/11\/03-serg-vial-1-630x354.jpg 630w, https:\/\/www.hoymercedes.com.ar\/principal\/wp-content\/uploads\/2020\/11\/03-serg-vial-1-150x84.jpg 150w\" sizes=\"auto, (max-width: 800px) 100vw, 800px\" \/><\/figure><\/div>\n\n\n\n<p><br><\/p>\n","protected":false},"excerpt":{"rendered":"<p>El responsable de la Agencia de Seguridad Vial Nacional, Pablo Mart\u00ednez Carignano, se hizo presente en Mercedes con el fin &#8230; <a title=\"Seguridad Vial lanz\u00f3 nueva etapa de campa\u00f1a local\" class=\"read-more\" href=\"https:\/\/www.hoymercedes.com.ar\/principal\/2020\/11\/03\/seguridad-vial-lanzo-nueva-etapa-de-campana-local\/\" aria-label=\"Leer m\u00e1s sobre Seguridad Vial lanz\u00f3 nueva etapa de campa\u00f1a local\">Leer m\u00e1s<\/a><\/p>\n","protected":false},"author":1,"featured_media":119478,"comment_status":"closed","ping_status":"open","sticky":false,"template":"","format":"standard","meta":{"_monsterinsights_skip_tracking":false,"_monsterinsights_sitenote_active":false,"_monsterinsights_sitenote_note":"","_monsterinsights_sitenote_category":0,"jetpack_post_was_ever_published":false,"_jetpack_newsletter_access":"","_jetpack_dont_email_post_to_subs":false,"_jetpack_newsletter_tier_id":0,"_jetpack_memberships_contains_paywalled_content":false,"_jetpack_memberships_contains_paid_content":false,"footnotes":"","jetpack_publicize_message":"","jetpack_publicize_feature_enabled":true,"jetpack_social_post_already_shared":true,"jetpack_social_options":{"image_generator_settings":{"template":"highway","default_image_id":0,"font":"","enabled":false},"version":2},"_wpas_customize_per_network":false},"categories":[30],"tags":[17243,244,626],"class_list":["post-119473","post","type-post","status-publish","format-standard","has-post-thumbnail","hentry","category-municipio","tag-agencia-nacional-de-seguridad-vial","tag-municipio-2","tag-seguridad-vial","generate-columns","tablet-grid-50","mobile-grid-100","grid-parent","grid-50"],"jetpack_publicize_connections":[],"jetpack_featured_media_url":"https:\/\/www.hoymercedes.com.ar\/principal\/wp-content\/uploads\/2020\/11\/03-serg-vial-1.jpg","wps_subtitle":"","jetpack_sharing_enabled":true,"_links":{"self":[{"href":"https:\/\/www.hoymercedes.com.ar\/principal\/wp-json\/wp\/v2\/posts\/119473","targetHints":{"allow":["GET"]}}],"collection":[{"href":"https:\/\/www.hoymercedes.com.ar\/principal\/wp-json\/wp\/v2\/posts"}],"about":[{"href":"https:\/\/www.hoymercedes.com.ar\/principal\/wp-json\/wp\/v2\/types\/post"}],"author":[{"embeddable":true,"href":"https:\/\/www.hoymercedes.com.ar\/principal\/wp-json\/wp\/v2\/users\/1"}],"replies":[{"embeddable":true,"href":"https:\/\/www.hoymercedes.com.ar\/principal\/wp-json\/wp\/v2\/comments?post=119473"}],"version-history":[{"count":0,"href":"https:\/\/www.hoymercedes.com.ar\/principal\/wp-json\/wp\/v2\/posts\/119473\/revisions"}],"wp:featuredmedia":[{"embeddable":true,"href":"https:\/\/www.hoymercedes.com.ar\/principal\/wp-json\/wp\/v2\/media\/119478"}],"wp:attachment":[{"href":"https:\/\/www.hoymercedes.com.ar\/principal\/wp-json\/wp\/v2\/media?parent=119473"}],"wp:term":[{"taxonomy":"category","embeddable":true,"href":"https:\/\/www.hoymercedes.com.ar\/principal\/wp-json\/wp\/v2\/categories?post=119473"},{"taxonomy":"post_tag","embeddable":true,"href":"https:\/\/www.hoymercedes.com.ar\/principal\/wp-json\/wp\/v2\/tags?post=119473"}],"curies":[{"name":"wp","href":"https:\/\/api.w.org\/{rel}","templated":true}]}}