{"id":119491,"date":"2020-11-09T17:00:01","date_gmt":"2020-11-09T20:00:01","guid":{"rendered":"http:\/\/www.hoymercedes.com.ar\/principal\/?p=119491"},"modified":"2020-11-09T17:09:19","modified_gmt":"2020-11-09T20:09:19","slug":"los-fotografos-de-plaza-se-reuniran-en-simultaneo-en-distintas-ciudades","status":"publish","type":"post","link":"https:\/\/www.hoymercedes.com.ar\/principal\/2020\/11\/09\/los-fotografos-de-plaza-se-reuniran-en-simultaneo-en-distintas-ciudades\/","title":{"rendered":"Los Fotografos de plaza se reunir\u00e1n en simult\u00e1neo en distintas ciudades"},"content":{"rendered":"\n<p>Tal como se hab\u00eda anticipado, los fot\u00f3grafos de plaza tendr\u00e1n su encuentro este a\u00f1o con la distancia requerida. Es as\u00ed que el evento ser\u00e1 en un \u00abformato celular\u00bb. Esto es que tanto en Mercedes, desde el predio de La Trocha,  como en otras partes del mundo el 6\u00b0 Encuentro de Fot\u00f3grafos ser\u00e1 en simult\u00e1neo a partir de la hora 15 del s\u00e1bado 14 de noviembre. <\/p>\n\n\n\n<p>\u00abDe esta forma acortamos las distancia y posibilitamos el encuentro f\u00edsico entre los entusiasta mientras estamos activos durante la jornada en modo virtual para quienes no puedan salir ni trasladarse de sus espacios\u00bb, cont\u00f3 Juan Meoniz, uno de los fot\u00f3grafos de plaza de Mercedes, organizadores del evento. <\/p>\n\n\n\n<p>\u00abNo obstante, en Mercedes nos encontraremos en el predio de La Trocha porque hay m\u00e1s espacio para cumplir con el distanciamiento dispuesto por el protocolo. Ah\u00ed estaremos haciendo fotograf\u00edas con las c\u00e1maras minuteras y coordinando el encuentro con los otros fot\u00f3grafos de las otras localidades como C\u00f3rdoba y Tandil. Los minuteros de esas localides se reunir\u00e1n en sus plazas y nos comunicaremos entre todos a lo largo del d\u00eda\u00bb, explic\u00f3 Juan Meoniz.<\/p>\n\n\n\n<p>\u00abLa idea es arrancar simult\u00e1neamente con la distintas c\u00e9lulas, e ir presentando a cada uno. Y cada media hora, m\u00e1s o menos, se pasar\u00e1n reportajes a diferentes protagonistas del mundo minutero. Y como siempre tendremos una charla central, est\u00e1 a\u00f1o dedicada a una se\u00f1ora de Chile, que es tercera generaci\u00f3n de fotograf\u00eda minutera. Se llama Alicia Andrea Campos Callejas. Ella nos contar\u00e1 la historia de su familia con la minutera\u00bb, adelant\u00f3 Meoniz.<\/p>\n\n\n\n<p>Para obtener m\u00e1s detalles del evento cercano a la fecha, se puede consultar el perfil de la comunidad de fot\u00f3grafos minuteros o de plaza en: <a href=\"https:\/\/www.facebook.com\/fotografosdeplaza\" target=\"_blank\" rel=\"noreferrer noopener\">https:\/\/www.facebook.com\/fotografosdeplaza<\/a> <\/p>\n","protected":false},"excerpt":{"rendered":"<p>Tal como se hab\u00eda anticipado, los fot\u00f3grafos de plaza tendr\u00e1n su encuentro este a\u00f1o con la distancia requerida. Es as\u00ed &#8230; <a title=\"Los Fotografos de plaza se reunir\u00e1n en simult\u00e1neo en distintas ciudades\" class=\"read-more\" href=\"https:\/\/www.hoymercedes.com.ar\/principal\/2020\/11\/09\/los-fotografos-de-plaza-se-reuniran-en-simultaneo-en-distintas-ciudades\/\" aria-label=\"Leer m\u00e1s sobre Los Fotografos de plaza se reunir\u00e1n en simult\u00e1neo en distintas ciudades\">Leer m\u00e1s<\/a><\/p>\n","protected":false},"author":5,"featured_media":119831,"comment_status":"closed","ping_status":"open","sticky":false,"template":"","format":"standard","meta":{"_monsterinsights_skip_tracking":false,"_monsterinsights_sitenote_active":false,"_monsterinsights_sitenote_note":"","_monsterinsights_sitenote_category":0,"jetpack_post_was_ever_published":false,"_jetpack_newsletter_access":"","_jetpack_dont_email_post_to_subs":false,"_jetpack_newsletter_tier_id":0,"_jetpack_memberships_contains_paywalled_content":false,"_jetpack_memberships_contains_paid_content":false,"footnotes":"","jetpack_publicize_message":"","jetpack_publicize_feature_enabled":true,"jetpack_social_post_already_shared":true,"jetpack_social_options":{"image_generator_settings":{"template":"highway","default_image_id":0,"font":"","enabled":false},"version":2},"_wpas_customize_per_network":false},"categories":[104],"tags":[7805,16742,17247],"class_list":["post-119491","post","type-post","status-publish","format-standard","has-post-thumbnail","hentry","category-cultura","tag-cultura","tag-encuentro-internacional","tag-fotografo-de-plazas","generate-columns","tablet-grid-50","mobile-grid-100","grid-parent","grid-50"],"jetpack_publicize_connections":[],"jetpack_featured_media_url":"https:\/\/www.hoymercedes.com.ar\/principal\/wp-content\/uploads\/2020\/11\/09-fotogr-plaza.jpg","wps_subtitle":"Para el s\u00e1bado 14","jetpack_sharing_enabled":true,"_links":{"self":[{"href":"https:\/\/www.hoymercedes.com.ar\/principal\/wp-json\/wp\/v2\/posts\/119491","targetHints":{"allow":["GET"]}}],"collection":[{"href":"https:\/\/www.hoymercedes.com.ar\/principal\/wp-json\/wp\/v2\/posts"}],"about":[{"href":"https:\/\/www.hoymercedes.com.ar\/principal\/wp-json\/wp\/v2\/types\/post"}],"author":[{"embeddable":true,"href":"https:\/\/www.hoymercedes.com.ar\/principal\/wp-json\/wp\/v2\/users\/5"}],"replies":[{"embeddable":true,"href":"https:\/\/www.hoymercedes.com.ar\/principal\/wp-json\/wp\/v2\/comments?post=119491"}],"version-history":[{"count":0,"href":"https:\/\/www.hoymercedes.com.ar\/principal\/wp-json\/wp\/v2\/posts\/119491\/revisions"}],"wp:featuredmedia":[{"embeddable":true,"href":"https:\/\/www.hoymercedes.com.ar\/principal\/wp-json\/wp\/v2\/media\/119831"}],"wp:attachment":[{"href":"https:\/\/www.hoymercedes.com.ar\/principal\/wp-json\/wp\/v2\/media?parent=119491"}],"wp:term":[{"taxonomy":"category","embeddable":true,"href":"https:\/\/www.hoymercedes.com.ar\/principal\/wp-json\/wp\/v2\/categories?post=119491"},{"taxonomy":"post_tag","embeddable":true,"href":"https:\/\/www.hoymercedes.com.ar\/principal\/wp-json\/wp\/v2\/tags?post=119491"}],"curies":[{"name":"wp","href":"https:\/\/api.w.org\/{rel}","templated":true}]}}