{"id":119494,"date":"2020-11-04T10:48:47","date_gmt":"2020-11-04T13:48:47","guid":{"rendered":"http:\/\/www.hoymercedes.com.ar\/principal\/?p=119494"},"modified":"2020-11-05T11:56:13","modified_gmt":"2020-11-05T14:56:13","slug":"nueva-reunion-del-comite-de-crisis-que-pasara-a-reunirse-cada-diez-dias","status":"publish","type":"post","link":"https:\/\/www.hoymercedes.com.ar\/principal\/2020\/11\/04\/nueva-reunion-del-comite-de-crisis-que-pasara-a-reunirse-cada-diez-dias\/","title":{"rendered":"Nueva reuni\u00f3n del Comit\u00e9 de Crisis que pasar\u00e1 a reunirse cada diez d\u00edas"},"content":{"rendered":"\n<p>En lo que pasar\u00e1 a ser la \u00faltima reuni\u00f3n semanal del Comit\u00e9 de Crisis de Mercedes, para hacerse desde ahora con una periodicidad de 10 d\u00edas, los integrantes y representantes de distintas instituciones y organismos vinculados al trabajo ante el covid-19 volvieron a hacer un an\u00e1lisis de la situaci\u00f3n en la ciudad y las proyecciones para los d\u00edas venideros. <\/p>\n\n\n\n<div class=\"wp-block-image\"><figure class=\"aligncenter size-large\"><img loading=\"lazy\" decoding=\"async\" width=\"800\" height=\"533\" data-attachment-id=\"119496\" data-permalink=\"https:\/\/www.hoymercedes.com.ar\/principal\/2020\/11\/04\/nueva-reunion-del-comite-de-crisis-que-pasara-a-reunirse-cada-diez-dias\/04-comite-crisisq\/#main\" data-orig-file=\"https:\/\/www.hoymercedes.com.ar\/principal\/wp-content\/uploads\/2020\/11\/04-Comite-crisisq.jpeg\" data-orig-size=\"800,533\" data-comments-opened=\"0\" data-image-meta=\"{&quot;aperture&quot;:&quot;0&quot;,&quot;credit&quot;:&quot;&quot;,&quot;camera&quot;:&quot;&quot;,&quot;caption&quot;:&quot;&quot;,&quot;created_timestamp&quot;:&quot;0&quot;,&quot;copyright&quot;:&quot;&quot;,&quot;focal_length&quot;:&quot;0&quot;,&quot;iso&quot;:&quot;0&quot;,&quot;shutter_speed&quot;:&quot;0&quot;,&quot;title&quot;:&quot;&quot;,&quot;orientation&quot;:&quot;0&quot;}\" data-image-title=\"04 Comit\u00e9 crisisq\" data-image-description=\"\" data-image-caption=\"\" data-large-file=\"https:\/\/www.hoymercedes.com.ar\/principal\/wp-content\/uploads\/2020\/11\/04-Comite-crisisq.jpeg\" src=\"https:\/\/www.hoymercedes.com.ar\/principal\/wp-content\/uploads\/2020\/11\/04-Comite-crisisq.jpeg\" alt=\"\" class=\"wp-image-119496\" srcset=\"https:\/\/www.hoymercedes.com.ar\/principal\/wp-content\/uploads\/2020\/11\/04-Comite-crisisq.jpeg 800w, https:\/\/www.hoymercedes.com.ar\/principal\/wp-content\/uploads\/2020\/11\/04-Comite-crisisq-630x420.jpeg 630w, https:\/\/www.hoymercedes.com.ar\/principal\/wp-content\/uploads\/2020\/11\/04-Comite-crisisq-150x100.jpeg 150w, https:\/\/www.hoymercedes.com.ar\/principal\/wp-content\/uploads\/2020\/11\/04-Comite-crisisq-700x465.jpeg 700w\" sizes=\"auto, (max-width: 800px) 100vw, 800px\" \/><\/figure><\/div>\n\n\n\n<p>\u201cEl virus sigue presente\u201d afirmaron desde el Comit\u00e9. No obstante, se plantearon propuestas para la apertura de espacios culturales y de formaci\u00f3n de manera protocolizada. Algo que continuar\u00eda en an\u00e1lisis. <\/p>\n\n\n\n<p>En el balance e informe dado por el Director del Hospital, el m\u00e9dico Pablo Cassiani, brind\u00f3 detalles del \u201csem\u00e1foro\u201d local y c\u00f3mo se viven los \u00faltimos d\u00edas. Tambi\u00e9n el estado de situaci\u00f3n de las camas de Terapia Intensiva que est\u00e1n actualmente con baja ocupaci\u00f3n con paciente covid y sin el virus. \u00a0\u00abLa tasa de activos baj\u00f3 con lo cual es muy bueno como ciudad y tambi\u00e9n para el Centro de Teleseguimiento\u00bb, afirm\u00f3 el m\u00e9dico. \u00a0<\/p>\n\n\n\n<p>Por su parte, el Dr. Laporta, desde Cl\u00ednica Nueva Cruz Azul destac\u00f3 que pasaron \u201cdos semanas muy complicadas y ahora tenemos una semana m\u00e1s tranquila, nos ha dado un respiro\u201d \u00a0<\/p>\n\n\n\n<p>Con informaci\u00f3n del gobierno nacional y del provincial, el jefe comunal Ustarroz cont\u00f3 algunos detalles respecto a lo que se sabe sobre la vacuna de covid-19 que podr\u00eda eventualmente llegar al pa\u00eds.\u00a0\u00a0Asimismo, explic\u00f3 aspectos sobre la fiesta ilegal del fin de semana y la pena m\u00e1xima que se promover\u00e1 para sus organizadores, oriundos de Capital Federal. \u00a0<\/p>\n\n\n\n<p>La Directora de Cultura Capaccio coment\u00f3 \u00abel excelente desarrollo de las actividades art\u00edsticas en torno a las clases, los profesores, talleristas y alumnos cumpliendo con todos los protocolos, realizados la gran mayor\u00eda en espacios al aire libre municipales\u00bb. No obstante, plante\u00f3 aprobar el uso de espacios internos para algunas clases y el Comit\u00e9 opin\u00f3 que \u00abhay que trabajar en algunas aperturas y devolver ciertas acciones es bueno, como as\u00ed tambi\u00e9n para la salud mental\u00bb. \u00a0Aunque hubo nuevas definiciones<\/p>\n\n\n\n<p><\/p>\n","protected":false},"excerpt":{"rendered":"<p>En lo que pasar\u00e1 a ser la \u00faltima reuni\u00f3n semanal del Comit\u00e9 de Crisis de Mercedes, para hacerse desde ahora &#8230; <a title=\"Nueva reuni\u00f3n del Comit\u00e9 de Crisis que pasar\u00e1 a reunirse cada diez d\u00edas\" class=\"read-more\" href=\"https:\/\/www.hoymercedes.com.ar\/principal\/2020\/11\/04\/nueva-reunion-del-comite-de-crisis-que-pasara-a-reunirse-cada-diez-dias\/\" aria-label=\"Leer m\u00e1s sobre Nueva reuni\u00f3n del Comit\u00e9 de Crisis que pasar\u00e1 a reunirse cada diez d\u00edas\">Leer m\u00e1s<\/a><\/p>\n","protected":false},"author":1,"featured_media":119495,"comment_status":"closed","ping_status":"open","sticky":false,"template":"","format":"standard","meta":{"_monsterinsights_skip_tracking":false,"_monsterinsights_sitenote_active":false,"_monsterinsights_sitenote_note":"","_monsterinsights_sitenote_category":0,"jetpack_post_was_ever_published":false,"_jetpack_newsletter_access":"","_jetpack_dont_email_post_to_subs":false,"_jetpack_newsletter_tier_id":0,"_jetpack_memberships_contains_paywalled_content":false,"_jetpack_memberships_contains_paid_content":false,"footnotes":"","jetpack_publicize_message":"","jetpack_publicize_feature_enabled":true,"jetpack_social_post_already_shared":true,"jetpack_social_options":{"image_generator_settings":{"template":"highway","default_image_id":0,"font":"","enabled":false},"version":2},"_wpas_customize_per_network":false},"categories":[30],"tags":[16345,16175,16313,8684],"class_list":["post-119494","post","type-post","status-publish","format-standard","has-post-thumbnail","hentry","category-municipio","tag-comite-de-crisis","tag-coronavirus","tag-covid-19","tag-reunion","generate-columns","tablet-grid-50","mobile-grid-100","grid-parent","grid-50"],"jetpack_publicize_connections":[],"jetpack_featured_media_url":"https:\/\/www.hoymercedes.com.ar\/principal\/wp-content\/uploads\/2020\/11\/04-Comite-crisis.jpeg","wps_subtitle":"Durante la ma\u00f1ana del mi\u00e9rcoles","jetpack_sharing_enabled":true,"_links":{"self":[{"href":"https:\/\/www.hoymercedes.com.ar\/principal\/wp-json\/wp\/v2\/posts\/119494","targetHints":{"allow":["GET"]}}],"collection":[{"href":"https:\/\/www.hoymercedes.com.ar\/principal\/wp-json\/wp\/v2\/posts"}],"about":[{"href":"https:\/\/www.hoymercedes.com.ar\/principal\/wp-json\/wp\/v2\/types\/post"}],"author":[{"embeddable":true,"href":"https:\/\/www.hoymercedes.com.ar\/principal\/wp-json\/wp\/v2\/users\/1"}],"replies":[{"embeddable":true,"href":"https:\/\/www.hoymercedes.com.ar\/principal\/wp-json\/wp\/v2\/comments?post=119494"}],"version-history":[{"count":0,"href":"https:\/\/www.hoymercedes.com.ar\/principal\/wp-json\/wp\/v2\/posts\/119494\/revisions"}],"wp:featuredmedia":[{"embeddable":true,"href":"https:\/\/www.hoymercedes.com.ar\/principal\/wp-json\/wp\/v2\/media\/119495"}],"wp:attachment":[{"href":"https:\/\/www.hoymercedes.com.ar\/principal\/wp-json\/wp\/v2\/media?parent=119494"}],"wp:term":[{"taxonomy":"category","embeddable":true,"href":"https:\/\/www.hoymercedes.com.ar\/principal\/wp-json\/wp\/v2\/categories?post=119494"},{"taxonomy":"post_tag","embeddable":true,"href":"https:\/\/www.hoymercedes.com.ar\/principal\/wp-json\/wp\/v2\/tags?post=119494"}],"curies":[{"name":"wp","href":"https:\/\/api.w.org\/{rel}","templated":true}]}}