{"id":119514,"date":"2020-11-04T14:20:51","date_gmt":"2020-11-04T17:20:51","guid":{"rendered":"http:\/\/www.hoymercedes.com.ar\/principal\/?p=119514"},"modified":"2020-11-05T11:55:13","modified_gmt":"2020-11-05T14:55:13","slug":"tren-arrolla-auto-a-metros-de-la-estacion-de-gowland","status":"publish","type":"post","link":"https:\/\/www.hoymercedes.com.ar\/principal\/2020\/11\/04\/tren-arrolla-auto-a-metros-de-la-estacion-de-gowland\/","title":{"rendered":"Tren arrolla auto a metros de la estaci\u00f3n de Gowland"},"content":{"rendered":"\n<p>La formaci\u00f3n del tren del ferrocarril Sarmiento que parti\u00f3 pasado el mediod\u00eda de este mi\u00e9rcoles, a metros de llegar a la estaci\u00f3n de la localidad de Gowland colision\u00f3 un veh\u00edculo conducido por una mujer. El auto intent\u00f3 cruzar, de acuerdo a la informaci\u00f3n obtenida desde el lugar, con las barreras bajas. <\/p>\n\n\n\n<p>El tren circulaba a baja velocidad y arrastr\u00f3 el veh\u00edculo pocos metros. La conductora del auto estaba conciente y l\u00facida de lo que hab\u00eda pasado. Tuvo golpes leves, aunque de igual forma fue trasladada al Hospital de Mercedes. <\/p>\n\n\n\n<p>El servicio de Trenes Argentinos se vio reducido hasta Luj\u00e1n desde Moreno, restacleci\u00e9ndose en la formaci\u00f3n siguiente. <\/p>\n\n\n\n<div class=\"wp-block-image\"><figure class=\"aligncenter size-large\"><img loading=\"lazy\" decoding=\"async\" width=\"800\" height=\"533\" data-attachment-id=\"119516\" data-permalink=\"https:\/\/www.hoymercedes.com.ar\/principal\/2020\/11\/04\/tren-arrolla-auto-a-metros-de-la-estacion-de-gowland\/04-tren-gowland\/#main\" data-orig-file=\"https:\/\/www.hoymercedes.com.ar\/principal\/wp-content\/uploads\/2020\/11\/04-tren-gowland.jpeg\" data-orig-size=\"800,533\" data-comments-opened=\"0\" data-image-meta=\"{&quot;aperture&quot;:&quot;0&quot;,&quot;credit&quot;:&quot;&quot;,&quot;camera&quot;:&quot;&quot;,&quot;caption&quot;:&quot;&quot;,&quot;created_timestamp&quot;:&quot;1604498718&quot;,&quot;copyright&quot;:&quot;&quot;,&quot;focal_length&quot;:&quot;0&quot;,&quot;iso&quot;:&quot;0&quot;,&quot;shutter_speed&quot;:&quot;0&quot;,&quot;title&quot;:&quot;&quot;,&quot;orientation&quot;:&quot;1&quot;}\" data-image-title=\"04 tren gowland\" data-image-description=\"\" data-image-caption=\"\" data-large-file=\"https:\/\/www.hoymercedes.com.ar\/principal\/wp-content\/uploads\/2020\/11\/04-tren-gowland.jpeg\" src=\"https:\/\/www.hoymercedes.com.ar\/principal\/wp-content\/uploads\/2020\/11\/04-tren-gowland.jpeg\" alt=\"\" class=\"wp-image-119516\" srcset=\"https:\/\/www.hoymercedes.com.ar\/principal\/wp-content\/uploads\/2020\/11\/04-tren-gowland.jpeg 800w, https:\/\/www.hoymercedes.com.ar\/principal\/wp-content\/uploads\/2020\/11\/04-tren-gowland-630x420.jpeg 630w, https:\/\/www.hoymercedes.com.ar\/principal\/wp-content\/uploads\/2020\/11\/04-tren-gowland-150x100.jpeg 150w, https:\/\/www.hoymercedes.com.ar\/principal\/wp-content\/uploads\/2020\/11\/04-tren-gowland-700x465.jpeg 700w\" sizes=\"auto, (max-width: 800px) 100vw, 800px\" \/><\/figure><\/div>\n","protected":false},"excerpt":{"rendered":"<p>La formaci\u00f3n del tren del ferrocarril Sarmiento que parti\u00f3 pasado el mediod\u00eda de este mi\u00e9rcoles, a metros de llegar a &#8230; <a title=\"Tren arrolla auto a metros de la estaci\u00f3n de Gowland\" class=\"read-more\" href=\"https:\/\/www.hoymercedes.com.ar\/principal\/2020\/11\/04\/tren-arrolla-auto-a-metros-de-la-estacion-de-gowland\/\" aria-label=\"Leer m\u00e1s sobre Tren arrolla auto a metros de la estaci\u00f3n de Gowland\">Leer m\u00e1s<\/a><\/p>\n","protected":false},"author":5,"featured_media":119516,"comment_status":"closed","ping_status":"open","sticky":false,"template":"","format":"standard","meta":{"_monsterinsights_skip_tracking":false,"_monsterinsights_sitenote_active":false,"_monsterinsights_sitenote_note":"","_monsterinsights_sitenote_category":0,"jetpack_post_was_ever_published":false,"_jetpack_newsletter_access":"","_jetpack_dont_email_post_to_subs":false,"_jetpack_newsletter_tier_id":0,"_jetpack_memberships_contains_paywalled_content":false,"_jetpack_memberships_contains_paid_content":false,"footnotes":"","jetpack_publicize_message":"","jetpack_publicize_feature_enabled":true,"jetpack_social_post_already_shared":true,"jetpack_social_options":{"image_generator_settings":{"template":"highway","default_image_id":0,"font":"","enabled":false},"version":2},"_wpas_customize_per_network":false},"categories":[85],"tags":[2313,3260,875,9271],"class_list":["post-119514","post","type-post","status-publish","format-standard","has-post-thumbnail","hentry","category-policial","tag-auto","tag-choque","tag-gowland","tag-tren-sarmiento","generate-columns","tablet-grid-50","mobile-grid-100","grid-parent","grid-50"],"jetpack_publicize_connections":[],"jetpack_featured_media_url":"https:\/\/www.hoymercedes.com.ar\/principal\/wp-content\/uploads\/2020\/11\/04-tren-gowland.jpeg","wps_subtitle":"Al mediod\u00eda del mi\u00e9rcoles","jetpack_sharing_enabled":true,"_links":{"self":[{"href":"https:\/\/www.hoymercedes.com.ar\/principal\/wp-json\/wp\/v2\/posts\/119514","targetHints":{"allow":["GET"]}}],"collection":[{"href":"https:\/\/www.hoymercedes.com.ar\/principal\/wp-json\/wp\/v2\/posts"}],"about":[{"href":"https:\/\/www.hoymercedes.com.ar\/principal\/wp-json\/wp\/v2\/types\/post"}],"author":[{"embeddable":true,"href":"https:\/\/www.hoymercedes.com.ar\/principal\/wp-json\/wp\/v2\/users\/5"}],"replies":[{"embeddable":true,"href":"https:\/\/www.hoymercedes.com.ar\/principal\/wp-json\/wp\/v2\/comments?post=119514"}],"version-history":[{"count":0,"href":"https:\/\/www.hoymercedes.com.ar\/principal\/wp-json\/wp\/v2\/posts\/119514\/revisions"}],"wp:featuredmedia":[{"embeddable":true,"href":"https:\/\/www.hoymercedes.com.ar\/principal\/wp-json\/wp\/v2\/media\/119516"}],"wp:attachment":[{"href":"https:\/\/www.hoymercedes.com.ar\/principal\/wp-json\/wp\/v2\/media?parent=119514"}],"wp:term":[{"taxonomy":"category","embeddable":true,"href":"https:\/\/www.hoymercedes.com.ar\/principal\/wp-json\/wp\/v2\/categories?post=119514"},{"taxonomy":"post_tag","embeddable":true,"href":"https:\/\/www.hoymercedes.com.ar\/principal\/wp-json\/wp\/v2\/tags?post=119514"}],"curies":[{"name":"wp","href":"https:\/\/api.w.org\/{rel}","templated":true}]}}