{"id":119590,"date":"2020-11-05T16:41:47","date_gmt":"2020-11-05T19:41:47","guid":{"rendered":"http:\/\/www.hoymercedes.com.ar\/principal\/?p=119590"},"modified":"2020-11-06T11:54:58","modified_gmt":"2020-11-06T14:54:58","slug":"autorizan-el-dictado-de-clases-y-talleres-en-el-interior","status":"publish","type":"post","link":"https:\/\/www.hoymercedes.com.ar\/principal\/2020\/11\/05\/autorizan-el-dictado-de-clases-y-talleres-en-el-interior\/","title":{"rendered":"Autorizan el dictado de clases y talleres en el interior de los Centros Culturales"},"content":{"rendered":"\n<p>Desde la Direcci\u00f3n de Cultural de la Municipalidad de Mercedes anunciaron que se autoriz\u00f3 el dictado de talleres y clases en el interior de los establecimientos culturales. El protocolo establece que el grupo no podr\u00e1 superar las 10 personas y no m\u00e1s de una persona cada 4 metros cuadrados. Adem\u00e1s del uso del tapabocas-nariz, elementos de higiene y desinfecci\u00f3n permanente, as\u00ed como llevar un registro obligatorio de los participantes. <\/p>\n\n\n\n<p>El protocolo establece: <br>&#8211; Distancia interpersonal m\u00ednima de 2 metros.<br>&#8211; No realizar eventos y\/o reuniones.<br>&#8211; Utilizar medios electr\u00f3nicos para la realizaci\u00f3n de gestiones, tr\u00e1mites, etc.<br>&#8211; Trabajar a distancia, en la medida que sea posible.<br>&#8211; No exceder el 50 % de la capacidad de los espacios.<br>&#8211; No compartir utensilios, incluido el mate.<\/p>\n\n\n\n<p>El protocolo completo se puede ver en la web del Municipio de Mercedes a trav\u00e9s de este link: <a href=\"http:\/\/gobierno.mercedes.gob.ar\/wp-content\/uploads\/2020\/11\/ProtocoloTalleresInteriores.pdf\" target=\"_blank\" rel=\"noreferrer noopener\">http:\/\/gobierno.mercedes.gob.ar\/wp-content\/uploads\/2020\/11\/ProtocoloTalleresInteriores.pdf<\/a><\/p>\n","protected":false},"excerpt":{"rendered":"<p>Desde la Direcci\u00f3n de Cultural de la Municipalidad de Mercedes anunciaron que se autoriz\u00f3 el dictado de talleres y clases &#8230; <a title=\"Autorizan el dictado de clases y talleres en el interior de los Centros Culturales\" class=\"read-more\" href=\"https:\/\/www.hoymercedes.com.ar\/principal\/2020\/11\/05\/autorizan-el-dictado-de-clases-y-talleres-en-el-interior\/\" aria-label=\"Leer m\u00e1s sobre Autorizan el dictado de clases y talleres en el interior de los Centros Culturales\">Leer m\u00e1s<\/a><\/p>\n","protected":false},"author":1,"featured_media":119591,"comment_status":"closed","ping_status":"open","sticky":false,"template":"","format":"standard","meta":{"_monsterinsights_skip_tracking":false,"_monsterinsights_sitenote_active":false,"_monsterinsights_sitenote_note":"","_monsterinsights_sitenote_category":0,"jetpack_post_was_ever_published":false,"_jetpack_newsletter_access":"","_jetpack_dont_email_post_to_subs":false,"_jetpack_newsletter_tier_id":0,"_jetpack_memberships_contains_paywalled_content":false,"_jetpack_memberships_contains_paid_content":false,"footnotes":"","jetpack_publicize_message":"","jetpack_publicize_feature_enabled":true,"jetpack_social_post_already_shared":true,"jetpack_social_options":{"image_generator_settings":{"template":"highway","default_image_id":0,"font":"","enabled":false},"version":2},"_wpas_customize_per_network":false},"categories":[104],"tags":[7160,16819,7805,13442],"class_list":["post-119590","post","type-post","status-publish","format-standard","has-post-thumbnail","hentry","category-cultura","tag-centros-culturales","tag-covid","tag-cultura","tag-protocolo","generate-columns","tablet-grid-50","mobile-grid-100","grid-parent","grid-50"],"jetpack_publicize_connections":[],"jetpack_featured_media_url":"https:\/\/www.hoymercedes.com.ar\/principal\/wp-content\/uploads\/2020\/11\/05-taller-cultural.jpg","wps_subtitle":"En los centros culturales","jetpack_sharing_enabled":true,"_links":{"self":[{"href":"https:\/\/www.hoymercedes.com.ar\/principal\/wp-json\/wp\/v2\/posts\/119590","targetHints":{"allow":["GET"]}}],"collection":[{"href":"https:\/\/www.hoymercedes.com.ar\/principal\/wp-json\/wp\/v2\/posts"}],"about":[{"href":"https:\/\/www.hoymercedes.com.ar\/principal\/wp-json\/wp\/v2\/types\/post"}],"author":[{"embeddable":true,"href":"https:\/\/www.hoymercedes.com.ar\/principal\/wp-json\/wp\/v2\/users\/1"}],"replies":[{"embeddable":true,"href":"https:\/\/www.hoymercedes.com.ar\/principal\/wp-json\/wp\/v2\/comments?post=119590"}],"version-history":[{"count":0,"href":"https:\/\/www.hoymercedes.com.ar\/principal\/wp-json\/wp\/v2\/posts\/119590\/revisions"}],"wp:featuredmedia":[{"embeddable":true,"href":"https:\/\/www.hoymercedes.com.ar\/principal\/wp-json\/wp\/v2\/media\/119591"}],"wp:attachment":[{"href":"https:\/\/www.hoymercedes.com.ar\/principal\/wp-json\/wp\/v2\/media?parent=119590"}],"wp:term":[{"taxonomy":"category","embeddable":true,"href":"https:\/\/www.hoymercedes.com.ar\/principal\/wp-json\/wp\/v2\/categories?post=119590"},{"taxonomy":"post_tag","embeddable":true,"href":"https:\/\/www.hoymercedes.com.ar\/principal\/wp-json\/wp\/v2\/tags?post=119590"}],"curies":[{"name":"wp","href":"https:\/\/api.w.org\/{rel}","templated":true}]}}