{"id":119594,"date":"2020-11-05T19:56:40","date_gmt":"2020-11-05T22:56:40","guid":{"rendered":"http:\/\/www.hoymercedes.com.ar\/principal\/?p=119594"},"modified":"2020-11-06T11:51:31","modified_gmt":"2020-11-06T14:51:31","slug":"otro-cano-de-agua-debio-ser-reparado","status":"publish","type":"post","link":"https:\/\/www.hoymercedes.com.ar\/principal\/2020\/11\/05\/otro-cano-de-agua-debio-ser-reparado\/","title":{"rendered":"Otro ca\u00f1o de agua debi\u00f3 ser reparado"},"content":{"rendered":"\n<p>El \u00e1rea de obras sanitarias de Servicios P\u00fablicos Municipal debi\u00f3 reparar el ca\u00f1o maestro de agua ubicado en calle 15 entre las calles 52 y 54. El subsecretario de Obras P\u00fablicas, Lu\u00eds Ponce, presente en el lugar, manifest\u00f3 \u201cluego de un llamado de un vecino al 147, un equipo de aguas corrientes se hizo presente, mismo que descubri\u00f3 esta gran p\u00e9rdida\u201d y agreg\u00f3 \u201cpara realizar la reparaci\u00f3n no tuvimos que cortar el suministro de agua, con lo cual, intentamos producir la menor cantidad de molestias posibles a los vecinos\u201d.<\/p>\n\n\n\n<div class=\"wp-block-image\"><figure class=\"aligncenter size-large\"><img loading=\"lazy\" decoding=\"async\" width=\"800\" height=\"533\" data-attachment-id=\"119595\" data-permalink=\"https:\/\/www.hoymercedes.com.ar\/principal\/2020\/11\/05\/otro-cano-de-agua-debio-ser-reparado\/800-1\/#main\" data-orig-file=\"https:\/\/www.hoymercedes.com.ar\/principal\/wp-content\/uploads\/2020\/11\/800-1.jpeg\" data-orig-size=\"800,533\" data-comments-opened=\"0\" data-image-meta=\"{&quot;aperture&quot;:&quot;0&quot;,&quot;credit&quot;:&quot;&quot;,&quot;camera&quot;:&quot;&quot;,&quot;caption&quot;:&quot;&quot;,&quot;created_timestamp&quot;:&quot;1604602722&quot;,&quot;copyright&quot;:&quot;&quot;,&quot;focal_length&quot;:&quot;0&quot;,&quot;iso&quot;:&quot;0&quot;,&quot;shutter_speed&quot;:&quot;0&quot;,&quot;title&quot;:&quot;&quot;,&quot;orientation&quot;:&quot;1&quot;}\" data-image-title=\"800 (1)\" data-image-description=\"\" data-image-caption=\"\" data-large-file=\"https:\/\/www.hoymercedes.com.ar\/principal\/wp-content\/uploads\/2020\/11\/800-1.jpeg\" src=\"https:\/\/www.hoymercedes.com.ar\/principal\/wp-content\/uploads\/2020\/11\/800-1.jpeg\" alt=\"\" class=\"wp-image-119595\" srcset=\"https:\/\/www.hoymercedes.com.ar\/principal\/wp-content\/uploads\/2020\/11\/800-1.jpeg 800w, https:\/\/www.hoymercedes.com.ar\/principal\/wp-content\/uploads\/2020\/11\/800-1-630x420.jpeg 630w, https:\/\/www.hoymercedes.com.ar\/principal\/wp-content\/uploads\/2020\/11\/800-1-150x100.jpeg 150w, https:\/\/www.hoymercedes.com.ar\/principal\/wp-content\/uploads\/2020\/11\/800-1-700x465.jpeg 700w\" sizes=\"auto, (max-width: 800px) 100vw, 800px\" \/><\/figure><\/div>\n\n\n\n<p>\u201cVenimos trabajando constantemente en todo lo que tiene que ver con reparaci\u00f3n y mejoramiento del servicio en la ciudad, es as\u00ed como venimos identificando los problemas y avanzamos en la recuperaci\u00f3n y reparaci\u00f3n de los ca\u00f1os\u201d asegur\u00f3 Ponce.<\/p>\n\n\n\n<p>Por otro lado, el subsecretario expres\u00f3 \u201ces importante para nosotros y para la ciudad, el gran empuje y colaboraci\u00f3n que estamos recibiendo, tanto por parte del Gobierno Nacional como Provincial\u201d y en este sentido apunt\u00f3 \u201chace poco el intendente Ustarroz junto al Ente Nacional de Obras H\u00eddricas de Saneamiento (ENOHSA) firmaron un convenio que nos permite la construcci\u00f3n de dos bombas, y los pozos correspondientes, con los cuales creemos que llegaremos al verano con mayor caudal de agua y m\u00e1s presi\u00f3n\u201d.<\/p>\n\n\n\n<p>\u201cAdem\u00e1s, se est\u00e1n haciendo dos conexiones nuevas, todo con mano de obra municipal\u201d cont\u00f3 Ponce y subray\u00f3 \u201cesto, claramente, significan avances importantes para Mercedes que nos permiten seguir construyendo y planificando una ciudad para todos\u201d.\u00a0<\/p>\n\n\n\n<p>Fuente: Prensa Municipal<\/p>\n","protected":false},"excerpt":{"rendered":"<p>El \u00e1rea de obras sanitarias de Servicios P\u00fablicos Municipal debi\u00f3 reparar el ca\u00f1o maestro de agua ubicado en calle 15 &#8230; <a title=\"Otro ca\u00f1o de agua debi\u00f3 ser reparado\" class=\"read-more\" href=\"https:\/\/www.hoymercedes.com.ar\/principal\/2020\/11\/05\/otro-cano-de-agua-debio-ser-reparado\/\" aria-label=\"Leer m\u00e1s sobre Otro ca\u00f1o de agua debi\u00f3 ser reparado\">Leer m\u00e1s<\/a><\/p>\n","protected":false},"author":1,"featured_media":119595,"comment_status":"closed","ping_status":"open","sticky":false,"template":"","format":"standard","meta":{"_monsterinsights_skip_tracking":false,"_monsterinsights_sitenote_active":false,"_monsterinsights_sitenote_note":"","_monsterinsights_sitenote_category":0,"jetpack_post_was_ever_published":false,"_jetpack_newsletter_access":"","_jetpack_dont_email_post_to_subs":false,"_jetpack_newsletter_tier_id":0,"_jetpack_memberships_contains_paywalled_content":false,"_jetpack_memberships_contains_paid_content":false,"footnotes":"","jetpack_publicize_message":"","jetpack_publicize_feature_enabled":true,"jetpack_social_post_already_shared":true,"jetpack_social_options":{"image_generator_settings":{"template":"highway","default_image_id":0,"font":"","enabled":false},"version":2},"_wpas_customize_per_network":false},"categories":[30],"tags":[17251,244,5947],"class_list":["post-119594","post","type-post","status-publish","format-standard","has-post-thumbnail","hentry","category-municipio","tag-cano-de-agua","tag-municipio-2","tag-obras-publicas","generate-columns","tablet-grid-50","mobile-grid-100","grid-parent","grid-50"],"jetpack_publicize_connections":[],"jetpack_featured_media_url":"https:\/\/www.hoymercedes.com.ar\/principal\/wp-content\/uploads\/2020\/11\/800-1.jpeg","wps_subtitle":"Obras p\u00fablicas","jetpack_sharing_enabled":true,"_links":{"self":[{"href":"https:\/\/www.hoymercedes.com.ar\/principal\/wp-json\/wp\/v2\/posts\/119594","targetHints":{"allow":["GET"]}}],"collection":[{"href":"https:\/\/www.hoymercedes.com.ar\/principal\/wp-json\/wp\/v2\/posts"}],"about":[{"href":"https:\/\/www.hoymercedes.com.ar\/principal\/wp-json\/wp\/v2\/types\/post"}],"author":[{"embeddable":true,"href":"https:\/\/www.hoymercedes.com.ar\/principal\/wp-json\/wp\/v2\/users\/1"}],"replies":[{"embeddable":true,"href":"https:\/\/www.hoymercedes.com.ar\/principal\/wp-json\/wp\/v2\/comments?post=119594"}],"version-history":[{"count":0,"href":"https:\/\/www.hoymercedes.com.ar\/principal\/wp-json\/wp\/v2\/posts\/119594\/revisions"}],"wp:featuredmedia":[{"embeddable":true,"href":"https:\/\/www.hoymercedes.com.ar\/principal\/wp-json\/wp\/v2\/media\/119595"}],"wp:attachment":[{"href":"https:\/\/www.hoymercedes.com.ar\/principal\/wp-json\/wp\/v2\/media?parent=119594"}],"wp:term":[{"taxonomy":"category","embeddable":true,"href":"https:\/\/www.hoymercedes.com.ar\/principal\/wp-json\/wp\/v2\/categories?post=119594"},{"taxonomy":"post_tag","embeddable":true,"href":"https:\/\/www.hoymercedes.com.ar\/principal\/wp-json\/wp\/v2\/tags?post=119594"}],"curies":[{"name":"wp","href":"https:\/\/api.w.org\/{rel}","templated":true}]}}