{"id":119628,"date":"2020-11-06T18:35:27","date_gmt":"2020-11-06T21:35:27","guid":{"rendered":"http:\/\/www.hoymercedes.com.ar\/principal\/?p=119628"},"modified":"2020-11-06T18:38:26","modified_gmt":"2020-11-06T21:38:26","slug":"tercer-ascenso-consecutivo-para-el-equipo-mercedino-en-chesscovid","status":"publish","type":"post","link":"https:\/\/www.hoymercedes.com.ar\/principal\/2020\/11\/06\/tercer-ascenso-consecutivo-para-el-equipo-mercedino-en-chesscovid\/","title":{"rendered":"Tercer ascenso consecutivo para el equipo mercedino en Chesscovid"},"content":{"rendered":"\n<p>Esta semana transcurri\u00f3 una nueva jornada en la Liga Nacional de Ajedrez Chesscovid, la cual se juega cada mi\u00e9rcoles. <\/p>\n\n\n\n<p>Por el grupo J participaron los siguientes 10 equipos. Lujan-Mercedes-San Antonio de Areco,\u00a0 Liga Austral Ushuaia Jaque Mate Argentina, Pabell\u00f3n (Marcos Paz), Escuela de Talentos (San Luis), Liga Club Ajedrez Obera (Misiones), Universidad Siglo 21, Ezeiza, Sociedad Italiana de Remedios de Escalada (Buenos Aires), Club de Ajedrez de Quilmes, Chess 25 (La Plata)<\/p>\n\n\n\n<div class=\"wp-block-image\"><figure class=\"aligncenter size-large\"><img loading=\"lazy\" decoding=\"async\" width=\"540\" height=\"540\" data-attachment-id=\"119629\" data-permalink=\"https:\/\/www.hoymercedes.com.ar\/principal\/2020\/11\/06\/tercer-ascenso-consecutivo-para-el-equipo-mercedino-en-chesscovid\/fran-viola-ajedrez\/#main\" data-orig-file=\"https:\/\/www.hoymercedes.com.ar\/principal\/wp-content\/uploads\/2020\/11\/Fran-Viola-Ajedrez.jpg\" data-orig-size=\"540,540\" data-comments-opened=\"0\" data-image-meta=\"{&quot;aperture&quot;:&quot;0&quot;,&quot;credit&quot;:&quot;&quot;,&quot;camera&quot;:&quot;&quot;,&quot;caption&quot;:&quot;&quot;,&quot;created_timestamp&quot;:&quot;0&quot;,&quot;copyright&quot;:&quot;&quot;,&quot;focal_length&quot;:&quot;0&quot;,&quot;iso&quot;:&quot;0&quot;,&quot;shutter_speed&quot;:&quot;0&quot;,&quot;title&quot;:&quot;&quot;,&quot;orientation&quot;:&quot;0&quot;}\" data-image-title=\"Fran-Viola-Ajedrez\" data-image-description=\"\" data-image-caption=\"\" data-large-file=\"https:\/\/www.hoymercedes.com.ar\/principal\/wp-content\/uploads\/2020\/11\/Fran-Viola-Ajedrez.jpg\" src=\"https:\/\/www.hoymercedes.com.ar\/principal\/wp-content\/uploads\/2020\/11\/Fran-Viola-Ajedrez.jpg\" alt=\"\" class=\"wp-image-119629\" srcset=\"https:\/\/www.hoymercedes.com.ar\/principal\/wp-content\/uploads\/2020\/11\/Fran-Viola-Ajedrez.jpg 540w, https:\/\/www.hoymercedes.com.ar\/principal\/wp-content\/uploads\/2020\/11\/Fran-Viola-Ajedrez-150x150.jpg 150w\" sizes=\"auto, (max-width: 540px) 100vw, 540px\" \/><\/figure><\/div>\n\n\n\n<p>El equipo Zonal de Lujan-Mercedes-San Antonio de Areco finaliz\u00f3 en el primer puesto con 211 puntos, el segundo puesto fue para Chess 25 con 166 puntosy el tercer puesto fue para el Club de Ajedrez de Quilmes con 162 puntos (los tres obtuvieron el ascenso al grupo I).<\/p>\n\n\n\n<p>Destacamos que el equipo zonal de Lujan-Mercedes-San Antonio de Areco consigui\u00f3 su tercer campeonato y ascenso consecutivo desde su incorporaci\u00f3n a la liga. El equipo estuvo integrado por Maximiliano Roman 60 puntos (Lujan), JoaquinGimenez 36 puntos (Lujan), Jorge Fern\u00e1ndez 32 puntos (Mercedes), Eduardo Pietrafesa 25 puntos (Mercedes), RubenGaraglia 20 puntos (San Andr\u00e9s de Giles), Javier Morasso 18 puntos (Mercedes) Enzo Canali 18 puntos (San Antonio de Areco), Jonathan Toledo 18 puntos (San Antonio de Areco), JosePellati 14 puntos\u00a0 (San Andr\u00e9s de Giles), Emanuel Cormillot 8 puntos (Carmen de Areco).<\/p>\n\n\n\n<p>Por el grupo A de la misma liga formaron parte los siguientes 10 equipos. Circulo de Ajedrez de Escobar (Buenos Aires), Olavarr\u00edaTeam, UNSE (Universidad Nacional de Santiago del Estero), Parque Rivadavia (CABA), Circulo Juninense de Ajedrez (Buenos Aires), Sociedad Italiana de Merlo Team, Club Argentino de Ajedrez Oficial (CABA), Coronel Pringles Uni\u00f3n de Empleados de Comercio, GuillonChess, Ajedrez Moreno.<\/p>\n\n\n\n<p>El Circulo de Ajedrez de Escobar finalizo en el octavo puesto con 134 unidades logrando mantenerse en la m\u00e1xima categor\u00eda a la cual ascendi\u00f3 la fecha pasada. El ganador del grupo fue Ajedrez Moreno con 251 unidades, el segundo puesto fue para GuillonChess con 183 unidades, y el tercer puesto fue para Coronel Pringles Uni\u00f3n de Empleados de Comercio con 180 unidadescompletando el podio.<\/p>\n\n\n\n<p>Los mercedinos Mart\u00edn Gioscio y Francisco Viola integraron el equipo del C\u00edrculo de Escobar sumando 14 y 7 puntos respectivamente.<\/p>\n","protected":false},"excerpt":{"rendered":"<p>Esta semana transcurri\u00f3 una nueva jornada en la Liga Nacional de Ajedrez Chesscovid, la cual se juega cada mi\u00e9rcoles. Por &#8230; <a title=\"Tercer ascenso consecutivo para el equipo mercedino en Chesscovid\" class=\"read-more\" href=\"https:\/\/www.hoymercedes.com.ar\/principal\/2020\/11\/06\/tercer-ascenso-consecutivo-para-el-equipo-mercedino-en-chesscovid\/\" aria-label=\"Leer m\u00e1s sobre Tercer ascenso consecutivo para el equipo mercedino en Chesscovid\">Leer m\u00e1s<\/a><\/p>\n","protected":false},"author":1,"featured_media":119629,"comment_status":"closed","ping_status":"open","sticky":false,"template":"","format":"standard","meta":{"_monsterinsights_skip_tracking":false,"_monsterinsights_sitenote_active":false,"_monsterinsights_sitenote_note":"","_monsterinsights_sitenote_category":0,"jetpack_post_was_ever_published":false,"_jetpack_newsletter_access":"","_jetpack_dont_email_post_to_subs":false,"_jetpack_newsletter_tier_id":0,"_jetpack_memberships_contains_paywalled_content":false,"_jetpack_memberships_contains_paid_content":false,"footnotes":"","jetpack_publicize_message":"","jetpack_publicize_feature_enabled":true,"jetpack_social_post_already_shared":true,"jetpack_social_options":{"image_generator_settings":{"template":"highway","default_image_id":0,"font":"","enabled":false},"version":2},"_wpas_customize_per_network":false},"categories":[21],"tags":[9871,16907],"class_list":["post-119628","post","type-post","status-publish","format-standard","has-post-thumbnail","hentry","category-deportes","tag-ajedrez","tag-circulo-de-escobar","generate-columns","tablet-grid-50","mobile-grid-100","grid-parent","grid-50"],"jetpack_publicize_connections":[],"jetpack_featured_media_url":"https:\/\/www.hoymercedes.com.ar\/principal\/wp-content\/uploads\/2020\/11\/Fran-Viola-Ajedrez.jpg","wps_subtitle":"Ajedrez","jetpack_sharing_enabled":true,"jetpack-related-posts":[{"id":120014,"url":"https:\/\/www.hoymercedes.com.ar\/principal\/2020\/11\/12\/en-chesscovid-el-equipo-mercedino-volvio-a-ascender-mientras-que-viola-y-gioscio-siguen-en-la-a\/","url_meta":{"origin":119628,"position":0},"title":"En Chesscovid, el equipo mercedino volvi\u00f3 a ascender, mientras que Viola y Gioscio siguen en la A","author":"hoymercedes","date":"12 noviembre, 2020","format":false,"excerpt":"Este mi\u00e9rcoles 11 se disput\u00f3 una fecha m\u00e1s de la Liga Nacional de Ajedrez Chesscovid en la cual por el grupo I participaron los siguientes 10 conjuntos. Lujan-Mercedes-Areco (equipo zonal), Alumnos del instituto Cultural Roca de la Secundaria de Hurlingham, Asociaci\u00f3n Riocuartense de Ajedrez- Club Online (Cordoba), Club de Ajedrez\u2026","rel":"","context":"En \u00abDeportes\u00bb","block_context":{"text":"Deportes","link":"https:\/\/www.hoymercedes.com.ar\/principal\/category\/deportes\/"},"img":{"alt_text":"","src":"https:\/\/i0.wp.com\/www.hoymercedes.com.ar\/principal\/wp-content\/uploads\/2020\/11\/Martin-Gioscio.jpg?resize=350%2C200&ssl=1","width":350,"height":200,"srcset":"https:\/\/i0.wp.com\/www.hoymercedes.com.ar\/principal\/wp-content\/uploads\/2020\/11\/Martin-Gioscio.jpg?resize=350%2C200&ssl=1 1x, https:\/\/i0.wp.com\/www.hoymercedes.com.ar\/principal\/wp-content\/uploads\/2020\/11\/Martin-Gioscio.jpg?resize=525%2C300&ssl=1 1.5x, https:\/\/i0.wp.com\/www.hoymercedes.com.ar\/principal\/wp-content\/uploads\/2020\/11\/Martin-Gioscio.jpg?resize=700%2C400&ssl=1 2x"},"classes":[]},{"id":119378,"url":"https:\/\/www.hoymercedes.com.ar\/principal\/2020\/11\/02\/doble-ascenso-para-los-mercedinos-en-la-liga-chesscovid\/","url_meta":{"origin":119628,"position":1},"title":"Doble ascenso para los mercedinos en la Liga Chesscovid","author":"hoymercedes","date":"2 noviembre, 2020","format":false,"excerpt":"El mi\u00e9rcoles 28 se disput\u00f3 una fecha m\u00e1s correspondiente a la Liga Nacional de Ajedrez Chesscovid. Por el grupo K participaron los siguientes 9 equipos: Lujan-Mercedes-San Antonio de Areco (equipo zonal formado por ajedrecistas de los municipios mencionados y otros), Club de Ajedrez de Bernal (Buenos Aires), Rojas (Buenos Aires),\u2026","rel":"","context":"En \u00abDeportes\u00bb","block_context":{"text":"Deportes","link":"https:\/\/www.hoymercedes.com.ar\/principal\/category\/deportes\/"},"img":{"alt_text":"","src":"https:\/\/i0.wp.com\/www.hoymercedes.com.ar\/principal\/wp-content\/uploads\/2020\/11\/Eduardo-Pietrafesa-Ajedrez.jpg?resize=350%2C200&ssl=1","width":350,"height":200,"srcset":"https:\/\/i0.wp.com\/www.hoymercedes.com.ar\/principal\/wp-content\/uploads\/2020\/11\/Eduardo-Pietrafesa-Ajedrez.jpg?resize=350%2C200&ssl=1 1x, https:\/\/i0.wp.com\/www.hoymercedes.com.ar\/principal\/wp-content\/uploads\/2020\/11\/Eduardo-Pietrafesa-Ajedrez.jpg?resize=525%2C300&ssl=1 1.5x, https:\/\/i0.wp.com\/www.hoymercedes.com.ar\/principal\/wp-content\/uploads\/2020\/11\/Eduardo-Pietrafesa-Ajedrez.jpg?resize=700%2C400&ssl=1 2x"},"classes":[]},{"id":119181,"url":"https:\/\/www.hoymercedes.com.ar\/principal\/2020\/10\/29\/todos-los-mercedinos-lograron-ascender-en-la-liga-chesscovid\/","url_meta":{"origin":119628,"position":2},"title":"Todos los mercedinos lograron ascender en la Liga Chesscovid","author":"hoymercedes","date":"29 octubre, 2020","format":false,"excerpt":"Este mi\u00e9rcoles 28 de octubre se disput\u00f3 una fecha m\u00e1s correspondiente a la Liga Nacional de Ajedrez Chesscovid. Los equipos integrados por mercedinos tuvieron una gran actuaci\u00f3n, logrando ambos ascender. Por el grupo K participaron los siguientes 9 equipos: Lujan-Mercedes-San Antonio de Areco (equipo zonal formado por ajedrecistas de los\u2026","rel":"","context":"En \u00abDeportes\u00bb","block_context":{"text":"Deportes","link":"https:\/\/www.hoymercedes.com.ar\/principal\/category\/deportes\/"},"img":{"alt_text":"","src":"https:\/\/i0.wp.com\/www.hoymercedes.com.ar\/principal\/wp-content\/uploads\/2020\/10\/Eduardo-Pietrafesa.jpg?resize=350%2C200&ssl=1","width":350,"height":200,"srcset":"https:\/\/i0.wp.com\/www.hoymercedes.com.ar\/principal\/wp-content\/uploads\/2020\/10\/Eduardo-Pietrafesa.jpg?resize=350%2C200&ssl=1 1x, https:\/\/i0.wp.com\/www.hoymercedes.com.ar\/principal\/wp-content\/uploads\/2020\/10\/Eduardo-Pietrafesa.jpg?resize=525%2C300&ssl=1 1.5x, https:\/\/i0.wp.com\/www.hoymercedes.com.ar\/principal\/wp-content\/uploads\/2020\/10\/Eduardo-Pietrafesa.jpg?resize=700%2C400&ssl=1 2x"},"classes":[]},{"id":146293,"url":"https:\/\/www.hoymercedes.com.ar\/principal\/2022\/04\/04\/ajedrez-segundo-puesto-para-francisco-viola\/","url_meta":{"origin":119628,"position":3},"title":"Ajedrez: Segundo puesto para Francisco Viola\u00a0","author":"hoymercedes","date":"4 abril, 2022","format":false,"excerpt":"El pasado domingo se jug\u00f3 la segunda etapa del circuito de ajedrez r\u00e1pido de oto\u00f1o online organizado por el Licenciado Marcelo Re.\u00a0El mismo se desarroll\u00f3 mediante el sistema suizo a 7 rondas y el ritmo de las partidas fue de 7+3 (siete minutos m\u00e1s tres segundos de incremento por jugada)\u00a0\u2026","rel":"","context":"En \u00abDeportes\u00bb","block_context":{"text":"Deportes","link":"https:\/\/www.hoymercedes.com.ar\/principal\/category\/deportes\/"},"img":{"alt_text":"","src":"https:\/\/i0.wp.com\/www.hoymercedes.com.ar\/principal\/wp-content\/uploads\/2022\/04\/ajedrez.jpeg?resize=350%2C200&ssl=1","width":350,"height":200,"srcset":"https:\/\/i0.wp.com\/www.hoymercedes.com.ar\/principal\/wp-content\/uploads\/2022\/04\/ajedrez.jpeg?resize=350%2C200&ssl=1 1x, https:\/\/i0.wp.com\/www.hoymercedes.com.ar\/principal\/wp-content\/uploads\/2022\/04\/ajedrez.jpeg?resize=525%2C300&ssl=1 1.5x, https:\/\/i0.wp.com\/www.hoymercedes.com.ar\/principal\/wp-content\/uploads\/2022\/04\/ajedrez.jpeg?resize=700%2C400&ssl=1 2x"},"classes":[]},{"id":116717,"url":"https:\/\/www.hoymercedes.com.ar\/principal\/2020\/09\/17\/viola-y-gioscio-sumaron-una-semana-mas-en-el-grupo-c-de-chesscovid\/","url_meta":{"origin":119628,"position":4},"title":"Viola y Gioscio sumaron una semana m\u00e1s en el Grupo C de Chesscovid","author":"hoymercedes","date":"17 septiembre, 2020","format":false,"excerpt":"Este mi\u00e9rcoles 16 se disput\u00f3 una nueva fecha de la liga nacional de ajedrez Chesscovid en la cual participan 120 equipos del pa\u00eds distribuidos en 12 grupos de 10 equipos cada uno. El Circulo de Ajedrez de Escobar volvi\u00f3 hacerse presente en el grupo C. Acompa\u00f1aron a este los equipos\u2026","rel":"","context":"En \u00abDeportes\u00bb","block_context":{"text":"Deportes","link":"https:\/\/www.hoymercedes.com.ar\/principal\/category\/deportes\/"},"img":{"alt_text":"","src":"https:\/\/i0.wp.com\/www.hoymercedes.com.ar\/principal\/wp-content\/uploads\/2020\/09\/Ajedrez-1-1.jpg?resize=350%2C200&ssl=1","width":350,"height":200,"srcset":"https:\/\/i0.wp.com\/www.hoymercedes.com.ar\/principal\/wp-content\/uploads\/2020\/09\/Ajedrez-1-1.jpg?resize=350%2C200&ssl=1 1x, https:\/\/i0.wp.com\/www.hoymercedes.com.ar\/principal\/wp-content\/uploads\/2020\/09\/Ajedrez-1-1.jpg?resize=525%2C300&ssl=1 1.5x, https:\/\/i0.wp.com\/www.hoymercedes.com.ar\/principal\/wp-content\/uploads\/2020\/09\/Ajedrez-1-1.jpg?resize=700%2C400&ssl=1 2x, https:\/\/i0.wp.com\/www.hoymercedes.com.ar\/principal\/wp-content\/uploads\/2020\/09\/Ajedrez-1-1.jpg?resize=1050%2C600&ssl=1 3x, https:\/\/i0.wp.com\/www.hoymercedes.com.ar\/principal\/wp-content\/uploads\/2020\/09\/Ajedrez-1-1.jpg?resize=1400%2C800&ssl=1 4x"},"classes":[]},{"id":114224,"url":"https:\/\/www.hoymercedes.com.ar\/principal\/2020\/07\/28\/francisco-viola-y-martin-gioscio-son-parte-del-torneo-de-ajedrez-chesscovid\/","url_meta":{"origin":119628,"position":5},"title":"Francisco Viola y Mart\u00edn Gioscio son parte del torneo de ajedrez Chesscovid","author":"hoymercedes","date":"28 julio, 2020","format":false,"excerpt":"Los ajedrecistas mercedinos Francisco Viola y Mart\u00edn Gioscio est\u00e1n disputando el torneo Chesscovid Juan Bautista Alberdi, certamen que lo disputan m\u00e1s de 50 clubes de todo el pa\u00eds, rankeados en ocho grupos de 9 equipos cada uno. En cada uno de ellos, los primeros tres ascienden, el cuarto, quinto y\u2026","rel":"","context":"En \u00abDeportes\u00bb","block_context":{"text":"Deportes","link":"https:\/\/www.hoymercedes.com.ar\/principal\/category\/deportes\/"},"img":{"alt_text":"","src":"https:\/\/i0.wp.com\/www.hoymercedes.com.ar\/principal\/wp-content\/uploads\/2020\/07\/Francisco-Viola-Martin-Gioscio-Cuenca-del-Salado-1.jpg?resize=350%2C200&ssl=1","width":350,"height":200,"srcset":"https:\/\/i0.wp.com\/www.hoymercedes.com.ar\/principal\/wp-content\/uploads\/2020\/07\/Francisco-Viola-Martin-Gioscio-Cuenca-del-Salado-1.jpg?resize=350%2C200&ssl=1 1x, https:\/\/i0.wp.com\/www.hoymercedes.com.ar\/principal\/wp-content\/uploads\/2020\/07\/Francisco-Viola-Martin-Gioscio-Cuenca-del-Salado-1.jpg?resize=525%2C300&ssl=1 1.5x, https:\/\/i0.wp.com\/www.hoymercedes.com.ar\/principal\/wp-content\/uploads\/2020\/07\/Francisco-Viola-Martin-Gioscio-Cuenca-del-Salado-1.jpg?resize=700%2C400&ssl=1 2x"},"classes":[]}],"_links":{"self":[{"href":"https:\/\/www.hoymercedes.com.ar\/principal\/wp-json\/wp\/v2\/posts\/119628","targetHints":{"allow":["GET"]}}],"collection":[{"href":"https:\/\/www.hoymercedes.com.ar\/principal\/wp-json\/wp\/v2\/posts"}],"about":[{"href":"https:\/\/www.hoymercedes.com.ar\/principal\/wp-json\/wp\/v2\/types\/post"}],"author":[{"embeddable":true,"href":"https:\/\/www.hoymercedes.com.ar\/principal\/wp-json\/wp\/v2\/users\/1"}],"replies":[{"embeddable":true,"href":"https:\/\/www.hoymercedes.com.ar\/principal\/wp-json\/wp\/v2\/comments?post=119628"}],"version-history":[{"count":0,"href":"https:\/\/www.hoymercedes.com.ar\/principal\/wp-json\/wp\/v2\/posts\/119628\/revisions"}],"wp:featuredmedia":[{"embeddable":true,"href":"https:\/\/www.hoymercedes.com.ar\/principal\/wp-json\/wp\/v2\/media\/119629"}],"wp:attachment":[{"href":"https:\/\/www.hoymercedes.com.ar\/principal\/wp-json\/wp\/v2\/media?parent=119628"}],"wp:term":[{"taxonomy":"category","embeddable":true,"href":"https:\/\/www.hoymercedes.com.ar\/principal\/wp-json\/wp\/v2\/categories?post=119628"},{"taxonomy":"post_tag","embeddable":true,"href":"https:\/\/www.hoymercedes.com.ar\/principal\/wp-json\/wp\/v2\/tags?post=119628"}],"curies":[{"name":"wp","href":"https:\/\/api.w.org\/{rel}","templated":true}]}}